{"id":9957,"date":"2024-12-02T16:21:14","date_gmt":"2024-12-02T15:21:14","guid":{"rendered":"https:\/\/www.slavkocuruvijafondacija.rs\/?p=9957"},"modified":"2024-12-02T16:21:14","modified_gmt":"2024-12-02T15:21:14","slug":"serbian-president-vucic-harshly-insults-rtv-serbia-and-critics-of-the-regime-in-primetime-public-service-news-broadcast","status":"publish","type":"post","link":"https:\/\/www.slavkocuruvijafondacija.rs\/en\/serbian-president-vucic-harshly-insults-rtv-serbia-and-critics-of-the-regime-in-primetime-public-service-news-broadcast\/","title":{"rendered":"Serbian President Vu\u010di\u0107 harshly insults RTV Serbia and critics of the regime in primetime public service news broadcast"},"content":{"rendered":"<p>December 2, 2024<\/p>\n<hr \/>\n<h2>Disgruntled over seeing reports of protests organised by the opposition at the start of the Radio Television of Serbia (RTS) primetime news bulletin in which he appeared as a guest, Serbian President Aleksandar Vu\u010di\u0107 harshly insulted the public information service broadcast.<\/h2>\n<p>People are taking to the streets across Serbia in protest following the tragedy that struck Novi Sad and resulted in 15 deaths at the city\u2019s main train station. Both citizens and the opposition claim that the tragedy occurred due to corruption and expect the prosecution service to arrest those considered responsible.<\/p>\n<p>Vu\u010di\u0107 accused the public service broadcaster of pressuring the prosecution service into investigating this accident, after which he accused RTS, without citing any evidence, of conducting a witch-hunt against the government, of deceiving the public, of being \u201cmore rotten\u201d than television stations N1 and Nova S. He dubbed the owner of these two independent television stations, who lives in Switzerland and has works across Europe, of being a \u201ccriminal of the white world\u201d.<\/p>\n<p>The Serbian President called those protesting the demolition of a bridge in Belgrade \u201clunatics\u201d, while branding the university professors who criticise him \u201cblackmailers\u201d.<\/p>\n<p>He issued serious slurs against his political opponents, whom he dubbed drug addicts, thieves and lunatics. The RTS journalist conducting the interview with him didn\u2019t respond to these serious accusations.<\/p>\n<p>Attempts to prevent the protests taking place nationwide across Serbia have been organised by supporters of the government, among them criminals and football supporters\u2019 groups known for violence. Several incidents have also seen journalists of independent media outlets attacked physically.<\/p>\n","protected":false},"excerpt":{"rendered":"<p>December 2, 2024 Disgruntled over seeing reports of protests organised by the opposition at the start of the Radio Television of Serbia (RTS) primetime news bulletin in which he appeared as a guest, Serbian President Aleksandar Vu\u010di\u0107 harshly insulted the public information service broadcast. People are taking to the streets across Serbia in protest following the tragedy that struck Novi Sad and resulted in 15 deaths at the city\u2019s main train station. Both citizens and the opposition claim that the [&hellip;]<\/p>\n","protected":false},"author":4,"featured_media":9402,"comment_status":"closed","ping_status":"open","sticky":false,"template":"","format":"standard","meta":{"footnotes":""},"categories":[8],"tags":[],"class_list":["post-9957","post","type-post","status-publish","format-standard","has-post-thumbnail","hentry","category-content-en"],"yoast_head":"<!-- This site is optimized with the Yoast SEO plugin v25.6 - https:\/\/yoast.com\/wordpress\/plugins\/seo\/ -->\n<title>Serbian President Vu\u010di\u0107 harshly insults RTV Serbia and critics of the regime in primetime public service news broadcast<\/title>\n<meta name=\"robots\" content=\"index, follow, max-snippet:-1, max-image-preview:large, max-video-preview:-1\" \/>\n<link rel=\"canonical\" href=\"https:\/\/www.slavkocuruvijafondacija.rs\/en\/serbian-president-vucic-harshly-insults-rtv-serbia-and-critics-of-the-regime-in-primetime-public-service-news-broadcast\/\" \/>\n<meta property=\"og:locale\" content=\"en_US\" \/>\n<meta property=\"og:type\" content=\"article\" \/>\n<meta property=\"og:title\" content=\"Serbian President Vu\u010di\u0107 harshly insults RTV Serbia and critics of the regime in primetime public service news broadcast\" \/>\n<meta property=\"og:description\" content=\"December 2, 2024 Disgruntled over seeing reports of protests organised by the opposition at the start of the Radio Television of Serbia (RTS) primetime news bulletin in which he appeared as a guest, Serbian President Aleksandar Vu\u010di\u0107 harshly insulted the public information service broadcast. People are taking to the streets across Serbia in protest following the tragedy that struck Novi Sad and resulted in 15 deaths at the city\u2019s main train station. Both citizens and the opposition claim that the [&hellip;]\" \/>\n<meta property=\"og:url\" content=\"https:\/\/www.slavkocuruvijafondacija.rs\/en\/serbian-president-vucic-harshly-insults-rtv-serbia-and-critics-of-the-regime-in-primetime-public-service-news-broadcast\/\" \/>\n<meta property=\"og:site_name\" content=\"Slavko \u0106uruvija fondacija\" \/>\n<meta property=\"article:publisher\" content=\"https:\/\/www.facebook.com\/slavkocuruvijafondacija\/\" \/>\n<meta property=\"article:published_time\" content=\"2024-12-02T15:21:14+00:00\" \/>\n<meta property=\"og:image\" content=\"https:\/\/www.slavkocuruvijafondacija.rs\/wp-content\/uploads\/2024\/02\/Vucic-2-e1708248109850-1000x560tvprva.webp\" \/>\n\t<meta property=\"og:image:width\" content=\"1000\" \/>\n\t<meta property=\"og:image:height\" content=\"560\" \/>\n\t<meta property=\"og:image:type\" content=\"image\/webp\" \/>\n<meta name=\"author\" content=\"Vojin Mitrovic\" \/>\n<meta name=\"twitter:card\" content=\"summary_large_image\" \/>\n<meta name=\"twitter:creator\" content=\"@scfondacija\" \/>\n<meta name=\"twitter:site\" content=\"@scfondacija\" \/>\n<meta name=\"twitter:label1\" content=\"Written by\" \/>\n\t<meta name=\"twitter:data1\" content=\"Vojin Mitrovic\" \/>\n\t<meta name=\"twitter:label2\" content=\"Est. reading time\" \/>\n\t<meta name=\"twitter:data2\" content=\"2 minutes\" \/>\n<script type=\"application\/ld+json\" class=\"yoast-schema-graph\">{\"@context\":\"https:\/\/schema.org\",\"@graph\":[{\"@type\":\"Article\",\"@id\":\"https:\/\/www.slavkocuruvijafondacija.rs\/en\/serbian-president-vucic-harshly-insults-rtv-serbia-and-critics-of-the-regime-in-primetime-public-service-news-broadcast\/#article\",\"isPartOf\":{\"@id\":\"https:\/\/www.slavkocuruvijafondacija.rs\/en\/serbian-president-vucic-harshly-insults-rtv-serbia-and-critics-of-the-regime-in-primetime-public-service-news-broadcast\/\"},\"author\":{\"name\":\"Vojin Mitrovic\",\"@id\":\"https:\/\/www.slavkocuruvijafondacija.rs\/#\/schema\/person\/d235fc303ee4385f0d60f7be176eb741\"},\"headline\":\"Serbian President Vu\u010di\u0107 harshly insults RTV Serbia and critics of the regime in primetime public service news broadcast\",\"datePublished\":\"2024-12-02T15:21:14+00:00\",\"mainEntityOfPage\":{\"@id\":\"https:\/\/www.slavkocuruvijafondacija.rs\/en\/serbian-president-vucic-harshly-insults-rtv-serbia-and-critics-of-the-regime-in-primetime-public-service-news-broadcast\/\"},\"wordCount\":281,\"publisher\":{\"@id\":\"https:\/\/www.slavkocuruvijafondacija.rs\/#organization\"},\"image\":{\"@id\":\"https:\/\/www.slavkocuruvijafondacija.rs\/en\/serbian-president-vucic-harshly-insults-rtv-serbia-and-critics-of-the-regime-in-primetime-public-service-news-broadcast\/#primaryimage\"},\"thumbnailUrl\":\"https:\/\/www.slavkocuruvijafondacija.rs\/wp-content\/uploads\/2024\/02\/Vucic-2-e1708248109850-1000x560tvprva.webp\",\"articleSection\":[\"News\"],\"inLanguage\":\"en-US\"},{\"@type\":\"WebPage\",\"@id\":\"https:\/\/www.slavkocuruvijafondacija.rs\/en\/serbian-president-vucic-harshly-insults-rtv-serbia-and-critics-of-the-regime-in-primetime-public-service-news-broadcast\/\",\"url\":\"https:\/\/www.slavkocuruvijafondacija.rs\/en\/serbian-president-vucic-harshly-insults-rtv-serbia-and-critics-of-the-regime-in-primetime-public-service-news-broadcast\/\",\"name\":\"Serbian President Vu\u010di\u0107 harshly insults RTV Serbia and critics of the regime in primetime public service news broadcast\",\"isPartOf\":{\"@id\":\"https:\/\/www.slavkocuruvijafondacija.rs\/#website\"},\"primaryImageOfPage\":{\"@id\":\"https:\/\/www.slavkocuruvijafondacija.rs\/en\/serbian-president-vucic-harshly-insults-rtv-serbia-and-critics-of-the-regime-in-primetime-public-service-news-broadcast\/#primaryimage\"},\"image\":{\"@id\":\"https:\/\/www.slavkocuruvijafondacija.rs\/en\/serbian-president-vucic-harshly-insults-rtv-serbia-and-critics-of-the-regime-in-primetime-public-service-news-broadcast\/#primaryimage\"},\"thumbnailUrl\":\"https:\/\/www.slavkocuruvijafondacija.rs\/wp-content\/uploads\/2024\/02\/Vucic-2-e1708248109850-1000x560tvprva.webp\",\"datePublished\":\"2024-12-02T15:21:14+00:00\",\"inLanguage\":\"en-US\",\"potentialAction\":[{\"@type\":\"ReadAction\",\"target\":[\"https:\/\/www.slavkocuruvijafondacija.rs\/en\/serbian-president-vucic-harshly-insults-rtv-serbia-and-critics-of-the-regime-in-primetime-public-service-news-broadcast\/\"]}]},{\"@type\":\"ImageObject\",\"inLanguage\":\"en-US\",\"@id\":\"https:\/\/www.slavkocuruvijafondacija.rs\/en\/serbian-president-vucic-harshly-insults-rtv-serbia-and-critics-of-the-regime-in-primetime-public-service-news-broadcast\/#primaryimage\",\"url\":\"https:\/\/www.slavkocuruvijafondacija.rs\/wp-content\/uploads\/2024\/02\/Vucic-2-e1708248109850-1000x560tvprva.webp\",\"contentUrl\":\"https:\/\/www.slavkocuruvijafondacija.rs\/wp-content\/uploads\/2024\/02\/Vucic-2-e1708248109850-1000x560tvprva.webp\",\"width\":1000,\"height\":560,\"caption\":\"Screenshot, TV Prva\"},{\"@type\":\"WebSite\",\"@id\":\"https:\/\/www.slavkocuruvijafondacija.rs\/#website\",\"url\":\"https:\/\/www.slavkocuruvijafondacija.rs\/\",\"name\":\"Slavko \u0106uruvija fondacija\",\"description\":\"Slavko \u0106uruvija fondacija (S\u0106F) radi na promociji i unapre\u0111enju slobodnih, nezavisnih i odgovornih medija u Srbiji.\",\"publisher\":{\"@id\":\"https:\/\/www.slavkocuruvijafondacija.rs\/#organization\"},\"potentialAction\":[{\"@type\":\"SearchAction\",\"target\":{\"@type\":\"EntryPoint\",\"urlTemplate\":\"https:\/\/www.slavkocuruvijafondacija.rs\/?s={search_term_string}\"},\"query-input\":{\"@type\":\"PropertyValueSpecification\",\"valueRequired\":true,\"valueName\":\"search_term_string\"}}],\"inLanguage\":\"en-US\"},{\"@type\":\"Organization\",\"@id\":\"https:\/\/www.slavkocuruvijafondacija.rs\/#organization\",\"name\":\"Slavko Curuvija Foundation\",\"url\":\"https:\/\/www.slavkocuruvijafondacija.rs\/\",\"logo\":{\"@type\":\"ImageObject\",\"inLanguage\":\"en-US\",\"@id\":\"https:\/\/www.slavkocuruvijafondacija.rs\/#\/schema\/logo\/image\/\",\"url\":\"https:\/\/www.slavkocuruvijafondacija.rs\/wp-content\/uploads\/2021\/03\/SCF-Logo-900-600.jpg\",\"contentUrl\":\"https:\/\/www.slavkocuruvijafondacija.rs\/wp-content\/uploads\/2021\/03\/SCF-Logo-900-600.jpg\",\"width\":900,\"height\":600,\"caption\":\"Slavko Curuvija Foundation\"},\"image\":{\"@id\":\"https:\/\/www.slavkocuruvijafondacija.rs\/#\/schema\/logo\/image\/\"},\"sameAs\":[\"https:\/\/www.facebook.com\/slavkocuruvijafondacija\/\",\"https:\/\/x.com\/scfondacija\",\"https:\/\/www.instagram.com\/slavko_curuvija_fondacija\/\",\"https:\/\/www.linkedin.com\/company\/slavko-curuvija-foundation\/\",\"https:\/\/www.youtube.com\/channel\/UCEDcWS1sfG6qvaiBvVJJVRQ\"]},{\"@type\":\"Person\",\"@id\":\"https:\/\/www.slavkocuruvijafondacija.rs\/#\/schema\/person\/d235fc303ee4385f0d60f7be176eb741\",\"name\":\"Vojin Mitrovic\",\"image\":{\"@type\":\"ImageObject\",\"inLanguage\":\"en-US\",\"@id\":\"https:\/\/www.slavkocuruvijafondacija.rs\/#\/schema\/person\/image\/\",\"url\":\"https:\/\/secure.gravatar.com\/avatar\/ac7796564557f0f54e187b1b171f1796a9afbb07e218a2a28395548648bd49e1?s=96&d=mm&r=g\",\"contentUrl\":\"https:\/\/secure.gravatar.com\/avatar\/ac7796564557f0f54e187b1b171f1796a9afbb07e218a2a28395548648bd49e1?s=96&d=mm&r=g\",\"caption\":\"Vojin Mitrovic\"},\"url\":\"https:\/\/www.slavkocuruvijafondacija.rs\/en\/author\/vojin\/\"}]}<\/script>\n<!-- \/ Yoast SEO plugin. -->","yoast_head_json":{"title":"Serbian President Vu\u010di\u0107 harshly insults RTV Serbia and critics of the regime in primetime public service news broadcast","robots":{"index":"index","follow":"follow","max-snippet":"max-snippet:-1","max-image-preview":"max-image-preview:large","max-video-preview":"max-video-preview:-1"},"canonical":"https:\/\/www.slavkocuruvijafondacija.rs\/en\/serbian-president-vucic-harshly-insults-rtv-serbia-and-critics-of-the-regime-in-primetime-public-service-news-broadcast\/","og_locale":"en_US","og_type":"article","og_title":"Serbian President Vu\u010di\u0107 harshly insults RTV Serbia and critics of the regime in primetime public service news broadcast","og_description":"December 2, 2024 Disgruntled over seeing reports of protests organised by the opposition at the start of the Radio Television of Serbia (RTS) primetime news bulletin in which he appeared as a guest, Serbian President Aleksandar Vu\u010di\u0107 harshly insulted the public information service broadcast. People are taking to the streets across Serbia in protest following the tragedy that struck Novi Sad and resulted in 15 deaths at the city\u2019s main train station. Both citizens and the opposition claim that the [&hellip;]","og_url":"https:\/\/www.slavkocuruvijafondacija.rs\/en\/serbian-president-vucic-harshly-insults-rtv-serbia-and-critics-of-the-regime-in-primetime-public-service-news-broadcast\/","og_site_name":"Slavko \u0106uruvija fondacija","article_publisher":"https:\/\/www.facebook.com\/slavkocuruvijafondacija\/","article_published_time":"2024-12-02T15:21:14+00:00","og_image":[{"width":1000,"height":560,"url":"https:\/\/www.slavkocuruvijafondacija.rs\/wp-content\/uploads\/2024\/02\/Vucic-2-e1708248109850-1000x560tvprva.webp","type":"image\/webp"}],"author":"Vojin Mitrovic","twitter_card":"summary_large_image","twitter_creator":"@scfondacija","twitter_site":"@scfondacija","twitter_misc":{"Written by":"Vojin Mitrovic","Est. reading time":"2 minutes"},"schema":{"@context":"https:\/\/schema.org","@graph":[{"@type":"Article","@id":"https:\/\/www.slavkocuruvijafondacija.rs\/en\/serbian-president-vucic-harshly-insults-rtv-serbia-and-critics-of-the-regime-in-primetime-public-service-news-broadcast\/#article","isPartOf":{"@id":"https:\/\/www.slavkocuruvijafondacija.rs\/en\/serbian-president-vucic-harshly-insults-rtv-serbia-and-critics-of-the-regime-in-primetime-public-service-news-broadcast\/"},"author":{"name":"Vojin Mitrovic","@id":"https:\/\/www.slavkocuruvijafondacija.rs\/#\/schema\/person\/d235fc303ee4385f0d60f7be176eb741"},"headline":"Serbian President Vu\u010di\u0107 harshly insults RTV Serbia and critics of the regime in primetime public service news broadcast","datePublished":"2024-12-02T15:21:14+00:00","mainEntityOfPage":{"@id":"https:\/\/www.slavkocuruvijafondacija.rs\/en\/serbian-president-vucic-harshly-insults-rtv-serbia-and-critics-of-the-regime-in-primetime-public-service-news-broadcast\/"},"wordCount":281,"publisher":{"@id":"https:\/\/www.slavkocuruvijafondacija.rs\/#organization"},"image":{"@id":"https:\/\/www.slavkocuruvijafondacija.rs\/en\/serbian-president-vucic-harshly-insults-rtv-serbia-and-critics-of-the-regime-in-primetime-public-service-news-broadcast\/#primaryimage"},"thumbnailUrl":"https:\/\/www.slavkocuruvijafondacija.rs\/wp-content\/uploads\/2024\/02\/Vucic-2-e1708248109850-1000x560tvprva.webp","articleSection":["News"],"inLanguage":"en-US"},{"@type":"WebPage","@id":"https:\/\/www.slavkocuruvijafondacija.rs\/en\/serbian-president-vucic-harshly-insults-rtv-serbia-and-critics-of-the-regime-in-primetime-public-service-news-broadcast\/","url":"https:\/\/www.slavkocuruvijafondacija.rs\/en\/serbian-president-vucic-harshly-insults-rtv-serbia-and-critics-of-the-regime-in-primetime-public-service-news-broadcast\/","name":"Serbian President Vu\u010di\u0107 harshly insults RTV Serbia and critics of the regime in primetime public service news broadcast","isPartOf":{"@id":"https:\/\/www.slavkocuruvijafondacija.rs\/#website"},"primaryImageOfPage":{"@id":"https:\/\/www.slavkocuruvijafondacija.rs\/en\/serbian-president-vucic-harshly-insults-rtv-serbia-and-critics-of-the-regime-in-primetime-public-service-news-broadcast\/#primaryimage"},"image":{"@id":"https:\/\/www.slavkocuruvijafondacija.rs\/en\/serbian-president-vucic-harshly-insults-rtv-serbia-and-critics-of-the-regime-in-primetime-public-service-news-broadcast\/#primaryimage"},"thumbnailUrl":"https:\/\/www.slavkocuruvijafondacija.rs\/wp-content\/uploads\/2024\/02\/Vucic-2-e1708248109850-1000x560tvprva.webp","datePublished":"2024-12-02T15:21:14+00:00","inLanguage":"en-US","potentialAction":[{"@type":"ReadAction","target":["https:\/\/www.slavkocuruvijafondacija.rs\/en\/serbian-president-vucic-harshly-insults-rtv-serbia-and-critics-of-the-regime-in-primetime-public-service-news-broadcast\/"]}]},{"@type":"ImageObject","inLanguage":"en-US","@id":"https:\/\/www.slavkocuruvijafondacija.rs\/en\/serbian-president-vucic-harshly-insults-rtv-serbia-and-critics-of-the-regime-in-primetime-public-service-news-broadcast\/#primaryimage","url":"https:\/\/www.slavkocuruvijafondacija.rs\/wp-content\/uploads\/2024\/02\/Vucic-2-e1708248109850-1000x560tvprva.webp","contentUrl":"https:\/\/www.slavkocuruvijafondacija.rs\/wp-content\/uploads\/2024\/02\/Vucic-2-e1708248109850-1000x560tvprva.webp","width":1000,"height":560,"caption":"Screenshot, TV Prva"},{"@type":"WebSite","@id":"https:\/\/www.slavkocuruvijafondacija.rs\/#website","url":"https:\/\/www.slavkocuruvijafondacija.rs\/","name":"Slavko \u0106uruvija fondacija","description":"Slavko \u0106uruvija fondacija (S\u0106F) radi na promociji i unapre\u0111enju slobodnih, nezavisnih i odgovornih medija u Srbiji.","publisher":{"@id":"https:\/\/www.slavkocuruvijafondacija.rs\/#organization"},"potentialAction":[{"@type":"SearchAction","target":{"@type":"EntryPoint","urlTemplate":"https:\/\/www.slavkocuruvijafondacija.rs\/?s={search_term_string}"},"query-input":{"@type":"PropertyValueSpecification","valueRequired":true,"valueName":"search_term_string"}}],"inLanguage":"en-US"},{"@type":"Organization","@id":"https:\/\/www.slavkocuruvijafondacija.rs\/#organization","name":"Slavko Curuvija Foundation","url":"https:\/\/www.slavkocuruvijafondacija.rs\/","logo":{"@type":"ImageObject","inLanguage":"en-US","@id":"https:\/\/www.slavkocuruvijafondacija.rs\/#\/schema\/logo\/image\/","url":"https:\/\/www.slavkocuruvijafondacija.rs\/wp-content\/uploads\/2021\/03\/SCF-Logo-900-600.jpg","contentUrl":"https:\/\/www.slavkocuruvijafondacija.rs\/wp-content\/uploads\/2021\/03\/SCF-Logo-900-600.jpg","width":900,"height":600,"caption":"Slavko Curuvija Foundation"},"image":{"@id":"https:\/\/www.slavkocuruvijafondacija.rs\/#\/schema\/logo\/image\/"},"sameAs":["https:\/\/www.facebook.com\/slavkocuruvijafondacija\/","https:\/\/x.com\/scfondacija","https:\/\/www.instagram.com\/slavko_curuvija_fondacija\/","https:\/\/www.linkedin.com\/company\/slavko-curuvija-foundation\/","https:\/\/www.youtube.com\/channel\/UCEDcWS1sfG6qvaiBvVJJVRQ"]},{"@type":"Person","@id":"https:\/\/www.slavkocuruvijafondacija.rs\/#\/schema\/person\/d235fc303ee4385f0d60f7be176eb741","name":"Vojin Mitrovic","image":{"@type":"ImageObject","inLanguage":"en-US","@id":"https:\/\/www.slavkocuruvijafondacija.rs\/#\/schema\/person\/image\/","url":"https:\/\/secure.gravatar.com\/avatar\/ac7796564557f0f54e187b1b171f1796a9afbb07e218a2a28395548648bd49e1?s=96&d=mm&r=g","contentUrl":"https:\/\/secure.gravatar.com\/avatar\/ac7796564557f0f54e187b1b171f1796a9afbb07e218a2a28395548648bd49e1?s=96&d=mm&r=g","caption":"Vojin Mitrovic"},"url":"https:\/\/www.slavkocuruvijafondacija.rs\/en\/author\/vojin\/"}]}},"_links":{"self":[{"href":"https:\/\/www.slavkocuruvijafondacija.rs\/en\/wp-json\/wp\/v2\/posts\/9957","targetHints":{"allow":["GET"]}}],"collection":[{"href":"https:\/\/www.slavkocuruvijafondacija.rs\/en\/wp-json\/wp\/v2\/posts"}],"about":[{"href":"https:\/\/www.slavkocuruvijafondacija.rs\/en\/wp-json\/wp\/v2\/types\/post"}],"author":[{"embeddable":true,"href":"https:\/\/www.slavkocuruvijafondacija.rs\/en\/wp-json\/wp\/v2\/users\/4"}],"replies":[{"embeddable":true,"href":"https:\/\/www.slavkocuruvijafondacija.rs\/en\/wp-json\/wp\/v2\/comments?post=9957"}],"version-history":[{"count":1,"href":"https:\/\/www.slavkocuruvijafondacija.rs\/en\/wp-json\/wp\/v2\/posts\/9957\/revisions"}],"predecessor-version":[{"id":9958,"href":"https:\/\/www.slavkocuruvijafondacija.rs\/en\/wp-json\/wp\/v2\/posts\/9957\/revisions\/9958"}],"wp:featuredmedia":[{"embeddable":true,"href":"https:\/\/www.slavkocuruvijafondacija.rs\/en\/wp-json\/wp\/v2\/media\/9402"}],"wp:attachment":[{"href":"https:\/\/www.slavkocuruvijafondacija.rs\/en\/wp-json\/wp\/v2\/media?parent=9957"}],"wp:term":[{"taxonomy":"category","embeddable":true,"href":"https:\/\/www.slavkocuruvijafondacija.rs\/en\/wp-json\/wp\/v2\/categories?post=9957"},{"taxonomy":"post_tag","embeddable":true,"href":"https:\/\/www.slavkocuruvijafondacija.rs\/en\/wp-json\/wp\/v2\/tags?post=9957"}],"curies":[{"name":"wp","href":"https:\/\/api.w.org\/{rel}","templated":true}]}}