{"id":9924,"date":"2024-11-15T14:59:13","date_gmt":"2024-11-15T13:59:13","guid":{"rendered":"https:\/\/www.slavkocuruvijafondacija.rs\/?p=9924"},"modified":"2024-11-15T14:59:13","modified_gmt":"2024-11-15T13:59:13","slug":"serbia-no-longer-has-a-regulatory-body-for-electronic-media-criminal-charges-filed-against-president-of-the-serbian-national-assemblys-committee-for-information","status":"publish","type":"post","link":"https:\/\/www.slavkocuruvijafondacija.rs\/en\/serbia-no-longer-has-a-regulatory-body-for-electronic-media-criminal-charges-filed-against-president-of-the-serbian-national-assemblys-committee-for-information\/","title":{"rendered":"Serbia no longer has a Regulatory Body for Electronic Media. Criminal charges filed against president of the Serbian National Assembly\u2019s Committee for Information"},"content":{"rendered":"<p>November 15, 2024<\/p>\n<hr \/>\n<h2>The Slavko \u0106uruvija Foundation, organisation CRTA, the Independent Journalists\u2019 Association of Serbia and the Independent Journalists\u2019 Association of Vojvodina have filed criminal charges against Nevena \u0110uri\u0107, president of the Committee for Culture and Information of the National Assembly, in response to her failure to launch an initiative to elect new members of the Council of the Regulatory Body for Electronic Media ahead of the deadline set by the Law on Electronic Media.<\/h2>\n<p>According to the Law on Electronic Media, the mandate of the members of the REM Council expired on 4th November, while the Serbian Assembly should have launched the procedure to elect new members by 4th August.<\/p>\n<p>According to a joint press release of these four organisations, failure to implement the Law has placed Serbia in a situation in which it today no longer has a decision-making body within REM, which controls the work of the electronic media and ensures the implementation of the Law.<\/p>\n<p>\u201cIn failing to perform her official duty, i.e. in failing to launch the legal procedure to elect new members of the REM Council, the Committee president most grossly violated the imperative regulations of the Law on Electronic Media.\u201d<\/p>\n<p>It was sometime later that REM Council members tendered their resignations.<\/p>\n<p>One of the Council\u2019s final decisions, announced on the day that members filed their resignations, was to issue a new license to broadcast on the territory of Belgrade to Informer TV, which is owned by a close associate of Serbian President Aleksandar Vu\u010di\u0107.<\/p>\n","protected":false},"excerpt":{"rendered":"<p>November 15, 2024 The Slavko \u0106uruvija Foundation, organisation CRTA, the Independent Journalists\u2019 Association of Serbia and the Independent Journalists\u2019 Association of Vojvodina have filed criminal charges against Nevena \u0110uri\u0107, president of the Committee for Culture and Information of the National Assembly, in response to her failure to launch an initiative to elect new members of the Council of the Regulatory Body for Electronic Media ahead of the deadline set by the Law on Electronic Media. According to the Law on [&hellip;]<\/p>\n","protected":false},"author":4,"featured_media":4200,"comment_status":"closed","ping_status":"open","sticky":false,"template":"","format":"standard","meta":{"footnotes":""},"categories":[8],"tags":[],"class_list":["post-9924","post","type-post","status-publish","format-standard","has-post-thumbnail","hentry","category-content-en"],"yoast_head":"<!-- This site is optimized with the Yoast SEO plugin v25.6 - https:\/\/yoast.com\/wordpress\/plugins\/seo\/ -->\n<title>Serbia no longer has a Regulatory Body for Electronic Media. Criminal charges filed against president of the Serbian National Assembly\u2019s Committee for Information<\/title>\n<meta name=\"robots\" content=\"index, follow, max-snippet:-1, max-image-preview:large, max-video-preview:-1\" \/>\n<link rel=\"canonical\" href=\"https:\/\/www.slavkocuruvijafondacija.rs\/en\/serbia-no-longer-has-a-regulatory-body-for-electronic-media-criminal-charges-filed-against-president-of-the-serbian-national-assemblys-committee-for-information\/\" \/>\n<meta property=\"og:locale\" content=\"en_US\" \/>\n<meta property=\"og:type\" content=\"article\" \/>\n<meta property=\"og:title\" content=\"Serbia no longer has a Regulatory Body for Electronic Media. Criminal charges filed against president of the Serbian National Assembly\u2019s Committee for Information\" \/>\n<meta property=\"og:description\" content=\"November 15, 2024 The Slavko \u0106uruvija Foundation, organisation CRTA, the Independent Journalists\u2019 Association of Serbia and the Independent Journalists\u2019 Association of Vojvodina have filed criminal charges against Nevena \u0110uri\u0107, president of the Committee for Culture and Information of the National Assembly, in response to her failure to launch an initiative to elect new members of the Council of the Regulatory Body for Electronic Media ahead of the deadline set by the Law on Electronic Media. According to the Law on [&hellip;]\" \/>\n<meta property=\"og:url\" content=\"https:\/\/www.slavkocuruvijafondacija.rs\/en\/serbia-no-longer-has-a-regulatory-body-for-electronic-media-criminal-charges-filed-against-president-of-the-serbian-national-assemblys-committee-for-information\/\" \/>\n<meta property=\"og:site_name\" content=\"Slavko \u0106uruvija fondacija\" \/>\n<meta property=\"article:publisher\" content=\"https:\/\/www.facebook.com\/slavkocuruvijafondacija\/\" \/>\n<meta property=\"article:published_time\" content=\"2024-11-15T13:59:13+00:00\" \/>\n<meta property=\"og:image\" content=\"https:\/\/www.slavkocuruvijafondacija.rs\/wp-content\/uploads\/2018\/01\/rem_foto_jana_nikolic_scf-6_crop.jpg\" \/>\n\t<meta property=\"og:image:width\" content=\"959\" \/>\n\t<meta property=\"og:image:height\" content=\"720\" \/>\n\t<meta property=\"og:image:type\" content=\"image\/jpeg\" \/>\n<meta name=\"author\" content=\"Vojin Mitrovic\" \/>\n<meta name=\"twitter:card\" content=\"summary_large_image\" \/>\n<meta name=\"twitter:creator\" content=\"@scfondacija\" \/>\n<meta name=\"twitter:site\" content=\"@scfondacija\" \/>\n<meta name=\"twitter:label1\" content=\"Written by\" \/>\n\t<meta name=\"twitter:data1\" content=\"Vojin Mitrovic\" \/>\n\t<meta name=\"twitter:label2\" content=\"Est. reading time\" \/>\n\t<meta name=\"twitter:data2\" content=\"2 minutes\" \/>\n<script type=\"application\/ld+json\" class=\"yoast-schema-graph\">{\"@context\":\"https:\/\/schema.org\",\"@graph\":[{\"@type\":\"Article\",\"@id\":\"https:\/\/www.slavkocuruvijafondacija.rs\/en\/serbia-no-longer-has-a-regulatory-body-for-electronic-media-criminal-charges-filed-against-president-of-the-serbian-national-assemblys-committee-for-information\/#article\",\"isPartOf\":{\"@id\":\"https:\/\/www.slavkocuruvijafondacija.rs\/en\/serbia-no-longer-has-a-regulatory-body-for-electronic-media-criminal-charges-filed-against-president-of-the-serbian-national-assemblys-committee-for-information\/\"},\"author\":{\"name\":\"Vojin Mitrovic\",\"@id\":\"https:\/\/www.slavkocuruvijafondacija.rs\/#\/schema\/person\/d235fc303ee4385f0d60f7be176eb741\"},\"headline\":\"Serbia no longer has a Regulatory Body for Electronic Media. Criminal charges filed against president of the Serbian National Assembly\u2019s Committee for Information\",\"datePublished\":\"2024-11-15T13:59:13+00:00\",\"mainEntityOfPage\":{\"@id\":\"https:\/\/www.slavkocuruvijafondacija.rs\/en\/serbia-no-longer-has-a-regulatory-body-for-electronic-media-criminal-charges-filed-against-president-of-the-serbian-national-assemblys-committee-for-information\/\"},\"wordCount\":276,\"publisher\":{\"@id\":\"https:\/\/www.slavkocuruvijafondacija.rs\/#organization\"},\"image\":{\"@id\":\"https:\/\/www.slavkocuruvijafondacija.rs\/en\/serbia-no-longer-has-a-regulatory-body-for-electronic-media-criminal-charges-filed-against-president-of-the-serbian-national-assemblys-committee-for-information\/#primaryimage\"},\"thumbnailUrl\":\"https:\/\/www.slavkocuruvijafondacija.rs\/wp-content\/uploads\/2018\/01\/rem_foto_jana_nikolic_scf-6_crop.jpg\",\"articleSection\":[\"News\"],\"inLanguage\":\"en-US\"},{\"@type\":\"WebPage\",\"@id\":\"https:\/\/www.slavkocuruvijafondacija.rs\/en\/serbia-no-longer-has-a-regulatory-body-for-electronic-media-criminal-charges-filed-against-president-of-the-serbian-national-assemblys-committee-for-information\/\",\"url\":\"https:\/\/www.slavkocuruvijafondacija.rs\/en\/serbia-no-longer-has-a-regulatory-body-for-electronic-media-criminal-charges-filed-against-president-of-the-serbian-national-assemblys-committee-for-information\/\",\"name\":\"Serbia no longer has a Regulatory Body for Electronic Media. Criminal charges filed against president of the Serbian National Assembly\u2019s Committee for Information\",\"isPartOf\":{\"@id\":\"https:\/\/www.slavkocuruvijafondacija.rs\/#website\"},\"primaryImageOfPage\":{\"@id\":\"https:\/\/www.slavkocuruvijafondacija.rs\/en\/serbia-no-longer-has-a-regulatory-body-for-electronic-media-criminal-charges-filed-against-president-of-the-serbian-national-assemblys-committee-for-information\/#primaryimage\"},\"image\":{\"@id\":\"https:\/\/www.slavkocuruvijafondacija.rs\/en\/serbia-no-longer-has-a-regulatory-body-for-electronic-media-criminal-charges-filed-against-president-of-the-serbian-national-assemblys-committee-for-information\/#primaryimage\"},\"thumbnailUrl\":\"https:\/\/www.slavkocuruvijafondacija.rs\/wp-content\/uploads\/2018\/01\/rem_foto_jana_nikolic_scf-6_crop.jpg\",\"datePublished\":\"2024-11-15T13:59:13+00:00\",\"inLanguage\":\"en-US\",\"potentialAction\":[{\"@type\":\"ReadAction\",\"target\":[\"https:\/\/www.slavkocuruvijafondacija.rs\/en\/serbia-no-longer-has-a-regulatory-body-for-electronic-media-criminal-charges-filed-against-president-of-the-serbian-national-assemblys-committee-for-information\/\"]}]},{\"@type\":\"ImageObject\",\"inLanguage\":\"en-US\",\"@id\":\"https:\/\/www.slavkocuruvijafondacija.rs\/en\/serbia-no-longer-has-a-regulatory-body-for-electronic-media-criminal-charges-filed-against-president-of-the-serbian-national-assemblys-committee-for-information\/#primaryimage\",\"url\":\"https:\/\/www.slavkocuruvijafondacija.rs\/wp-content\/uploads\/2018\/01\/rem_foto_jana_nikolic_scf-6_crop.jpg\",\"contentUrl\":\"https:\/\/www.slavkocuruvijafondacija.rs\/wp-content\/uploads\/2018\/01\/rem_foto_jana_nikolic_scf-6_crop.jpg\",\"width\":959,\"height\":720,\"caption\":\"Foto: Jana Nikoli\u0107, S\u0106F\"},{\"@type\":\"WebSite\",\"@id\":\"https:\/\/www.slavkocuruvijafondacija.rs\/#website\",\"url\":\"https:\/\/www.slavkocuruvijafondacija.rs\/\",\"name\":\"Slavko \u0106uruvija fondacija\",\"description\":\"Slavko \u0106uruvija fondacija (S\u0106F) radi na promociji i unapre\u0111enju slobodnih, nezavisnih i odgovornih medija u Srbiji.\",\"publisher\":{\"@id\":\"https:\/\/www.slavkocuruvijafondacija.rs\/#organization\"},\"potentialAction\":[{\"@type\":\"SearchAction\",\"target\":{\"@type\":\"EntryPoint\",\"urlTemplate\":\"https:\/\/www.slavkocuruvijafondacija.rs\/?s={search_term_string}\"},\"query-input\":{\"@type\":\"PropertyValueSpecification\",\"valueRequired\":true,\"valueName\":\"search_term_string\"}}],\"inLanguage\":\"en-US\"},{\"@type\":\"Organization\",\"@id\":\"https:\/\/www.slavkocuruvijafondacija.rs\/#organization\",\"name\":\"Slavko Curuvija Foundation\",\"url\":\"https:\/\/www.slavkocuruvijafondacija.rs\/\",\"logo\":{\"@type\":\"ImageObject\",\"inLanguage\":\"en-US\",\"@id\":\"https:\/\/www.slavkocuruvijafondacija.rs\/#\/schema\/logo\/image\/\",\"url\":\"https:\/\/www.slavkocuruvijafondacija.rs\/wp-content\/uploads\/2021\/03\/SCF-Logo-900-600.jpg\",\"contentUrl\":\"https:\/\/www.slavkocuruvijafondacija.rs\/wp-content\/uploads\/2021\/03\/SCF-Logo-900-600.jpg\",\"width\":900,\"height\":600,\"caption\":\"Slavko Curuvija Foundation\"},\"image\":{\"@id\":\"https:\/\/www.slavkocuruvijafondacija.rs\/#\/schema\/logo\/image\/\"},\"sameAs\":[\"https:\/\/www.facebook.com\/slavkocuruvijafondacija\/\",\"https:\/\/x.com\/scfondacija\",\"https:\/\/www.instagram.com\/slavko_curuvija_fondacija\/\",\"https:\/\/www.linkedin.com\/company\/slavko-curuvija-foundation\/\",\"https:\/\/www.youtube.com\/channel\/UCEDcWS1sfG6qvaiBvVJJVRQ\"]},{\"@type\":\"Person\",\"@id\":\"https:\/\/www.slavkocuruvijafondacija.rs\/#\/schema\/person\/d235fc303ee4385f0d60f7be176eb741\",\"name\":\"Vojin Mitrovic\",\"image\":{\"@type\":\"ImageObject\",\"inLanguage\":\"en-US\",\"@id\":\"https:\/\/www.slavkocuruvijafondacija.rs\/#\/schema\/person\/image\/\",\"url\":\"https:\/\/secure.gravatar.com\/avatar\/ac7796564557f0f54e187b1b171f1796a9afbb07e218a2a28395548648bd49e1?s=96&d=mm&r=g\",\"contentUrl\":\"https:\/\/secure.gravatar.com\/avatar\/ac7796564557f0f54e187b1b171f1796a9afbb07e218a2a28395548648bd49e1?s=96&d=mm&r=g\",\"caption\":\"Vojin Mitrovic\"},\"url\":\"https:\/\/www.slavkocuruvijafondacija.rs\/en\/author\/vojin\/\"}]}<\/script>\n<!-- \/ Yoast SEO plugin. -->","yoast_head_json":{"title":"Serbia no longer has a Regulatory Body for Electronic Media. Criminal charges filed against president of the Serbian National Assembly\u2019s Committee for Information","robots":{"index":"index","follow":"follow","max-snippet":"max-snippet:-1","max-image-preview":"max-image-preview:large","max-video-preview":"max-video-preview:-1"},"canonical":"https:\/\/www.slavkocuruvijafondacija.rs\/en\/serbia-no-longer-has-a-regulatory-body-for-electronic-media-criminal-charges-filed-against-president-of-the-serbian-national-assemblys-committee-for-information\/","og_locale":"en_US","og_type":"article","og_title":"Serbia no longer has a Regulatory Body for Electronic Media. Criminal charges filed against president of the Serbian National Assembly\u2019s Committee for Information","og_description":"November 15, 2024 The Slavko \u0106uruvija Foundation, organisation CRTA, the Independent Journalists\u2019 Association of Serbia and the Independent Journalists\u2019 Association of Vojvodina have filed criminal charges against Nevena \u0110uri\u0107, president of the Committee for Culture and Information of the National Assembly, in response to her failure to launch an initiative to elect new members of the Council of the Regulatory Body for Electronic Media ahead of the deadline set by the Law on Electronic Media. According to the Law on [&hellip;]","og_url":"https:\/\/www.slavkocuruvijafondacija.rs\/en\/serbia-no-longer-has-a-regulatory-body-for-electronic-media-criminal-charges-filed-against-president-of-the-serbian-national-assemblys-committee-for-information\/","og_site_name":"Slavko \u0106uruvija fondacija","article_publisher":"https:\/\/www.facebook.com\/slavkocuruvijafondacija\/","article_published_time":"2024-11-15T13:59:13+00:00","og_image":[{"width":959,"height":720,"url":"https:\/\/www.slavkocuruvijafondacija.rs\/wp-content\/uploads\/2018\/01\/rem_foto_jana_nikolic_scf-6_crop.jpg","type":"image\/jpeg"}],"author":"Vojin Mitrovic","twitter_card":"summary_large_image","twitter_creator":"@scfondacija","twitter_site":"@scfondacija","twitter_misc":{"Written by":"Vojin Mitrovic","Est. reading time":"2 minutes"},"schema":{"@context":"https:\/\/schema.org","@graph":[{"@type":"Article","@id":"https:\/\/www.slavkocuruvijafondacija.rs\/en\/serbia-no-longer-has-a-regulatory-body-for-electronic-media-criminal-charges-filed-against-president-of-the-serbian-national-assemblys-committee-for-information\/#article","isPartOf":{"@id":"https:\/\/www.slavkocuruvijafondacija.rs\/en\/serbia-no-longer-has-a-regulatory-body-for-electronic-media-criminal-charges-filed-against-president-of-the-serbian-national-assemblys-committee-for-information\/"},"author":{"name":"Vojin Mitrovic","@id":"https:\/\/www.slavkocuruvijafondacija.rs\/#\/schema\/person\/d235fc303ee4385f0d60f7be176eb741"},"headline":"Serbia no longer has a Regulatory Body for Electronic Media. Criminal charges filed against president of the Serbian National Assembly\u2019s Committee for Information","datePublished":"2024-11-15T13:59:13+00:00","mainEntityOfPage":{"@id":"https:\/\/www.slavkocuruvijafondacija.rs\/en\/serbia-no-longer-has-a-regulatory-body-for-electronic-media-criminal-charges-filed-against-president-of-the-serbian-national-assemblys-committee-for-information\/"},"wordCount":276,"publisher":{"@id":"https:\/\/www.slavkocuruvijafondacija.rs\/#organization"},"image":{"@id":"https:\/\/www.slavkocuruvijafondacija.rs\/en\/serbia-no-longer-has-a-regulatory-body-for-electronic-media-criminal-charges-filed-against-president-of-the-serbian-national-assemblys-committee-for-information\/#primaryimage"},"thumbnailUrl":"https:\/\/www.slavkocuruvijafondacija.rs\/wp-content\/uploads\/2018\/01\/rem_foto_jana_nikolic_scf-6_crop.jpg","articleSection":["News"],"inLanguage":"en-US"},{"@type":"WebPage","@id":"https:\/\/www.slavkocuruvijafondacija.rs\/en\/serbia-no-longer-has-a-regulatory-body-for-electronic-media-criminal-charges-filed-against-president-of-the-serbian-national-assemblys-committee-for-information\/","url":"https:\/\/www.slavkocuruvijafondacija.rs\/en\/serbia-no-longer-has-a-regulatory-body-for-electronic-media-criminal-charges-filed-against-president-of-the-serbian-national-assemblys-committee-for-information\/","name":"Serbia no longer has a Regulatory Body for Electronic Media. Criminal charges filed against president of the Serbian National Assembly\u2019s Committee for Information","isPartOf":{"@id":"https:\/\/www.slavkocuruvijafondacija.rs\/#website"},"primaryImageOfPage":{"@id":"https:\/\/www.slavkocuruvijafondacija.rs\/en\/serbia-no-longer-has-a-regulatory-body-for-electronic-media-criminal-charges-filed-against-president-of-the-serbian-national-assemblys-committee-for-information\/#primaryimage"},"image":{"@id":"https:\/\/www.slavkocuruvijafondacija.rs\/en\/serbia-no-longer-has-a-regulatory-body-for-electronic-media-criminal-charges-filed-against-president-of-the-serbian-national-assemblys-committee-for-information\/#primaryimage"},"thumbnailUrl":"https:\/\/www.slavkocuruvijafondacija.rs\/wp-content\/uploads\/2018\/01\/rem_foto_jana_nikolic_scf-6_crop.jpg","datePublished":"2024-11-15T13:59:13+00:00","inLanguage":"en-US","potentialAction":[{"@type":"ReadAction","target":["https:\/\/www.slavkocuruvijafondacija.rs\/en\/serbia-no-longer-has-a-regulatory-body-for-electronic-media-criminal-charges-filed-against-president-of-the-serbian-national-assemblys-committee-for-information\/"]}]},{"@type":"ImageObject","inLanguage":"en-US","@id":"https:\/\/www.slavkocuruvijafondacija.rs\/en\/serbia-no-longer-has-a-regulatory-body-for-electronic-media-criminal-charges-filed-against-president-of-the-serbian-national-assemblys-committee-for-information\/#primaryimage","url":"https:\/\/www.slavkocuruvijafondacija.rs\/wp-content\/uploads\/2018\/01\/rem_foto_jana_nikolic_scf-6_crop.jpg","contentUrl":"https:\/\/www.slavkocuruvijafondacija.rs\/wp-content\/uploads\/2018\/01\/rem_foto_jana_nikolic_scf-6_crop.jpg","width":959,"height":720,"caption":"Foto: Jana Nikoli\u0107, S\u0106F"},{"@type":"WebSite","@id":"https:\/\/www.slavkocuruvijafondacija.rs\/#website","url":"https:\/\/www.slavkocuruvijafondacija.rs\/","name":"Slavko \u0106uruvija fondacija","description":"Slavko \u0106uruvija fondacija (S\u0106F) radi na promociji i unapre\u0111enju slobodnih, nezavisnih i odgovornih medija u Srbiji.","publisher":{"@id":"https:\/\/www.slavkocuruvijafondacija.rs\/#organization"},"potentialAction":[{"@type":"SearchAction","target":{"@type":"EntryPoint","urlTemplate":"https:\/\/www.slavkocuruvijafondacija.rs\/?s={search_term_string}"},"query-input":{"@type":"PropertyValueSpecification","valueRequired":true,"valueName":"search_term_string"}}],"inLanguage":"en-US"},{"@type":"Organization","@id":"https:\/\/www.slavkocuruvijafondacija.rs\/#organization","name":"Slavko Curuvija Foundation","url":"https:\/\/www.slavkocuruvijafondacija.rs\/","logo":{"@type":"ImageObject","inLanguage":"en-US","@id":"https:\/\/www.slavkocuruvijafondacija.rs\/#\/schema\/logo\/image\/","url":"https:\/\/www.slavkocuruvijafondacija.rs\/wp-content\/uploads\/2021\/03\/SCF-Logo-900-600.jpg","contentUrl":"https:\/\/www.slavkocuruvijafondacija.rs\/wp-content\/uploads\/2021\/03\/SCF-Logo-900-600.jpg","width":900,"height":600,"caption":"Slavko Curuvija Foundation"},"image":{"@id":"https:\/\/www.slavkocuruvijafondacija.rs\/#\/schema\/logo\/image\/"},"sameAs":["https:\/\/www.facebook.com\/slavkocuruvijafondacija\/","https:\/\/x.com\/scfondacija","https:\/\/www.instagram.com\/slavko_curuvija_fondacija\/","https:\/\/www.linkedin.com\/company\/slavko-curuvija-foundation\/","https:\/\/www.youtube.com\/channel\/UCEDcWS1sfG6qvaiBvVJJVRQ"]},{"@type":"Person","@id":"https:\/\/www.slavkocuruvijafondacija.rs\/#\/schema\/person\/d235fc303ee4385f0d60f7be176eb741","name":"Vojin Mitrovic","image":{"@type":"ImageObject","inLanguage":"en-US","@id":"https:\/\/www.slavkocuruvijafondacija.rs\/#\/schema\/person\/image\/","url":"https:\/\/secure.gravatar.com\/avatar\/ac7796564557f0f54e187b1b171f1796a9afbb07e218a2a28395548648bd49e1?s=96&d=mm&r=g","contentUrl":"https:\/\/secure.gravatar.com\/avatar\/ac7796564557f0f54e187b1b171f1796a9afbb07e218a2a28395548648bd49e1?s=96&d=mm&r=g","caption":"Vojin Mitrovic"},"url":"https:\/\/www.slavkocuruvijafondacija.rs\/en\/author\/vojin\/"}]}},"_links":{"self":[{"href":"https:\/\/www.slavkocuruvijafondacija.rs\/en\/wp-json\/wp\/v2\/posts\/9924","targetHints":{"allow":["GET"]}}],"collection":[{"href":"https:\/\/www.slavkocuruvijafondacija.rs\/en\/wp-json\/wp\/v2\/posts"}],"about":[{"href":"https:\/\/www.slavkocuruvijafondacija.rs\/en\/wp-json\/wp\/v2\/types\/post"}],"author":[{"embeddable":true,"href":"https:\/\/www.slavkocuruvijafondacija.rs\/en\/wp-json\/wp\/v2\/users\/4"}],"replies":[{"embeddable":true,"href":"https:\/\/www.slavkocuruvijafondacija.rs\/en\/wp-json\/wp\/v2\/comments?post=9924"}],"version-history":[{"count":1,"href":"https:\/\/www.slavkocuruvijafondacija.rs\/en\/wp-json\/wp\/v2\/posts\/9924\/revisions"}],"predecessor-version":[{"id":9925,"href":"https:\/\/www.slavkocuruvijafondacija.rs\/en\/wp-json\/wp\/v2\/posts\/9924\/revisions\/9925"}],"wp:featuredmedia":[{"embeddable":true,"href":"https:\/\/www.slavkocuruvijafondacija.rs\/en\/wp-json\/wp\/v2\/media\/4200"}],"wp:attachment":[{"href":"https:\/\/www.slavkocuruvijafondacija.rs\/en\/wp-json\/wp\/v2\/media?parent=9924"}],"wp:term":[{"taxonomy":"category","embeddable":true,"href":"https:\/\/www.slavkocuruvijafondacija.rs\/en\/wp-json\/wp\/v2\/categories?post=9924"},{"taxonomy":"post_tag","embeddable":true,"href":"https:\/\/www.slavkocuruvijafondacija.rs\/en\/wp-json\/wp\/v2\/tags?post=9924"}],"curies":[{"name":"wp","href":"https:\/\/api.w.org\/{rel}","templated":true}]}}