{"id":9717,"date":"2024-07-15T13:09:41","date_gmt":"2024-07-15T11:09:41","guid":{"rendered":"https:\/\/www.slavkocuruvijafondacija.rs\/?p=9717"},"modified":"2024-07-23T13:09:52","modified_gmt":"2024-07-23T11:09:52","slug":"following-the-attempted-assassination-of-donald-trump-serbias-leaders-accuse-independent-media-outlets-of-promoting-hatred-that-could-lead-to-murder","status":"publish","type":"post","link":"https:\/\/www.slavkocuruvijafondacija.rs\/en\/following-the-attempted-assassination-of-donald-trump-serbias-leaders-accuse-independent-media-outlets-of-promoting-hatred-that-could-lead-to-murder\/","title":{"rendered":"Following the attempted assassination of Donald Trump, Serbia\u2019s leaders accuse independent media outlets of promoting hatred that could lead to murder"},"content":{"rendered":"<p>July 15, 2024<\/p>\n<hr \/>\n<h2>Responding to news of the attempted assassination of U.S. presidential candidate Donald Trump, <a href=\"https:\/\/www.cenzolovka.rs\/pritisci-i-napadi\/pozivam-nezavisne-medije-da-vide-kakve-mogu-biti-posledice-mrznje-koju-svakodnevno-promovisu-ana-brnabic-nakon-vesti-o-atentatu-na-donalda-trampa\/\">Ana Brnabi\u0107<\/a>, current Speaker of the Serbian Assembly and former Serbian Prime Minister, has directed a call and request to \u201cthe elites in Serbia and their independent media\u201d to acknowledge the possible real-world consequences of \u201cthe hatred that they promote on a daily basis\u201d and \u201cthe lies that they spin\u201d.<\/h2>\n<p>This call forms part of an almost daily campaign being conducted by the political elite in Serbia, led by President Aleksandar Vu\u010di\u0107, against the few remaining media outlets that remain beyond the control of the government. The regime directly controls all national television stations in the country, as well as the highest circulating daily newspapers and portals.<\/p>\n<p>According to independent daily newspaper Danas, Brnabi\u0107\u2019s statement is both hypocritical and extremely dangerous, given that it exploits a serious event in order to once again confront political dissidents.<\/p>\n<p>This statement from the Speaker of the Assembly comes a year after the two mass murders in Serbia that prompted hundreds of thousands of people to take to the streets in protest over the promotion of violence and witch hunts in the country by the government and the media companies it controls.<\/p>\n<p>Notably, journalists and opposition politicians in Serbia have, for the past ten+ years, been accused in tabloid newspapers and on national television stations of planning the assassination of Aleksandar Vu\u010di\u0107 and his family, as well as of invoking a coup d\u2019\u00e9tat. Of course, these are extremely dangerous lies that are constantly propagated by pro-government media in an effort to confront critics.<\/p>\n<p>A campaign that\u2019s currently underway and is being led by all pro-government media accuses journalist Sr\u0111an \u0160koro of calling for the murder of the son of the Serbian President, which it is impossible to infer in any way on the basis of the statement he made to a local television station that is referred to in the accusation.<\/p>\n<p>Assembly Speaker Brnabi\u0107 has made similar accusations against Munira Suba\u0161i\u0107, president of the Mothers of Srebrenica organisation, which brings together women whose children were murdered by Serb forces in the Bosnian town of Srebrenica in July 1995, accusing her of threatening to murder President Vu\u010di\u0107 and his children.<\/p>\n","protected":false},"excerpt":{"rendered":"<p>July 15, 2024 Responding to news of the attempted assassination of U.S. presidential candidate Donald Trump, Ana Brnabi\u0107, current Speaker of the Serbian Assembly and former Serbian Prime Minister, has directed a call and request to \u201cthe elites in Serbia and their independent media\u201d to acknowledge the possible real-world consequences of \u201cthe hatred that they promote on a daily basis\u201d and \u201cthe lies that they spin\u201d. This call forms part of an almost daily campaign being conducted by the political [&hellip;]<\/p>\n","protected":false},"author":4,"featured_media":8138,"comment_status":"closed","ping_status":"open","sticky":false,"template":"","format":"standard","meta":{"footnotes":""},"categories":[8],"tags":[],"class_list":["post-9717","post","type-post","status-publish","format-standard","has-post-thumbnail","hentry","category-content-en"],"yoast_head":"<!-- This site is optimized with the Yoast SEO plugin v25.6 - https:\/\/yoast.com\/wordpress\/plugins\/seo\/ -->\n<title>Following the attempted assassination of Donald Trump, Serbia\u2019s leaders accuse independent media outlets of promoting hatred that could lead to murder<\/title>\n<meta name=\"robots\" content=\"index, follow, max-snippet:-1, max-image-preview:large, max-video-preview:-1\" \/>\n<link rel=\"canonical\" href=\"https:\/\/www.slavkocuruvijafondacija.rs\/en\/following-the-attempted-assassination-of-donald-trump-serbias-leaders-accuse-independent-media-outlets-of-promoting-hatred-that-could-lead-to-murder\/\" \/>\n<meta property=\"og:locale\" content=\"en_US\" \/>\n<meta property=\"og:type\" content=\"article\" \/>\n<meta property=\"og:title\" content=\"Following the attempted assassination of Donald Trump, Serbia\u2019s leaders accuse independent media outlets of promoting hatred that could lead to murder\" \/>\n<meta property=\"og:description\" content=\"July 15, 2024 Responding to news of the attempted assassination of U.S. presidential candidate Donald Trump, Ana Brnabi\u0107, current Speaker of the Serbian Assembly and former Serbian Prime Minister, has directed a call and request to \u201cthe elites in Serbia and their independent media\u201d to acknowledge the possible real-world consequences of \u201cthe hatred that they promote on a daily basis\u201d and \u201cthe lies that they spin\u201d. This call forms part of an almost daily campaign being conducted by the political [&hellip;]\" \/>\n<meta property=\"og:url\" content=\"https:\/\/www.slavkocuruvijafondacija.rs\/en\/following-the-attempted-assassination-of-donald-trump-serbias-leaders-accuse-independent-media-outlets-of-promoting-hatred-that-could-lead-to-murder\/\" \/>\n<meta property=\"og:site_name\" content=\"Slavko \u0106uruvija fondacija\" \/>\n<meta property=\"article:publisher\" content=\"https:\/\/www.facebook.com\/slavkocuruvijafondacija\/\" \/>\n<meta property=\"article:published_time\" content=\"2024-07-15T11:09:41+00:00\" \/>\n<meta property=\"article:modified_time\" content=\"2024-07-23T11:09:52+00:00\" \/>\n<meta property=\"og:image\" content=\"https:\/\/www.slavkocuruvijafondacija.rs\/wp-content\/uploads\/2023\/02\/brnabic-tvprva.jpg\" \/>\n\t<meta property=\"og:image:width\" content=\"1000\" \/>\n\t<meta property=\"og:image:height\" content=\"666\" \/>\n\t<meta property=\"og:image:type\" content=\"image\/jpeg\" \/>\n<meta name=\"author\" content=\"Vojin Mitrovic\" \/>\n<meta name=\"twitter:card\" content=\"summary_large_image\" \/>\n<meta name=\"twitter:creator\" content=\"@scfondacija\" \/>\n<meta name=\"twitter:site\" content=\"@scfondacija\" \/>\n<meta name=\"twitter:label1\" content=\"Written by\" \/>\n\t<meta name=\"twitter:data1\" content=\"Vojin Mitrovic\" \/>\n\t<meta name=\"twitter:label2\" content=\"Est. reading time\" \/>\n\t<meta name=\"twitter:data2\" content=\"2 minutes\" \/>\n<script type=\"application\/ld+json\" class=\"yoast-schema-graph\">{\"@context\":\"https:\/\/schema.org\",\"@graph\":[{\"@type\":\"Article\",\"@id\":\"https:\/\/www.slavkocuruvijafondacija.rs\/en\/following-the-attempted-assassination-of-donald-trump-serbias-leaders-accuse-independent-media-outlets-of-promoting-hatred-that-could-lead-to-murder\/#article\",\"isPartOf\":{\"@id\":\"https:\/\/www.slavkocuruvijafondacija.rs\/en\/following-the-attempted-assassination-of-donald-trump-serbias-leaders-accuse-independent-media-outlets-of-promoting-hatred-that-could-lead-to-murder\/\"},\"author\":{\"name\":\"Vojin Mitrovic\",\"@id\":\"https:\/\/www.slavkocuruvijafondacija.rs\/#\/schema\/person\/d235fc303ee4385f0d60f7be176eb741\"},\"headline\":\"Following the attempted assassination of Donald Trump, Serbia\u2019s leaders accuse independent media outlets of promoting hatred that could lead to murder\",\"datePublished\":\"2024-07-15T11:09:41+00:00\",\"dateModified\":\"2024-07-23T11:09:52+00:00\",\"mainEntityOfPage\":{\"@id\":\"https:\/\/www.slavkocuruvijafondacija.rs\/en\/following-the-attempted-assassination-of-donald-trump-serbias-leaders-accuse-independent-media-outlets-of-promoting-hatred-that-could-lead-to-murder\/\"},\"wordCount\":399,\"publisher\":{\"@id\":\"https:\/\/www.slavkocuruvijafondacija.rs\/#organization\"},\"image\":{\"@id\":\"https:\/\/www.slavkocuruvijafondacija.rs\/en\/following-the-attempted-assassination-of-donald-trump-serbias-leaders-accuse-independent-media-outlets-of-promoting-hatred-that-could-lead-to-murder\/#primaryimage\"},\"thumbnailUrl\":\"https:\/\/www.slavkocuruvijafondacija.rs\/wp-content\/uploads\/2023\/02\/brnabic-tvprva.jpg\",\"articleSection\":[\"News\"],\"inLanguage\":\"en-US\"},{\"@type\":\"WebPage\",\"@id\":\"https:\/\/www.slavkocuruvijafondacija.rs\/en\/following-the-attempted-assassination-of-donald-trump-serbias-leaders-accuse-independent-media-outlets-of-promoting-hatred-that-could-lead-to-murder\/\",\"url\":\"https:\/\/www.slavkocuruvijafondacija.rs\/en\/following-the-attempted-assassination-of-donald-trump-serbias-leaders-accuse-independent-media-outlets-of-promoting-hatred-that-could-lead-to-murder\/\",\"name\":\"Following the attempted assassination of Donald Trump, Serbia\u2019s leaders accuse independent media outlets of promoting hatred that could lead to murder\",\"isPartOf\":{\"@id\":\"https:\/\/www.slavkocuruvijafondacija.rs\/#website\"},\"primaryImageOfPage\":{\"@id\":\"https:\/\/www.slavkocuruvijafondacija.rs\/en\/following-the-attempted-assassination-of-donald-trump-serbias-leaders-accuse-independent-media-outlets-of-promoting-hatred-that-could-lead-to-murder\/#primaryimage\"},\"image\":{\"@id\":\"https:\/\/www.slavkocuruvijafondacija.rs\/en\/following-the-attempted-assassination-of-donald-trump-serbias-leaders-accuse-independent-media-outlets-of-promoting-hatred-that-could-lead-to-murder\/#primaryimage\"},\"thumbnailUrl\":\"https:\/\/www.slavkocuruvijafondacija.rs\/wp-content\/uploads\/2023\/02\/brnabic-tvprva.jpg\",\"datePublished\":\"2024-07-15T11:09:41+00:00\",\"dateModified\":\"2024-07-23T11:09:52+00:00\",\"inLanguage\":\"en-US\",\"potentialAction\":[{\"@type\":\"ReadAction\",\"target\":[\"https:\/\/www.slavkocuruvijafondacija.rs\/en\/following-the-attempted-assassination-of-donald-trump-serbias-leaders-accuse-independent-media-outlets-of-promoting-hatred-that-could-lead-to-murder\/\"]}]},{\"@type\":\"ImageObject\",\"inLanguage\":\"en-US\",\"@id\":\"https:\/\/www.slavkocuruvijafondacija.rs\/en\/following-the-attempted-assassination-of-donald-trump-serbias-leaders-accuse-independent-media-outlets-of-promoting-hatred-that-could-lead-to-murder\/#primaryimage\",\"url\":\"https:\/\/www.slavkocuruvijafondacija.rs\/wp-content\/uploads\/2023\/02\/brnabic-tvprva.jpg\",\"contentUrl\":\"https:\/\/www.slavkocuruvijafondacija.rs\/wp-content\/uploads\/2023\/02\/brnabic-tvprva.jpg\",\"width\":1000,\"height\":666,\"caption\":\"Screenshot, TV Prva\"},{\"@type\":\"WebSite\",\"@id\":\"https:\/\/www.slavkocuruvijafondacija.rs\/#website\",\"url\":\"https:\/\/www.slavkocuruvijafondacija.rs\/\",\"name\":\"Slavko \u0106uruvija fondacija\",\"description\":\"Slavko \u0106uruvija fondacija (S\u0106F) radi na promociji i unapre\u0111enju slobodnih, nezavisnih i odgovornih medija u Srbiji.\",\"publisher\":{\"@id\":\"https:\/\/www.slavkocuruvijafondacija.rs\/#organization\"},\"potentialAction\":[{\"@type\":\"SearchAction\",\"target\":{\"@type\":\"EntryPoint\",\"urlTemplate\":\"https:\/\/www.slavkocuruvijafondacija.rs\/?s={search_term_string}\"},\"query-input\":{\"@type\":\"PropertyValueSpecification\",\"valueRequired\":true,\"valueName\":\"search_term_string\"}}],\"inLanguage\":\"en-US\"},{\"@type\":\"Organization\",\"@id\":\"https:\/\/www.slavkocuruvijafondacija.rs\/#organization\",\"name\":\"Slavko Curuvija Foundation\",\"url\":\"https:\/\/www.slavkocuruvijafondacija.rs\/\",\"logo\":{\"@type\":\"ImageObject\",\"inLanguage\":\"en-US\",\"@id\":\"https:\/\/www.slavkocuruvijafondacija.rs\/#\/schema\/logo\/image\/\",\"url\":\"https:\/\/www.slavkocuruvijafondacija.rs\/wp-content\/uploads\/2021\/03\/SCF-Logo-900-600.jpg\",\"contentUrl\":\"https:\/\/www.slavkocuruvijafondacija.rs\/wp-content\/uploads\/2021\/03\/SCF-Logo-900-600.jpg\",\"width\":900,\"height\":600,\"caption\":\"Slavko Curuvija Foundation\"},\"image\":{\"@id\":\"https:\/\/www.slavkocuruvijafondacija.rs\/#\/schema\/logo\/image\/\"},\"sameAs\":[\"https:\/\/www.facebook.com\/slavkocuruvijafondacija\/\",\"https:\/\/x.com\/scfondacija\",\"https:\/\/www.instagram.com\/slavko_curuvija_fondacija\/\",\"https:\/\/www.linkedin.com\/company\/slavko-curuvija-foundation\/\",\"https:\/\/www.youtube.com\/channel\/UCEDcWS1sfG6qvaiBvVJJVRQ\"]},{\"@type\":\"Person\",\"@id\":\"https:\/\/www.slavkocuruvijafondacija.rs\/#\/schema\/person\/d235fc303ee4385f0d60f7be176eb741\",\"name\":\"Vojin Mitrovic\",\"image\":{\"@type\":\"ImageObject\",\"inLanguage\":\"en-US\",\"@id\":\"https:\/\/www.slavkocuruvijafondacija.rs\/#\/schema\/person\/image\/\",\"url\":\"https:\/\/secure.gravatar.com\/avatar\/ac7796564557f0f54e187b1b171f1796a9afbb07e218a2a28395548648bd49e1?s=96&d=mm&r=g\",\"contentUrl\":\"https:\/\/secure.gravatar.com\/avatar\/ac7796564557f0f54e187b1b171f1796a9afbb07e218a2a28395548648bd49e1?s=96&d=mm&r=g\",\"caption\":\"Vojin Mitrovic\"},\"url\":\"https:\/\/www.slavkocuruvijafondacija.rs\/en\/author\/vojin\/\"}]}<\/script>\n<!-- \/ Yoast SEO plugin. -->","yoast_head_json":{"title":"Following the attempted assassination of Donald Trump, Serbia\u2019s leaders accuse independent media outlets of promoting hatred that could lead to murder","robots":{"index":"index","follow":"follow","max-snippet":"max-snippet:-1","max-image-preview":"max-image-preview:large","max-video-preview":"max-video-preview:-1"},"canonical":"https:\/\/www.slavkocuruvijafondacija.rs\/en\/following-the-attempted-assassination-of-donald-trump-serbias-leaders-accuse-independent-media-outlets-of-promoting-hatred-that-could-lead-to-murder\/","og_locale":"en_US","og_type":"article","og_title":"Following the attempted assassination of Donald Trump, Serbia\u2019s leaders accuse independent media outlets of promoting hatred that could lead to murder","og_description":"July 15, 2024 Responding to news of the attempted assassination of U.S. presidential candidate Donald Trump, Ana Brnabi\u0107, current Speaker of the Serbian Assembly and former Serbian Prime Minister, has directed a call and request to \u201cthe elites in Serbia and their independent media\u201d to acknowledge the possible real-world consequences of \u201cthe hatred that they promote on a daily basis\u201d and \u201cthe lies that they spin\u201d. This call forms part of an almost daily campaign being conducted by the political [&hellip;]","og_url":"https:\/\/www.slavkocuruvijafondacija.rs\/en\/following-the-attempted-assassination-of-donald-trump-serbias-leaders-accuse-independent-media-outlets-of-promoting-hatred-that-could-lead-to-murder\/","og_site_name":"Slavko \u0106uruvija fondacija","article_publisher":"https:\/\/www.facebook.com\/slavkocuruvijafondacija\/","article_published_time":"2024-07-15T11:09:41+00:00","article_modified_time":"2024-07-23T11:09:52+00:00","og_image":[{"width":1000,"height":666,"url":"https:\/\/www.slavkocuruvijafondacija.rs\/wp-content\/uploads\/2023\/02\/brnabic-tvprva.jpg","type":"image\/jpeg"}],"author":"Vojin Mitrovic","twitter_card":"summary_large_image","twitter_creator":"@scfondacija","twitter_site":"@scfondacija","twitter_misc":{"Written by":"Vojin Mitrovic","Est. reading time":"2 minutes"},"schema":{"@context":"https:\/\/schema.org","@graph":[{"@type":"Article","@id":"https:\/\/www.slavkocuruvijafondacija.rs\/en\/following-the-attempted-assassination-of-donald-trump-serbias-leaders-accuse-independent-media-outlets-of-promoting-hatred-that-could-lead-to-murder\/#article","isPartOf":{"@id":"https:\/\/www.slavkocuruvijafondacija.rs\/en\/following-the-attempted-assassination-of-donald-trump-serbias-leaders-accuse-independent-media-outlets-of-promoting-hatred-that-could-lead-to-murder\/"},"author":{"name":"Vojin Mitrovic","@id":"https:\/\/www.slavkocuruvijafondacija.rs\/#\/schema\/person\/d235fc303ee4385f0d60f7be176eb741"},"headline":"Following the attempted assassination of Donald Trump, Serbia\u2019s leaders accuse independent media outlets of promoting hatred that could lead to murder","datePublished":"2024-07-15T11:09:41+00:00","dateModified":"2024-07-23T11:09:52+00:00","mainEntityOfPage":{"@id":"https:\/\/www.slavkocuruvijafondacija.rs\/en\/following-the-attempted-assassination-of-donald-trump-serbias-leaders-accuse-independent-media-outlets-of-promoting-hatred-that-could-lead-to-murder\/"},"wordCount":399,"publisher":{"@id":"https:\/\/www.slavkocuruvijafondacija.rs\/#organization"},"image":{"@id":"https:\/\/www.slavkocuruvijafondacija.rs\/en\/following-the-attempted-assassination-of-donald-trump-serbias-leaders-accuse-independent-media-outlets-of-promoting-hatred-that-could-lead-to-murder\/#primaryimage"},"thumbnailUrl":"https:\/\/www.slavkocuruvijafondacija.rs\/wp-content\/uploads\/2023\/02\/brnabic-tvprva.jpg","articleSection":["News"],"inLanguage":"en-US"},{"@type":"WebPage","@id":"https:\/\/www.slavkocuruvijafondacija.rs\/en\/following-the-attempted-assassination-of-donald-trump-serbias-leaders-accuse-independent-media-outlets-of-promoting-hatred-that-could-lead-to-murder\/","url":"https:\/\/www.slavkocuruvijafondacija.rs\/en\/following-the-attempted-assassination-of-donald-trump-serbias-leaders-accuse-independent-media-outlets-of-promoting-hatred-that-could-lead-to-murder\/","name":"Following the attempted assassination of Donald Trump, Serbia\u2019s leaders accuse independent media outlets of promoting hatred that could lead to murder","isPartOf":{"@id":"https:\/\/www.slavkocuruvijafondacija.rs\/#website"},"primaryImageOfPage":{"@id":"https:\/\/www.slavkocuruvijafondacija.rs\/en\/following-the-attempted-assassination-of-donald-trump-serbias-leaders-accuse-independent-media-outlets-of-promoting-hatred-that-could-lead-to-murder\/#primaryimage"},"image":{"@id":"https:\/\/www.slavkocuruvijafondacija.rs\/en\/following-the-attempted-assassination-of-donald-trump-serbias-leaders-accuse-independent-media-outlets-of-promoting-hatred-that-could-lead-to-murder\/#primaryimage"},"thumbnailUrl":"https:\/\/www.slavkocuruvijafondacija.rs\/wp-content\/uploads\/2023\/02\/brnabic-tvprva.jpg","datePublished":"2024-07-15T11:09:41+00:00","dateModified":"2024-07-23T11:09:52+00:00","inLanguage":"en-US","potentialAction":[{"@type":"ReadAction","target":["https:\/\/www.slavkocuruvijafondacija.rs\/en\/following-the-attempted-assassination-of-donald-trump-serbias-leaders-accuse-independent-media-outlets-of-promoting-hatred-that-could-lead-to-murder\/"]}]},{"@type":"ImageObject","inLanguage":"en-US","@id":"https:\/\/www.slavkocuruvijafondacija.rs\/en\/following-the-attempted-assassination-of-donald-trump-serbias-leaders-accuse-independent-media-outlets-of-promoting-hatred-that-could-lead-to-murder\/#primaryimage","url":"https:\/\/www.slavkocuruvijafondacija.rs\/wp-content\/uploads\/2023\/02\/brnabic-tvprva.jpg","contentUrl":"https:\/\/www.slavkocuruvijafondacija.rs\/wp-content\/uploads\/2023\/02\/brnabic-tvprva.jpg","width":1000,"height":666,"caption":"Screenshot, TV Prva"},{"@type":"WebSite","@id":"https:\/\/www.slavkocuruvijafondacija.rs\/#website","url":"https:\/\/www.slavkocuruvijafondacija.rs\/","name":"Slavko \u0106uruvija fondacija","description":"Slavko \u0106uruvija fondacija (S\u0106F) radi na promociji i unapre\u0111enju slobodnih, nezavisnih i odgovornih medija u Srbiji.","publisher":{"@id":"https:\/\/www.slavkocuruvijafondacija.rs\/#organization"},"potentialAction":[{"@type":"SearchAction","target":{"@type":"EntryPoint","urlTemplate":"https:\/\/www.slavkocuruvijafondacija.rs\/?s={search_term_string}"},"query-input":{"@type":"PropertyValueSpecification","valueRequired":true,"valueName":"search_term_string"}}],"inLanguage":"en-US"},{"@type":"Organization","@id":"https:\/\/www.slavkocuruvijafondacija.rs\/#organization","name":"Slavko Curuvija Foundation","url":"https:\/\/www.slavkocuruvijafondacija.rs\/","logo":{"@type":"ImageObject","inLanguage":"en-US","@id":"https:\/\/www.slavkocuruvijafondacija.rs\/#\/schema\/logo\/image\/","url":"https:\/\/www.slavkocuruvijafondacija.rs\/wp-content\/uploads\/2021\/03\/SCF-Logo-900-600.jpg","contentUrl":"https:\/\/www.slavkocuruvijafondacija.rs\/wp-content\/uploads\/2021\/03\/SCF-Logo-900-600.jpg","width":900,"height":600,"caption":"Slavko Curuvija Foundation"},"image":{"@id":"https:\/\/www.slavkocuruvijafondacija.rs\/#\/schema\/logo\/image\/"},"sameAs":["https:\/\/www.facebook.com\/slavkocuruvijafondacija\/","https:\/\/x.com\/scfondacija","https:\/\/www.instagram.com\/slavko_curuvija_fondacija\/","https:\/\/www.linkedin.com\/company\/slavko-curuvija-foundation\/","https:\/\/www.youtube.com\/channel\/UCEDcWS1sfG6qvaiBvVJJVRQ"]},{"@type":"Person","@id":"https:\/\/www.slavkocuruvijafondacija.rs\/#\/schema\/person\/d235fc303ee4385f0d60f7be176eb741","name":"Vojin Mitrovic","image":{"@type":"ImageObject","inLanguage":"en-US","@id":"https:\/\/www.slavkocuruvijafondacija.rs\/#\/schema\/person\/image\/","url":"https:\/\/secure.gravatar.com\/avatar\/ac7796564557f0f54e187b1b171f1796a9afbb07e218a2a28395548648bd49e1?s=96&d=mm&r=g","contentUrl":"https:\/\/secure.gravatar.com\/avatar\/ac7796564557f0f54e187b1b171f1796a9afbb07e218a2a28395548648bd49e1?s=96&d=mm&r=g","caption":"Vojin Mitrovic"},"url":"https:\/\/www.slavkocuruvijafondacija.rs\/en\/author\/vojin\/"}]}},"_links":{"self":[{"href":"https:\/\/www.slavkocuruvijafondacija.rs\/en\/wp-json\/wp\/v2\/posts\/9717","targetHints":{"allow":["GET"]}}],"collection":[{"href":"https:\/\/www.slavkocuruvijafondacija.rs\/en\/wp-json\/wp\/v2\/posts"}],"about":[{"href":"https:\/\/www.slavkocuruvijafondacija.rs\/en\/wp-json\/wp\/v2\/types\/post"}],"author":[{"embeddable":true,"href":"https:\/\/www.slavkocuruvijafondacija.rs\/en\/wp-json\/wp\/v2\/users\/4"}],"replies":[{"embeddable":true,"href":"https:\/\/www.slavkocuruvijafondacija.rs\/en\/wp-json\/wp\/v2\/comments?post=9717"}],"version-history":[{"count":1,"href":"https:\/\/www.slavkocuruvijafondacija.rs\/en\/wp-json\/wp\/v2\/posts\/9717\/revisions"}],"predecessor-version":[{"id":9718,"href":"https:\/\/www.slavkocuruvijafondacija.rs\/en\/wp-json\/wp\/v2\/posts\/9717\/revisions\/9718"}],"wp:featuredmedia":[{"embeddable":true,"href":"https:\/\/www.slavkocuruvijafondacija.rs\/en\/wp-json\/wp\/v2\/media\/8138"}],"wp:attachment":[{"href":"https:\/\/www.slavkocuruvijafondacija.rs\/en\/wp-json\/wp\/v2\/media?parent=9717"}],"wp:term":[{"taxonomy":"category","embeddable":true,"href":"https:\/\/www.slavkocuruvijafondacija.rs\/en\/wp-json\/wp\/v2\/categories?post=9717"},{"taxonomy":"post_tag","embeddable":true,"href":"https:\/\/www.slavkocuruvijafondacija.rs\/en\/wp-json\/wp\/v2\/tags?post=9717"}],"curies":[{"name":"wp","href":"https:\/\/api.w.org\/{rel}","templated":true}]}}