{"id":9572,"date":"2024-04-16T15:42:31","date_gmt":"2024-04-16T13:42:31","guid":{"rendered":"https:\/\/www.slavkocuruvijafondacija.rs\/?p=9572"},"modified":"2024-04-16T15:42:31","modified_gmt":"2024-04-16T13:42:31","slug":"quarter-of-a-century-since-the-murder-of-journalist-slavko-curuvija-despondent-reminder-of-the-collapse-of-the-state-against-its-own-criminal-structures","status":"publish","type":"post","link":"https:\/\/www.slavkocuruvijafondacija.rs\/en\/quarter-of-a-century-since-the-murder-of-journalist-slavko-curuvija-despondent-reminder-of-the-collapse-of-the-state-against-its-own-criminal-structures\/","title":{"rendered":"Quarter of a century since the murder of journalist Slavko \u0106uruvija: despondent reminder of the collapse of the state against its own criminal structures"},"content":{"rendered":"<p>April 16, 2024<\/p>\n<hr \/>\n<h2>On the 25th anniversary of the murder of journalist Slavko \u0106uruvija, the foundation bearing his name noted that this is the first anniversary \u201cthat we are commemorating without any hope that this crime\u2019s organisers and perpetrators will receive punishment\u201d.<\/h2>\n<p>Specifically, the Court of Appeal in Belgrade announced in February that it had overturned the verdict of the first-instance court, which sentenced four former members of the Department of State Security to a total of 100 years in prison, and that it had freed them all of responsibility for this crime.<\/p>\n<p>The verdict was condemned by the general public, particularly in light of the proven fact that members of the State Security Department had been monitoring Slavko \u0106uruvija right up until the murder itself.<\/p>\n<p>The Slavko \u0106uruvija Foundation announced that this anniversary of the murder \u201cwill serve as a sad reminder of the collapse of the state in the face of its own criminal structures.&#8221;<\/p>\n<p>Marko Somborac, vice president of the Independent Journalists\u2019 Association of Serbia, said that instead of punishing the perpetrators of \u0106uruvija\u2019s murder and those who ordered it, new attacks and witch-hunts against journalists are taking place in Serbia.<\/p>\n<p>\u017divojin Rako\u010devi\u0107, president of the Journalists\u2019 Association of Serbia, said that, in \u0106uruvija\u2019s case, \u201cjustice is dead, but the truth is alive\u201d.<\/p>\n<p>Veran Mati\u0107, from the Commission for Investigating Murders of Journalists, said that the acquittal shows that Serbian society \u201cisn\u2019t ready to confront its past and to reform the violent society of the \u201890s\u201d.<\/p>\n","protected":false},"excerpt":{"rendered":"<p>April 16, 2024 On the 25th anniversary of the murder of journalist Slavko \u0106uruvija, the foundation bearing his name noted that this is the first anniversary \u201cthat we are commemorating without any hope that this crime\u2019s organisers and perpetrators will receive punishment\u201d. Specifically, the Court of Appeal in Belgrade announced in February that it had overturned the verdict of the first-instance court, which sentenced four former members of the Department of State Security to a total of 100 years in [&hellip;]<\/p>\n","protected":false},"author":4,"featured_media":4325,"comment_status":"closed","ping_status":"open","sticky":false,"template":"","format":"standard","meta":{"footnotes":""},"categories":[8],"tags":[],"class_list":["post-9572","post","type-post","status-publish","format-standard","has-post-thumbnail","hentry","category-content-en"],"yoast_head":"<!-- This site is optimized with the Yoast SEO plugin v25.6 - https:\/\/yoast.com\/wordpress\/plugins\/seo\/ -->\n<title>Quarter of a century since the murder of journalist Slavko \u0106uruvija: despondent reminder of the collapse of the state against its own criminal structures<\/title>\n<meta name=\"robots\" content=\"index, follow, max-snippet:-1, max-image-preview:large, max-video-preview:-1\" \/>\n<link rel=\"canonical\" href=\"https:\/\/www.slavkocuruvijafondacija.rs\/en\/quarter-of-a-century-since-the-murder-of-journalist-slavko-curuvija-despondent-reminder-of-the-collapse-of-the-state-against-its-own-criminal-structures\/\" \/>\n<meta property=\"og:locale\" content=\"en_US\" \/>\n<meta property=\"og:type\" content=\"article\" \/>\n<meta property=\"og:title\" content=\"Quarter of a century since the murder of journalist Slavko \u0106uruvija: despondent reminder of the collapse of the state against its own criminal structures\" \/>\n<meta property=\"og:description\" content=\"April 16, 2024 On the 25th anniversary of the murder of journalist Slavko \u0106uruvija, the foundation bearing his name noted that this is the first anniversary \u201cthat we are commemorating without any hope that this crime\u2019s organisers and perpetrators will receive punishment\u201d. Specifically, the Court of Appeal in Belgrade announced in February that it had overturned the verdict of the first-instance court, which sentenced four former members of the Department of State Security to a total of 100 years in [&hellip;]\" \/>\n<meta property=\"og:url\" content=\"https:\/\/www.slavkocuruvijafondacija.rs\/en\/quarter-of-a-century-since-the-murder-of-journalist-slavko-curuvija-despondent-reminder-of-the-collapse-of-the-state-against-its-own-criminal-structures\/\" \/>\n<meta property=\"og:site_name\" content=\"Slavko \u0106uruvija fondacija\" \/>\n<meta property=\"article:publisher\" content=\"https:\/\/www.facebook.com\/slavkocuruvijafondacija\/\" \/>\n<meta property=\"article:published_time\" content=\"2024-04-16T13:42:31+00:00\" \/>\n<meta property=\"og:image\" content=\"https:\/\/www.slavkocuruvijafondacija.rs\/wp-content\/uploads\/2018\/10\/slavko_curuvija.jpg\" \/>\n\t<meta property=\"og:image:width\" content=\"800\" \/>\n\t<meta property=\"og:image:height\" content=\"520\" \/>\n\t<meta property=\"og:image:type\" content=\"image\/jpeg\" \/>\n<meta name=\"author\" content=\"Vojin Mitrovic\" \/>\n<meta name=\"twitter:card\" content=\"summary_large_image\" \/>\n<meta name=\"twitter:creator\" content=\"@scfondacija\" \/>\n<meta name=\"twitter:site\" content=\"@scfondacija\" \/>\n<meta name=\"twitter:label1\" content=\"Written by\" \/>\n\t<meta name=\"twitter:data1\" content=\"Vojin Mitrovic\" \/>\n\t<meta name=\"twitter:label2\" content=\"Est. reading time\" \/>\n\t<meta name=\"twitter:data2\" content=\"2 minutes\" \/>\n<script type=\"application\/ld+json\" class=\"yoast-schema-graph\">{\"@context\":\"https:\/\/schema.org\",\"@graph\":[{\"@type\":\"Article\",\"@id\":\"https:\/\/www.slavkocuruvijafondacija.rs\/en\/quarter-of-a-century-since-the-murder-of-journalist-slavko-curuvija-despondent-reminder-of-the-collapse-of-the-state-against-its-own-criminal-structures\/#article\",\"isPartOf\":{\"@id\":\"https:\/\/www.slavkocuruvijafondacija.rs\/en\/quarter-of-a-century-since-the-murder-of-journalist-slavko-curuvija-despondent-reminder-of-the-collapse-of-the-state-against-its-own-criminal-structures\/\"},\"author\":{\"name\":\"Vojin Mitrovic\",\"@id\":\"https:\/\/www.slavkocuruvijafondacija.rs\/#\/schema\/person\/d235fc303ee4385f0d60f7be176eb741\"},\"headline\":\"Quarter of a century since the murder of journalist Slavko \u0106uruvija: despondent reminder of the collapse of the state against its own criminal structures\",\"datePublished\":\"2024-04-16T13:42:31+00:00\",\"mainEntityOfPage\":{\"@id\":\"https:\/\/www.slavkocuruvijafondacija.rs\/en\/quarter-of-a-century-since-the-murder-of-journalist-slavko-curuvija-despondent-reminder-of-the-collapse-of-the-state-against-its-own-criminal-structures\/\"},\"wordCount\":275,\"publisher\":{\"@id\":\"https:\/\/www.slavkocuruvijafondacija.rs\/#organization\"},\"image\":{\"@id\":\"https:\/\/www.slavkocuruvijafondacija.rs\/en\/quarter-of-a-century-since-the-murder-of-journalist-slavko-curuvija-despondent-reminder-of-the-collapse-of-the-state-against-its-own-criminal-structures\/#primaryimage\"},\"thumbnailUrl\":\"https:\/\/www.slavkocuruvijafondacija.rs\/wp-content\/uploads\/2018\/10\/slavko_curuvija.jpg\",\"articleSection\":[\"News\"],\"inLanguage\":\"en-US\"},{\"@type\":\"WebPage\",\"@id\":\"https:\/\/www.slavkocuruvijafondacija.rs\/en\/quarter-of-a-century-since-the-murder-of-journalist-slavko-curuvija-despondent-reminder-of-the-collapse-of-the-state-against-its-own-criminal-structures\/\",\"url\":\"https:\/\/www.slavkocuruvijafondacija.rs\/en\/quarter-of-a-century-since-the-murder-of-journalist-slavko-curuvija-despondent-reminder-of-the-collapse-of-the-state-against-its-own-criminal-structures\/\",\"name\":\"Quarter of a century since the murder of journalist Slavko \u0106uruvija: despondent reminder of the collapse of the state against its own criminal structures\",\"isPartOf\":{\"@id\":\"https:\/\/www.slavkocuruvijafondacija.rs\/#website\"},\"primaryImageOfPage\":{\"@id\":\"https:\/\/www.slavkocuruvijafondacija.rs\/en\/quarter-of-a-century-since-the-murder-of-journalist-slavko-curuvija-despondent-reminder-of-the-collapse-of-the-state-against-its-own-criminal-structures\/#primaryimage\"},\"image\":{\"@id\":\"https:\/\/www.slavkocuruvijafondacija.rs\/en\/quarter-of-a-century-since-the-murder-of-journalist-slavko-curuvija-despondent-reminder-of-the-collapse-of-the-state-against-its-own-criminal-structures\/#primaryimage\"},\"thumbnailUrl\":\"https:\/\/www.slavkocuruvijafondacija.rs\/wp-content\/uploads\/2018\/10\/slavko_curuvija.jpg\",\"datePublished\":\"2024-04-16T13:42:31+00:00\",\"inLanguage\":\"en-US\",\"potentialAction\":[{\"@type\":\"ReadAction\",\"target\":[\"https:\/\/www.slavkocuruvijafondacija.rs\/en\/quarter-of-a-century-since-the-murder-of-journalist-slavko-curuvija-despondent-reminder-of-the-collapse-of-the-state-against-its-own-criminal-structures\/\"]}]},{\"@type\":\"ImageObject\",\"inLanguage\":\"en-US\",\"@id\":\"https:\/\/www.slavkocuruvijafondacija.rs\/en\/quarter-of-a-century-since-the-murder-of-journalist-slavko-curuvija-despondent-reminder-of-the-collapse-of-the-state-against-its-own-criminal-structures\/#primaryimage\",\"url\":\"https:\/\/www.slavkocuruvijafondacija.rs\/wp-content\/uploads\/2018\/10\/slavko_curuvija.jpg\",\"contentUrl\":\"https:\/\/www.slavkocuruvijafondacija.rs\/wp-content\/uploads\/2018\/10\/slavko_curuvija.jpg\",\"width\":800,\"height\":520,\"caption\":\"Photo: Predrag Mitic, SCF\"},{\"@type\":\"WebSite\",\"@id\":\"https:\/\/www.slavkocuruvijafondacija.rs\/#website\",\"url\":\"https:\/\/www.slavkocuruvijafondacija.rs\/\",\"name\":\"Slavko \u0106uruvija fondacija\",\"description\":\"Slavko \u0106uruvija fondacija (S\u0106F) radi na promociji i unapre\u0111enju slobodnih, nezavisnih i odgovornih medija u Srbiji.\",\"publisher\":{\"@id\":\"https:\/\/www.slavkocuruvijafondacija.rs\/#organization\"},\"potentialAction\":[{\"@type\":\"SearchAction\",\"target\":{\"@type\":\"EntryPoint\",\"urlTemplate\":\"https:\/\/www.slavkocuruvijafondacija.rs\/?s={search_term_string}\"},\"query-input\":{\"@type\":\"PropertyValueSpecification\",\"valueRequired\":true,\"valueName\":\"search_term_string\"}}],\"inLanguage\":\"en-US\"},{\"@type\":\"Organization\",\"@id\":\"https:\/\/www.slavkocuruvijafondacija.rs\/#organization\",\"name\":\"Slavko Curuvija Foundation\",\"url\":\"https:\/\/www.slavkocuruvijafondacija.rs\/\",\"logo\":{\"@type\":\"ImageObject\",\"inLanguage\":\"en-US\",\"@id\":\"https:\/\/www.slavkocuruvijafondacija.rs\/#\/schema\/logo\/image\/\",\"url\":\"https:\/\/www.slavkocuruvijafondacija.rs\/wp-content\/uploads\/2021\/03\/SCF-Logo-900-600.jpg\",\"contentUrl\":\"https:\/\/www.slavkocuruvijafondacija.rs\/wp-content\/uploads\/2021\/03\/SCF-Logo-900-600.jpg\",\"width\":900,\"height\":600,\"caption\":\"Slavko Curuvija Foundation\"},\"image\":{\"@id\":\"https:\/\/www.slavkocuruvijafondacija.rs\/#\/schema\/logo\/image\/\"},\"sameAs\":[\"https:\/\/www.facebook.com\/slavkocuruvijafondacija\/\",\"https:\/\/x.com\/scfondacija\",\"https:\/\/www.instagram.com\/slavko_curuvija_fondacija\/\",\"https:\/\/www.linkedin.com\/company\/slavko-curuvija-foundation\/\",\"https:\/\/www.youtube.com\/channel\/UCEDcWS1sfG6qvaiBvVJJVRQ\"]},{\"@type\":\"Person\",\"@id\":\"https:\/\/www.slavkocuruvijafondacija.rs\/#\/schema\/person\/d235fc303ee4385f0d60f7be176eb741\",\"name\":\"Vojin Mitrovic\",\"image\":{\"@type\":\"ImageObject\",\"inLanguage\":\"en-US\",\"@id\":\"https:\/\/www.slavkocuruvijafondacija.rs\/#\/schema\/person\/image\/\",\"url\":\"https:\/\/secure.gravatar.com\/avatar\/ac7796564557f0f54e187b1b171f1796a9afbb07e218a2a28395548648bd49e1?s=96&d=mm&r=g\",\"contentUrl\":\"https:\/\/secure.gravatar.com\/avatar\/ac7796564557f0f54e187b1b171f1796a9afbb07e218a2a28395548648bd49e1?s=96&d=mm&r=g\",\"caption\":\"Vojin Mitrovic\"},\"url\":\"https:\/\/www.slavkocuruvijafondacija.rs\/en\/author\/vojin\/\"}]}<\/script>\n<!-- \/ Yoast SEO plugin. -->","yoast_head_json":{"title":"Quarter of a century since the murder of journalist Slavko \u0106uruvija: despondent reminder of the collapse of the state against its own criminal structures","robots":{"index":"index","follow":"follow","max-snippet":"max-snippet:-1","max-image-preview":"max-image-preview:large","max-video-preview":"max-video-preview:-1"},"canonical":"https:\/\/www.slavkocuruvijafondacija.rs\/en\/quarter-of-a-century-since-the-murder-of-journalist-slavko-curuvija-despondent-reminder-of-the-collapse-of-the-state-against-its-own-criminal-structures\/","og_locale":"en_US","og_type":"article","og_title":"Quarter of a century since the murder of journalist Slavko \u0106uruvija: despondent reminder of the collapse of the state against its own criminal structures","og_description":"April 16, 2024 On the 25th anniversary of the murder of journalist Slavko \u0106uruvija, the foundation bearing his name noted that this is the first anniversary \u201cthat we are commemorating without any hope that this crime\u2019s organisers and perpetrators will receive punishment\u201d. Specifically, the Court of Appeal in Belgrade announced in February that it had overturned the verdict of the first-instance court, which sentenced four former members of the Department of State Security to a total of 100 years in [&hellip;]","og_url":"https:\/\/www.slavkocuruvijafondacija.rs\/en\/quarter-of-a-century-since-the-murder-of-journalist-slavko-curuvija-despondent-reminder-of-the-collapse-of-the-state-against-its-own-criminal-structures\/","og_site_name":"Slavko \u0106uruvija fondacija","article_publisher":"https:\/\/www.facebook.com\/slavkocuruvijafondacija\/","article_published_time":"2024-04-16T13:42:31+00:00","og_image":[{"width":800,"height":520,"url":"https:\/\/www.slavkocuruvijafondacija.rs\/wp-content\/uploads\/2018\/10\/slavko_curuvija.jpg","type":"image\/jpeg"}],"author":"Vojin Mitrovic","twitter_card":"summary_large_image","twitter_creator":"@scfondacija","twitter_site":"@scfondacija","twitter_misc":{"Written by":"Vojin Mitrovic","Est. reading time":"2 minutes"},"schema":{"@context":"https:\/\/schema.org","@graph":[{"@type":"Article","@id":"https:\/\/www.slavkocuruvijafondacija.rs\/en\/quarter-of-a-century-since-the-murder-of-journalist-slavko-curuvija-despondent-reminder-of-the-collapse-of-the-state-against-its-own-criminal-structures\/#article","isPartOf":{"@id":"https:\/\/www.slavkocuruvijafondacija.rs\/en\/quarter-of-a-century-since-the-murder-of-journalist-slavko-curuvija-despondent-reminder-of-the-collapse-of-the-state-against-its-own-criminal-structures\/"},"author":{"name":"Vojin Mitrovic","@id":"https:\/\/www.slavkocuruvijafondacija.rs\/#\/schema\/person\/d235fc303ee4385f0d60f7be176eb741"},"headline":"Quarter of a century since the murder of journalist Slavko \u0106uruvija: despondent reminder of the collapse of the state against its own criminal structures","datePublished":"2024-04-16T13:42:31+00:00","mainEntityOfPage":{"@id":"https:\/\/www.slavkocuruvijafondacija.rs\/en\/quarter-of-a-century-since-the-murder-of-journalist-slavko-curuvija-despondent-reminder-of-the-collapse-of-the-state-against-its-own-criminal-structures\/"},"wordCount":275,"publisher":{"@id":"https:\/\/www.slavkocuruvijafondacija.rs\/#organization"},"image":{"@id":"https:\/\/www.slavkocuruvijafondacija.rs\/en\/quarter-of-a-century-since-the-murder-of-journalist-slavko-curuvija-despondent-reminder-of-the-collapse-of-the-state-against-its-own-criminal-structures\/#primaryimage"},"thumbnailUrl":"https:\/\/www.slavkocuruvijafondacija.rs\/wp-content\/uploads\/2018\/10\/slavko_curuvija.jpg","articleSection":["News"],"inLanguage":"en-US"},{"@type":"WebPage","@id":"https:\/\/www.slavkocuruvijafondacija.rs\/en\/quarter-of-a-century-since-the-murder-of-journalist-slavko-curuvija-despondent-reminder-of-the-collapse-of-the-state-against-its-own-criminal-structures\/","url":"https:\/\/www.slavkocuruvijafondacija.rs\/en\/quarter-of-a-century-since-the-murder-of-journalist-slavko-curuvija-despondent-reminder-of-the-collapse-of-the-state-against-its-own-criminal-structures\/","name":"Quarter of a century since the murder of journalist Slavko \u0106uruvija: despondent reminder of the collapse of the state against its own criminal structures","isPartOf":{"@id":"https:\/\/www.slavkocuruvijafondacija.rs\/#website"},"primaryImageOfPage":{"@id":"https:\/\/www.slavkocuruvijafondacija.rs\/en\/quarter-of-a-century-since-the-murder-of-journalist-slavko-curuvija-despondent-reminder-of-the-collapse-of-the-state-against-its-own-criminal-structures\/#primaryimage"},"image":{"@id":"https:\/\/www.slavkocuruvijafondacija.rs\/en\/quarter-of-a-century-since-the-murder-of-journalist-slavko-curuvija-despondent-reminder-of-the-collapse-of-the-state-against-its-own-criminal-structures\/#primaryimage"},"thumbnailUrl":"https:\/\/www.slavkocuruvijafondacija.rs\/wp-content\/uploads\/2018\/10\/slavko_curuvija.jpg","datePublished":"2024-04-16T13:42:31+00:00","inLanguage":"en-US","potentialAction":[{"@type":"ReadAction","target":["https:\/\/www.slavkocuruvijafondacija.rs\/en\/quarter-of-a-century-since-the-murder-of-journalist-slavko-curuvija-despondent-reminder-of-the-collapse-of-the-state-against-its-own-criminal-structures\/"]}]},{"@type":"ImageObject","inLanguage":"en-US","@id":"https:\/\/www.slavkocuruvijafondacija.rs\/en\/quarter-of-a-century-since-the-murder-of-journalist-slavko-curuvija-despondent-reminder-of-the-collapse-of-the-state-against-its-own-criminal-structures\/#primaryimage","url":"https:\/\/www.slavkocuruvijafondacija.rs\/wp-content\/uploads\/2018\/10\/slavko_curuvija.jpg","contentUrl":"https:\/\/www.slavkocuruvijafondacija.rs\/wp-content\/uploads\/2018\/10\/slavko_curuvija.jpg","width":800,"height":520,"caption":"Photo: Predrag Mitic, SCF"},{"@type":"WebSite","@id":"https:\/\/www.slavkocuruvijafondacija.rs\/#website","url":"https:\/\/www.slavkocuruvijafondacija.rs\/","name":"Slavko \u0106uruvija fondacija","description":"Slavko \u0106uruvija fondacija (S\u0106F) radi na promociji i unapre\u0111enju slobodnih, nezavisnih i odgovornih medija u Srbiji.","publisher":{"@id":"https:\/\/www.slavkocuruvijafondacija.rs\/#organization"},"potentialAction":[{"@type":"SearchAction","target":{"@type":"EntryPoint","urlTemplate":"https:\/\/www.slavkocuruvijafondacija.rs\/?s={search_term_string}"},"query-input":{"@type":"PropertyValueSpecification","valueRequired":true,"valueName":"search_term_string"}}],"inLanguage":"en-US"},{"@type":"Organization","@id":"https:\/\/www.slavkocuruvijafondacija.rs\/#organization","name":"Slavko Curuvija Foundation","url":"https:\/\/www.slavkocuruvijafondacija.rs\/","logo":{"@type":"ImageObject","inLanguage":"en-US","@id":"https:\/\/www.slavkocuruvijafondacija.rs\/#\/schema\/logo\/image\/","url":"https:\/\/www.slavkocuruvijafondacija.rs\/wp-content\/uploads\/2021\/03\/SCF-Logo-900-600.jpg","contentUrl":"https:\/\/www.slavkocuruvijafondacija.rs\/wp-content\/uploads\/2021\/03\/SCF-Logo-900-600.jpg","width":900,"height":600,"caption":"Slavko Curuvija Foundation"},"image":{"@id":"https:\/\/www.slavkocuruvijafondacija.rs\/#\/schema\/logo\/image\/"},"sameAs":["https:\/\/www.facebook.com\/slavkocuruvijafondacija\/","https:\/\/x.com\/scfondacija","https:\/\/www.instagram.com\/slavko_curuvija_fondacija\/","https:\/\/www.linkedin.com\/company\/slavko-curuvija-foundation\/","https:\/\/www.youtube.com\/channel\/UCEDcWS1sfG6qvaiBvVJJVRQ"]},{"@type":"Person","@id":"https:\/\/www.slavkocuruvijafondacija.rs\/#\/schema\/person\/d235fc303ee4385f0d60f7be176eb741","name":"Vojin Mitrovic","image":{"@type":"ImageObject","inLanguage":"en-US","@id":"https:\/\/www.slavkocuruvijafondacija.rs\/#\/schema\/person\/image\/","url":"https:\/\/secure.gravatar.com\/avatar\/ac7796564557f0f54e187b1b171f1796a9afbb07e218a2a28395548648bd49e1?s=96&d=mm&r=g","contentUrl":"https:\/\/secure.gravatar.com\/avatar\/ac7796564557f0f54e187b1b171f1796a9afbb07e218a2a28395548648bd49e1?s=96&d=mm&r=g","caption":"Vojin Mitrovic"},"url":"https:\/\/www.slavkocuruvijafondacija.rs\/en\/author\/vojin\/"}]}},"_links":{"self":[{"href":"https:\/\/www.slavkocuruvijafondacija.rs\/en\/wp-json\/wp\/v2\/posts\/9572","targetHints":{"allow":["GET"]}}],"collection":[{"href":"https:\/\/www.slavkocuruvijafondacija.rs\/en\/wp-json\/wp\/v2\/posts"}],"about":[{"href":"https:\/\/www.slavkocuruvijafondacija.rs\/en\/wp-json\/wp\/v2\/types\/post"}],"author":[{"embeddable":true,"href":"https:\/\/www.slavkocuruvijafondacija.rs\/en\/wp-json\/wp\/v2\/users\/4"}],"replies":[{"embeddable":true,"href":"https:\/\/www.slavkocuruvijafondacija.rs\/en\/wp-json\/wp\/v2\/comments?post=9572"}],"version-history":[{"count":1,"href":"https:\/\/www.slavkocuruvijafondacija.rs\/en\/wp-json\/wp\/v2\/posts\/9572\/revisions"}],"predecessor-version":[{"id":9573,"href":"https:\/\/www.slavkocuruvijafondacija.rs\/en\/wp-json\/wp\/v2\/posts\/9572\/revisions\/9573"}],"wp:featuredmedia":[{"embeddable":true,"href":"https:\/\/www.slavkocuruvijafondacija.rs\/en\/wp-json\/wp\/v2\/media\/4325"}],"wp:attachment":[{"href":"https:\/\/www.slavkocuruvijafondacija.rs\/en\/wp-json\/wp\/v2\/media?parent=9572"}],"wp:term":[{"taxonomy":"category","embeddable":true,"href":"https:\/\/www.slavkocuruvijafondacija.rs\/en\/wp-json\/wp\/v2\/categories?post=9572"},{"taxonomy":"post_tag","embeddable":true,"href":"https:\/\/www.slavkocuruvijafondacija.rs\/en\/wp-json\/wp\/v2\/tags?post=9572"}],"curies":[{"name":"wp","href":"https:\/\/api.w.org\/{rel}","templated":true}]}}