{"id":9566,"date":"2024-04-16T15:39:53","date_gmt":"2024-04-16T13:39:53","guid":{"rendered":"https:\/\/www.slavkocuruvijafondacija.rs\/?p=9566"},"modified":"2024-04-16T15:39:53","modified_gmt":"2024-04-16T13:39:53","slug":"serbian-president-vucics-tv-informer-guest-appearance-carried-by-80-television-stations","status":"publish","type":"post","link":"https:\/\/www.slavkocuruvijafondacija.rs\/en\/serbian-president-vucics-tv-informer-guest-appearance-carried-by-80-television-stations\/","title":{"rendered":"Serbian President Vu\u010di\u0107\u2019s TV Informer guest appearance carried by 80 television stations"},"content":{"rendered":"<p>April 16, 2024<\/p>\n<hr \/>\n<h2>Serbian President Aleksandar Vu\u010di\u0107 appeared as a guest of Informer Television, a TV channel founded by the eponymous tabloid newspaper, which is a propaganda gazette known for its campaigns against critics of the authorities and daily violations of the Journalists\u2019 Code of Ethics.<\/h2>\n<p>His guest appearance was aired by 80 local and cable television stations in Serbia, Republika Srpska and Montenegro, thereby violating the Law on Public Information and Media, which guarantees political pluralism in the media and prohibits monopolistic coverage.<\/p>\n<p>The violating of this Law compelled the Regulatory Body for Electronic Media to react. However, this body is under full government control and almost never responds to severe breaches of electronic media laws and rules.<\/p>\n<p>It is noteworthy that President Vu\u010di\u0107 has the undivided support of all television stations that possess national broadcast licenses and report like the personal propaganda media of the Serbian President in their informative\/news shows. His work is never criticised, while his critics are all regularly exposed to brutal campaigns.<\/p>\n","protected":false},"excerpt":{"rendered":"<p>April 16, 2024 Serbian President Aleksandar Vu\u010di\u0107 appeared as a guest of Informer Television, a TV channel founded by the eponymous tabloid newspaper, which is a propaganda gazette known for its campaigns against critics of the authorities and daily violations of the Journalists\u2019 Code of Ethics. His guest appearance was aired by 80 local and cable television stations in Serbia, Republika Srpska and Montenegro, thereby violating the Law on Public Information and Media, which guarantees political pluralism in the media [&hellip;]<\/p>\n","protected":false},"author":4,"featured_media":9567,"comment_status":"closed","ping_status":"open","sticky":false,"template":"","format":"standard","meta":{"footnotes":""},"categories":[8],"tags":[],"class_list":["post-9566","post","type-post","status-publish","format-standard","has-post-thumbnail","hentry","category-content-en"],"yoast_head":"<!-- This site is optimized with the Yoast SEO plugin v25.6 - https:\/\/yoast.com\/wordpress\/plugins\/seo\/ -->\n<title>Serbian President Vu\u010di\u0107\u2019s TV Informer guest appearance carried by 80 television stations<\/title>\n<meta name=\"robots\" content=\"index, follow, max-snippet:-1, max-image-preview:large, max-video-preview:-1\" \/>\n<link rel=\"canonical\" href=\"https:\/\/www.slavkocuruvijafondacija.rs\/en\/serbian-president-vucics-tv-informer-guest-appearance-carried-by-80-television-stations\/\" \/>\n<meta property=\"og:locale\" content=\"en_US\" \/>\n<meta property=\"og:type\" content=\"article\" \/>\n<meta property=\"og:title\" content=\"Serbian President Vu\u010di\u0107\u2019s TV Informer guest appearance carried by 80 television stations\" \/>\n<meta property=\"og:description\" content=\"April 16, 2024 Serbian President Aleksandar Vu\u010di\u0107 appeared as a guest of Informer Television, a TV channel founded by the eponymous tabloid newspaper, which is a propaganda gazette known for its campaigns against critics of the authorities and daily violations of the Journalists\u2019 Code of Ethics. His guest appearance was aired by 80 local and cable television stations in Serbia, Republika Srpska and Montenegro, thereby violating the Law on Public Information and Media, which guarantees political pluralism in the media [&hellip;]\" \/>\n<meta property=\"og:url\" content=\"https:\/\/www.slavkocuruvijafondacija.rs\/en\/serbian-president-vucics-tv-informer-guest-appearance-carried-by-80-television-stations\/\" \/>\n<meta property=\"og:site_name\" content=\"Slavko \u0106uruvija fondacija\" \/>\n<meta property=\"article:publisher\" content=\"https:\/\/www.facebook.com\/slavkocuruvijafondacija\/\" \/>\n<meta property=\"article:published_time\" content=\"2024-04-16T13:39:53+00:00\" \/>\n<meta property=\"og:image\" content=\"https:\/\/www.slavkocuruvijafondacija.rs\/wp-content\/uploads\/2024\/04\/vucic-tvinformer.jpg\" \/>\n\t<meta property=\"og:image:width\" content=\"1200\" \/>\n\t<meta property=\"og:image:height\" content=\"800\" \/>\n\t<meta property=\"og:image:type\" content=\"image\/jpeg\" \/>\n<meta name=\"author\" content=\"Vojin Mitrovic\" \/>\n<meta name=\"twitter:card\" content=\"summary_large_image\" \/>\n<meta name=\"twitter:creator\" content=\"@scfondacija\" \/>\n<meta name=\"twitter:site\" content=\"@scfondacija\" \/>\n<meta name=\"twitter:label1\" content=\"Written by\" \/>\n\t<meta name=\"twitter:data1\" content=\"Vojin Mitrovic\" \/>\n\t<meta name=\"twitter:label2\" content=\"Est. reading time\" \/>\n\t<meta name=\"twitter:data2\" content=\"1 minute\" \/>\n<script type=\"application\/ld+json\" class=\"yoast-schema-graph\">{\"@context\":\"https:\/\/schema.org\",\"@graph\":[{\"@type\":\"Article\",\"@id\":\"https:\/\/www.slavkocuruvijafondacija.rs\/en\/serbian-president-vucics-tv-informer-guest-appearance-carried-by-80-television-stations\/#article\",\"isPartOf\":{\"@id\":\"https:\/\/www.slavkocuruvijafondacija.rs\/en\/serbian-president-vucics-tv-informer-guest-appearance-carried-by-80-television-stations\/\"},\"author\":{\"name\":\"Vojin Mitrovic\",\"@id\":\"https:\/\/www.slavkocuruvijafondacija.rs\/#\/schema\/person\/d235fc303ee4385f0d60f7be176eb741\"},\"headline\":\"Serbian President Vu\u010di\u0107\u2019s TV Informer guest appearance carried by 80 television stations\",\"datePublished\":\"2024-04-16T13:39:53+00:00\",\"mainEntityOfPage\":{\"@id\":\"https:\/\/www.slavkocuruvijafondacija.rs\/en\/serbian-president-vucics-tv-informer-guest-appearance-carried-by-80-television-stations\/\"},\"wordCount\":181,\"publisher\":{\"@id\":\"https:\/\/www.slavkocuruvijafondacija.rs\/#organization\"},\"image\":{\"@id\":\"https:\/\/www.slavkocuruvijafondacija.rs\/en\/serbian-president-vucics-tv-informer-guest-appearance-carried-by-80-television-stations\/#primaryimage\"},\"thumbnailUrl\":\"https:\/\/www.slavkocuruvijafondacija.rs\/wp-content\/uploads\/2024\/04\/vucic-tvinformer.jpg\",\"articleSection\":[\"News\"],\"inLanguage\":\"en-US\"},{\"@type\":\"WebPage\",\"@id\":\"https:\/\/www.slavkocuruvijafondacija.rs\/en\/serbian-president-vucics-tv-informer-guest-appearance-carried-by-80-television-stations\/\",\"url\":\"https:\/\/www.slavkocuruvijafondacija.rs\/en\/serbian-president-vucics-tv-informer-guest-appearance-carried-by-80-television-stations\/\",\"name\":\"Serbian President Vu\u010di\u0107\u2019s TV Informer guest appearance carried by 80 television stations\",\"isPartOf\":{\"@id\":\"https:\/\/www.slavkocuruvijafondacija.rs\/#website\"},\"primaryImageOfPage\":{\"@id\":\"https:\/\/www.slavkocuruvijafondacija.rs\/en\/serbian-president-vucics-tv-informer-guest-appearance-carried-by-80-television-stations\/#primaryimage\"},\"image\":{\"@id\":\"https:\/\/www.slavkocuruvijafondacija.rs\/en\/serbian-president-vucics-tv-informer-guest-appearance-carried-by-80-television-stations\/#primaryimage\"},\"thumbnailUrl\":\"https:\/\/www.slavkocuruvijafondacija.rs\/wp-content\/uploads\/2024\/04\/vucic-tvinformer.jpg\",\"datePublished\":\"2024-04-16T13:39:53+00:00\",\"inLanguage\":\"en-US\",\"potentialAction\":[{\"@type\":\"ReadAction\",\"target\":[\"https:\/\/www.slavkocuruvijafondacija.rs\/en\/serbian-president-vucics-tv-informer-guest-appearance-carried-by-80-television-stations\/\"]}]},{\"@type\":\"ImageObject\",\"inLanguage\":\"en-US\",\"@id\":\"https:\/\/www.slavkocuruvijafondacija.rs\/en\/serbian-president-vucics-tv-informer-guest-appearance-carried-by-80-television-stations\/#primaryimage\",\"url\":\"https:\/\/www.slavkocuruvijafondacija.rs\/wp-content\/uploads\/2024\/04\/vucic-tvinformer.jpg\",\"contentUrl\":\"https:\/\/www.slavkocuruvijafondacija.rs\/wp-content\/uploads\/2024\/04\/vucic-tvinformer.jpg\",\"width\":1200,\"height\":800,\"caption\":\"Screenshot, TV Informer\"},{\"@type\":\"WebSite\",\"@id\":\"https:\/\/www.slavkocuruvijafondacija.rs\/#website\",\"url\":\"https:\/\/www.slavkocuruvijafondacija.rs\/\",\"name\":\"Slavko \u0106uruvija fondacija\",\"description\":\"Slavko \u0106uruvija fondacija (S\u0106F) radi na promociji i unapre\u0111enju slobodnih, nezavisnih i odgovornih medija u Srbiji.\",\"publisher\":{\"@id\":\"https:\/\/www.slavkocuruvijafondacija.rs\/#organization\"},\"potentialAction\":[{\"@type\":\"SearchAction\",\"target\":{\"@type\":\"EntryPoint\",\"urlTemplate\":\"https:\/\/www.slavkocuruvijafondacija.rs\/?s={search_term_string}\"},\"query-input\":{\"@type\":\"PropertyValueSpecification\",\"valueRequired\":true,\"valueName\":\"search_term_string\"}}],\"inLanguage\":\"en-US\"},{\"@type\":\"Organization\",\"@id\":\"https:\/\/www.slavkocuruvijafondacija.rs\/#organization\",\"name\":\"Slavko Curuvija Foundation\",\"url\":\"https:\/\/www.slavkocuruvijafondacija.rs\/\",\"logo\":{\"@type\":\"ImageObject\",\"inLanguage\":\"en-US\",\"@id\":\"https:\/\/www.slavkocuruvijafondacija.rs\/#\/schema\/logo\/image\/\",\"url\":\"https:\/\/www.slavkocuruvijafondacija.rs\/wp-content\/uploads\/2021\/03\/SCF-Logo-900-600.jpg\",\"contentUrl\":\"https:\/\/www.slavkocuruvijafondacija.rs\/wp-content\/uploads\/2021\/03\/SCF-Logo-900-600.jpg\",\"width\":900,\"height\":600,\"caption\":\"Slavko Curuvija Foundation\"},\"image\":{\"@id\":\"https:\/\/www.slavkocuruvijafondacija.rs\/#\/schema\/logo\/image\/\"},\"sameAs\":[\"https:\/\/www.facebook.com\/slavkocuruvijafondacija\/\",\"https:\/\/x.com\/scfondacija\",\"https:\/\/www.instagram.com\/slavko_curuvija_fondacija\/\",\"https:\/\/www.linkedin.com\/company\/slavko-curuvija-foundation\/\",\"https:\/\/www.youtube.com\/channel\/UCEDcWS1sfG6qvaiBvVJJVRQ\"]},{\"@type\":\"Person\",\"@id\":\"https:\/\/www.slavkocuruvijafondacija.rs\/#\/schema\/person\/d235fc303ee4385f0d60f7be176eb741\",\"name\":\"Vojin Mitrovic\",\"image\":{\"@type\":\"ImageObject\",\"inLanguage\":\"en-US\",\"@id\":\"https:\/\/www.slavkocuruvijafondacija.rs\/#\/schema\/person\/image\/\",\"url\":\"https:\/\/secure.gravatar.com\/avatar\/ac7796564557f0f54e187b1b171f1796a9afbb07e218a2a28395548648bd49e1?s=96&d=mm&r=g\",\"contentUrl\":\"https:\/\/secure.gravatar.com\/avatar\/ac7796564557f0f54e187b1b171f1796a9afbb07e218a2a28395548648bd49e1?s=96&d=mm&r=g\",\"caption\":\"Vojin Mitrovic\"},\"url\":\"https:\/\/www.slavkocuruvijafondacija.rs\/en\/author\/vojin\/\"}]}<\/script>\n<!-- \/ Yoast SEO plugin. -->","yoast_head_json":{"title":"Serbian President Vu\u010di\u0107\u2019s TV Informer guest appearance carried by 80 television stations","robots":{"index":"index","follow":"follow","max-snippet":"max-snippet:-1","max-image-preview":"max-image-preview:large","max-video-preview":"max-video-preview:-1"},"canonical":"https:\/\/www.slavkocuruvijafondacija.rs\/en\/serbian-president-vucics-tv-informer-guest-appearance-carried-by-80-television-stations\/","og_locale":"en_US","og_type":"article","og_title":"Serbian President Vu\u010di\u0107\u2019s TV Informer guest appearance carried by 80 television stations","og_description":"April 16, 2024 Serbian President Aleksandar Vu\u010di\u0107 appeared as a guest of Informer Television, a TV channel founded by the eponymous tabloid newspaper, which is a propaganda gazette known for its campaigns against critics of the authorities and daily violations of the Journalists\u2019 Code of Ethics. His guest appearance was aired by 80 local and cable television stations in Serbia, Republika Srpska and Montenegro, thereby violating the Law on Public Information and Media, which guarantees political pluralism in the media [&hellip;]","og_url":"https:\/\/www.slavkocuruvijafondacija.rs\/en\/serbian-president-vucics-tv-informer-guest-appearance-carried-by-80-television-stations\/","og_site_name":"Slavko \u0106uruvija fondacija","article_publisher":"https:\/\/www.facebook.com\/slavkocuruvijafondacija\/","article_published_time":"2024-04-16T13:39:53+00:00","og_image":[{"width":1200,"height":800,"url":"https:\/\/www.slavkocuruvijafondacija.rs\/wp-content\/uploads\/2024\/04\/vucic-tvinformer.jpg","type":"image\/jpeg"}],"author":"Vojin Mitrovic","twitter_card":"summary_large_image","twitter_creator":"@scfondacija","twitter_site":"@scfondacija","twitter_misc":{"Written by":"Vojin Mitrovic","Est. reading time":"1 minute"},"schema":{"@context":"https:\/\/schema.org","@graph":[{"@type":"Article","@id":"https:\/\/www.slavkocuruvijafondacija.rs\/en\/serbian-president-vucics-tv-informer-guest-appearance-carried-by-80-television-stations\/#article","isPartOf":{"@id":"https:\/\/www.slavkocuruvijafondacija.rs\/en\/serbian-president-vucics-tv-informer-guest-appearance-carried-by-80-television-stations\/"},"author":{"name":"Vojin Mitrovic","@id":"https:\/\/www.slavkocuruvijafondacija.rs\/#\/schema\/person\/d235fc303ee4385f0d60f7be176eb741"},"headline":"Serbian President Vu\u010di\u0107\u2019s TV Informer guest appearance carried by 80 television stations","datePublished":"2024-04-16T13:39:53+00:00","mainEntityOfPage":{"@id":"https:\/\/www.slavkocuruvijafondacija.rs\/en\/serbian-president-vucics-tv-informer-guest-appearance-carried-by-80-television-stations\/"},"wordCount":181,"publisher":{"@id":"https:\/\/www.slavkocuruvijafondacija.rs\/#organization"},"image":{"@id":"https:\/\/www.slavkocuruvijafondacija.rs\/en\/serbian-president-vucics-tv-informer-guest-appearance-carried-by-80-television-stations\/#primaryimage"},"thumbnailUrl":"https:\/\/www.slavkocuruvijafondacija.rs\/wp-content\/uploads\/2024\/04\/vucic-tvinformer.jpg","articleSection":["News"],"inLanguage":"en-US"},{"@type":"WebPage","@id":"https:\/\/www.slavkocuruvijafondacija.rs\/en\/serbian-president-vucics-tv-informer-guest-appearance-carried-by-80-television-stations\/","url":"https:\/\/www.slavkocuruvijafondacija.rs\/en\/serbian-president-vucics-tv-informer-guest-appearance-carried-by-80-television-stations\/","name":"Serbian President Vu\u010di\u0107\u2019s TV Informer guest appearance carried by 80 television stations","isPartOf":{"@id":"https:\/\/www.slavkocuruvijafondacija.rs\/#website"},"primaryImageOfPage":{"@id":"https:\/\/www.slavkocuruvijafondacija.rs\/en\/serbian-president-vucics-tv-informer-guest-appearance-carried-by-80-television-stations\/#primaryimage"},"image":{"@id":"https:\/\/www.slavkocuruvijafondacija.rs\/en\/serbian-president-vucics-tv-informer-guest-appearance-carried-by-80-television-stations\/#primaryimage"},"thumbnailUrl":"https:\/\/www.slavkocuruvijafondacija.rs\/wp-content\/uploads\/2024\/04\/vucic-tvinformer.jpg","datePublished":"2024-04-16T13:39:53+00:00","inLanguage":"en-US","potentialAction":[{"@type":"ReadAction","target":["https:\/\/www.slavkocuruvijafondacija.rs\/en\/serbian-president-vucics-tv-informer-guest-appearance-carried-by-80-television-stations\/"]}]},{"@type":"ImageObject","inLanguage":"en-US","@id":"https:\/\/www.slavkocuruvijafondacija.rs\/en\/serbian-president-vucics-tv-informer-guest-appearance-carried-by-80-television-stations\/#primaryimage","url":"https:\/\/www.slavkocuruvijafondacija.rs\/wp-content\/uploads\/2024\/04\/vucic-tvinformer.jpg","contentUrl":"https:\/\/www.slavkocuruvijafondacija.rs\/wp-content\/uploads\/2024\/04\/vucic-tvinformer.jpg","width":1200,"height":800,"caption":"Screenshot, TV Informer"},{"@type":"WebSite","@id":"https:\/\/www.slavkocuruvijafondacija.rs\/#website","url":"https:\/\/www.slavkocuruvijafondacija.rs\/","name":"Slavko \u0106uruvija fondacija","description":"Slavko \u0106uruvija fondacija (S\u0106F) radi na promociji i unapre\u0111enju slobodnih, nezavisnih i odgovornih medija u Srbiji.","publisher":{"@id":"https:\/\/www.slavkocuruvijafondacija.rs\/#organization"},"potentialAction":[{"@type":"SearchAction","target":{"@type":"EntryPoint","urlTemplate":"https:\/\/www.slavkocuruvijafondacija.rs\/?s={search_term_string}"},"query-input":{"@type":"PropertyValueSpecification","valueRequired":true,"valueName":"search_term_string"}}],"inLanguage":"en-US"},{"@type":"Organization","@id":"https:\/\/www.slavkocuruvijafondacija.rs\/#organization","name":"Slavko Curuvija Foundation","url":"https:\/\/www.slavkocuruvijafondacija.rs\/","logo":{"@type":"ImageObject","inLanguage":"en-US","@id":"https:\/\/www.slavkocuruvijafondacija.rs\/#\/schema\/logo\/image\/","url":"https:\/\/www.slavkocuruvijafondacija.rs\/wp-content\/uploads\/2021\/03\/SCF-Logo-900-600.jpg","contentUrl":"https:\/\/www.slavkocuruvijafondacija.rs\/wp-content\/uploads\/2021\/03\/SCF-Logo-900-600.jpg","width":900,"height":600,"caption":"Slavko Curuvija Foundation"},"image":{"@id":"https:\/\/www.slavkocuruvijafondacija.rs\/#\/schema\/logo\/image\/"},"sameAs":["https:\/\/www.facebook.com\/slavkocuruvijafondacija\/","https:\/\/x.com\/scfondacija","https:\/\/www.instagram.com\/slavko_curuvija_fondacija\/","https:\/\/www.linkedin.com\/company\/slavko-curuvija-foundation\/","https:\/\/www.youtube.com\/channel\/UCEDcWS1sfG6qvaiBvVJJVRQ"]},{"@type":"Person","@id":"https:\/\/www.slavkocuruvijafondacija.rs\/#\/schema\/person\/d235fc303ee4385f0d60f7be176eb741","name":"Vojin Mitrovic","image":{"@type":"ImageObject","inLanguage":"en-US","@id":"https:\/\/www.slavkocuruvijafondacija.rs\/#\/schema\/person\/image\/","url":"https:\/\/secure.gravatar.com\/avatar\/ac7796564557f0f54e187b1b171f1796a9afbb07e218a2a28395548648bd49e1?s=96&d=mm&r=g","contentUrl":"https:\/\/secure.gravatar.com\/avatar\/ac7796564557f0f54e187b1b171f1796a9afbb07e218a2a28395548648bd49e1?s=96&d=mm&r=g","caption":"Vojin Mitrovic"},"url":"https:\/\/www.slavkocuruvijafondacija.rs\/en\/author\/vojin\/"}]}},"_links":{"self":[{"href":"https:\/\/www.slavkocuruvijafondacija.rs\/en\/wp-json\/wp\/v2\/posts\/9566","targetHints":{"allow":["GET"]}}],"collection":[{"href":"https:\/\/www.slavkocuruvijafondacija.rs\/en\/wp-json\/wp\/v2\/posts"}],"about":[{"href":"https:\/\/www.slavkocuruvijafondacija.rs\/en\/wp-json\/wp\/v2\/types\/post"}],"author":[{"embeddable":true,"href":"https:\/\/www.slavkocuruvijafondacija.rs\/en\/wp-json\/wp\/v2\/users\/4"}],"replies":[{"embeddable":true,"href":"https:\/\/www.slavkocuruvijafondacija.rs\/en\/wp-json\/wp\/v2\/comments?post=9566"}],"version-history":[{"count":1,"href":"https:\/\/www.slavkocuruvijafondacija.rs\/en\/wp-json\/wp\/v2\/posts\/9566\/revisions"}],"predecessor-version":[{"id":9569,"href":"https:\/\/www.slavkocuruvijafondacija.rs\/en\/wp-json\/wp\/v2\/posts\/9566\/revisions\/9569"}],"wp:featuredmedia":[{"embeddable":true,"href":"https:\/\/www.slavkocuruvijafondacija.rs\/en\/wp-json\/wp\/v2\/media\/9567"}],"wp:attachment":[{"href":"https:\/\/www.slavkocuruvijafondacija.rs\/en\/wp-json\/wp\/v2\/media?parent=9566"}],"wp:term":[{"taxonomy":"category","embeddable":true,"href":"https:\/\/www.slavkocuruvijafondacija.rs\/en\/wp-json\/wp\/v2\/categories?post=9566"},{"taxonomy":"post_tag","embeddable":true,"href":"https:\/\/www.slavkocuruvijafondacija.rs\/en\/wp-json\/wp\/v2\/tags?post=9566"}],"curies":[{"name":"wp","href":"https:\/\/api.w.org\/{rel}","templated":true}]}}