{"id":9553,"date":"2024-04-02T14:12:28","date_gmt":"2024-04-02T12:12:28","guid":{"rendered":"https:\/\/www.slavkocuruvijafondacija.rs\/?p=9553"},"modified":"2024-04-08T14:13:14","modified_gmt":"2024-04-08T12:13:14","slug":"professor-dinko-gruhonjic-continues-to-receive-death-threats-and-face-persecution-over-edited-video","status":"publish","type":"post","link":"https:\/\/www.slavkocuruvijafondacija.rs\/en\/professor-dinko-gruhonjic-continues-to-receive-death-threats-and-face-persecution-over-edited-video\/","title":{"rendered":"Professor Dinko Gruhonji\u0107 continues to receive death threats and face persecution over edited video"},"content":{"rendered":"<p>April 2, 2024<\/p>\n<hr \/>\n<h2>A threatening graffiti message signed \u201cSrpska Vojvodina\u201d and reading \u201cDinko-\u0160aki\u0107, you\u2019re ready for your eternal home,\u201d was written on the entrance to the building where Dinko Gruhonji\u0107, programme director of the Independent\u00a0Journalists\u2019\u00a0Association\u00a0of Vojvodina (NDNV) and professor of journalism at the University of Novi Sad, lives together with his family.<\/h2>\n<p>Right-wing extremists, but also representatives of the ruling party, have dubbed Gruhonji\u0107 \u201cDinko \u0160aki\u0107\u201d in reference to the WWII war criminal and commander of Croatia\u2019s Jasenovac concentration and extermination camp that was known for the mass murders of Serbs, Jews and others. Critics of the Serbian authorities are often likened to the Ustasha fascists, in an attempt to show how much they hate Serbia and how they\u2019ve betrayed their own country.<\/p>\n<p>The latest accusations against Gruhonji\u0107 utilise an edited video clip from a forum held last year in Dubrovnik (Croatia) that included critical discussion of the WWII Ustasha. The video montage presents Gruhonji\u0107 as someone who glorifies \u0160aki\u0107.<\/p>\n<p>This prompted a veritable witch-hunt against Gruhonji\u0107, with countless death threats, persecution and the loss of job that all came via social media. There was also a continuation of the campaign of threats against NDNV president Ana Lali\u0107 that was launched just a few days prior (see Media Brief #169, released 15 March).<\/p>\n<p>An incursion of \u201cstudents\u201d at the Novi Sad college where he works, demanding his firing, was also organised.<\/p>\n<p>The NDNV called for people to gather in support of Gruhonji\u0107 and whitewash the threatening graffiti, but four young men turned up just before the start of the campaign and kicked over the painting equipment. The police failed to react to this incident or the previous incursion into the university.<\/p>\n<p>Serbian President Aleksandar Vu\u010di\u0107 stated that he would defend Gruhonji\u0107\u2019s right to a different opinion, but added in the same sentence: \u201cShame on you, Dinko Gruhonji\u0107\u201d, for allegedly glorifying the commander of the Ustasha camp, despite it already being known prior to this that the video footage had been altered.<\/p>\n<p>Gruhonji\u0107 announced that he is certain that the campaign of threats against him was actually created by President Vu\u010di\u0107 himself.<\/p>\n<p>The edited video resulted in Gruhonji\u0107 also being attacked by other politicians that hold senior government posts in Serbia, with the support of a section of public figures and professors who support the far right.<\/p>\n<p>Reporters Without Borders, PEN International, the International and European Federation of Journalists, the OSCE Mission to Serbia and others all sought a response from the Serbian authorities and the protecting of both Gruhonji\u0107 and Lali\u0107.<\/p>\n","protected":false},"excerpt":{"rendered":"<p>April 2, 2024 A threatening graffiti message signed \u201cSrpska Vojvodina\u201d and reading \u201cDinko-\u0160aki\u0107, you\u2019re ready for your eternal home,\u201d was written on the entrance to the building where Dinko Gruhonji\u0107, programme director of the Independent\u00a0Journalists\u2019\u00a0Association\u00a0of Vojvodina (NDNV) and professor of journalism at the University of Novi Sad, lives together with his family. Right-wing extremists, but also representatives of the ruling party, have dubbed Gruhonji\u0107 \u201cDinko \u0160aki\u0107\u201d in reference to the WWII war criminal and commander of Croatia\u2019s Jasenovac concentration and [&hellip;]<\/p>\n","protected":false},"author":4,"featured_media":6219,"comment_status":"closed","ping_status":"open","sticky":false,"template":"","format":"standard","meta":{"footnotes":""},"categories":[8],"tags":[],"class_list":["post-9553","post","type-post","status-publish","format-standard","has-post-thumbnail","hentry","category-content-en"],"yoast_head":"<!-- This site is optimized with the Yoast SEO plugin v25.6 - https:\/\/yoast.com\/wordpress\/plugins\/seo\/ -->\n<title>Professor Dinko Gruhonji\u0107 continues to receive death threats and face persecution over edited video<\/title>\n<meta name=\"robots\" content=\"index, follow, max-snippet:-1, max-image-preview:large, max-video-preview:-1\" \/>\n<link rel=\"canonical\" href=\"https:\/\/www.slavkocuruvijafondacija.rs\/en\/professor-dinko-gruhonjic-continues-to-receive-death-threats-and-face-persecution-over-edited-video\/\" \/>\n<meta property=\"og:locale\" content=\"en_US\" \/>\n<meta property=\"og:type\" content=\"article\" \/>\n<meta property=\"og:title\" content=\"Professor Dinko Gruhonji\u0107 continues to receive death threats and face persecution over edited video\" \/>\n<meta property=\"og:description\" content=\"April 2, 2024 A threatening graffiti message signed \u201cSrpska Vojvodina\u201d and reading \u201cDinko-\u0160aki\u0107, you\u2019re ready for your eternal home,\u201d was written on the entrance to the building where Dinko Gruhonji\u0107, programme director of the Independent\u00a0Journalists\u2019\u00a0Association\u00a0of Vojvodina (NDNV) and professor of journalism at the University of Novi Sad, lives together with his family. Right-wing extremists, but also representatives of the ruling party, have dubbed Gruhonji\u0107 \u201cDinko \u0160aki\u0107\u201d in reference to the WWII war criminal and commander of Croatia\u2019s Jasenovac concentration and [&hellip;]\" \/>\n<meta property=\"og:url\" content=\"https:\/\/www.slavkocuruvijafondacija.rs\/en\/professor-dinko-gruhonjic-continues-to-receive-death-threats-and-face-persecution-over-edited-video\/\" \/>\n<meta property=\"og:site_name\" content=\"Slavko \u0106uruvija fondacija\" \/>\n<meta property=\"article:publisher\" content=\"https:\/\/www.facebook.com\/slavkocuruvijafondacija\/\" \/>\n<meta property=\"article:published_time\" content=\"2024-04-02T12:12:28+00:00\" \/>\n<meta property=\"article:modified_time\" content=\"2024-04-08T12:13:14+00:00\" \/>\n<meta property=\"og:image\" content=\"https:\/\/www.slavkocuruvijafondacija.rs\/wp-content\/uploads\/2021\/03\/dinko-gruhonjiC.jpg\" \/>\n\t<meta property=\"og:image:width\" content=\"660\" \/>\n\t<meta property=\"og:image:height\" content=\"330\" \/>\n\t<meta property=\"og:image:type\" content=\"image\/jpeg\" \/>\n<meta name=\"author\" content=\"Vojin Mitrovic\" \/>\n<meta name=\"twitter:card\" content=\"summary_large_image\" \/>\n<meta name=\"twitter:creator\" content=\"@scfondacija\" \/>\n<meta name=\"twitter:site\" content=\"@scfondacija\" \/>\n<meta name=\"twitter:label1\" content=\"Written by\" \/>\n\t<meta name=\"twitter:data1\" content=\"Vojin Mitrovic\" \/>\n\t<meta name=\"twitter:label2\" content=\"Est. reading time\" \/>\n\t<meta name=\"twitter:data2\" content=\"2 minutes\" \/>\n<script type=\"application\/ld+json\" class=\"yoast-schema-graph\">{\"@context\":\"https:\/\/schema.org\",\"@graph\":[{\"@type\":\"Article\",\"@id\":\"https:\/\/www.slavkocuruvijafondacija.rs\/en\/professor-dinko-gruhonjic-continues-to-receive-death-threats-and-face-persecution-over-edited-video\/#article\",\"isPartOf\":{\"@id\":\"https:\/\/www.slavkocuruvijafondacija.rs\/en\/professor-dinko-gruhonjic-continues-to-receive-death-threats-and-face-persecution-over-edited-video\/\"},\"author\":{\"name\":\"Vojin Mitrovic\",\"@id\":\"https:\/\/www.slavkocuruvijafondacija.rs\/#\/schema\/person\/d235fc303ee4385f0d60f7be176eb741\"},\"headline\":\"Professor Dinko Gruhonji\u0107 continues to receive death threats and face persecution over edited video\",\"datePublished\":\"2024-04-02T12:12:28+00:00\",\"dateModified\":\"2024-04-08T12:13:14+00:00\",\"mainEntityOfPage\":{\"@id\":\"https:\/\/www.slavkocuruvijafondacija.rs\/en\/professor-dinko-gruhonjic-continues-to-receive-death-threats-and-face-persecution-over-edited-video\/\"},\"wordCount\":441,\"publisher\":{\"@id\":\"https:\/\/www.slavkocuruvijafondacija.rs\/#organization\"},\"image\":{\"@id\":\"https:\/\/www.slavkocuruvijafondacija.rs\/en\/professor-dinko-gruhonjic-continues-to-receive-death-threats-and-face-persecution-over-edited-video\/#primaryimage\"},\"thumbnailUrl\":\"https:\/\/www.slavkocuruvijafondacija.rs\/wp-content\/uploads\/2021\/03\/dinko-gruhonjiC.jpg\",\"articleSection\":[\"News\"],\"inLanguage\":\"en-US\"},{\"@type\":\"WebPage\",\"@id\":\"https:\/\/www.slavkocuruvijafondacija.rs\/en\/professor-dinko-gruhonjic-continues-to-receive-death-threats-and-face-persecution-over-edited-video\/\",\"url\":\"https:\/\/www.slavkocuruvijafondacija.rs\/en\/professor-dinko-gruhonjic-continues-to-receive-death-threats-and-face-persecution-over-edited-video\/\",\"name\":\"Professor Dinko Gruhonji\u0107 continues to receive death threats and face persecution over edited video\",\"isPartOf\":{\"@id\":\"https:\/\/www.slavkocuruvijafondacija.rs\/#website\"},\"primaryImageOfPage\":{\"@id\":\"https:\/\/www.slavkocuruvijafondacija.rs\/en\/professor-dinko-gruhonjic-continues-to-receive-death-threats-and-face-persecution-over-edited-video\/#primaryimage\"},\"image\":{\"@id\":\"https:\/\/www.slavkocuruvijafondacija.rs\/en\/professor-dinko-gruhonjic-continues-to-receive-death-threats-and-face-persecution-over-edited-video\/#primaryimage\"},\"thumbnailUrl\":\"https:\/\/www.slavkocuruvijafondacija.rs\/wp-content\/uploads\/2021\/03\/dinko-gruhonjiC.jpg\",\"datePublished\":\"2024-04-02T12:12:28+00:00\",\"dateModified\":\"2024-04-08T12:13:14+00:00\",\"inLanguage\":\"en-US\",\"potentialAction\":[{\"@type\":\"ReadAction\",\"target\":[\"https:\/\/www.slavkocuruvijafondacija.rs\/en\/professor-dinko-gruhonjic-continues-to-receive-death-threats-and-face-persecution-over-edited-video\/\"]}]},{\"@type\":\"ImageObject\",\"inLanguage\":\"en-US\",\"@id\":\"https:\/\/www.slavkocuruvijafondacija.rs\/en\/professor-dinko-gruhonjic-continues-to-receive-death-threats-and-face-persecution-over-edited-video\/#primaryimage\",\"url\":\"https:\/\/www.slavkocuruvijafondacija.rs\/wp-content\/uploads\/2021\/03\/dinko-gruhonjiC.jpg\",\"contentUrl\":\"https:\/\/www.slavkocuruvijafondacija.rs\/wp-content\/uploads\/2021\/03\/dinko-gruhonjiC.jpg\",\"width\":660,\"height\":330,\"caption\":\"Dinko Gruhonjic (photo: Media center Belgrade)\"},{\"@type\":\"WebSite\",\"@id\":\"https:\/\/www.slavkocuruvijafondacija.rs\/#website\",\"url\":\"https:\/\/www.slavkocuruvijafondacija.rs\/\",\"name\":\"Slavko \u0106uruvija fondacija\",\"description\":\"Slavko \u0106uruvija fondacija (S\u0106F) radi na promociji i unapre\u0111enju slobodnih, nezavisnih i odgovornih medija u Srbiji.\",\"publisher\":{\"@id\":\"https:\/\/www.slavkocuruvijafondacija.rs\/#organization\"},\"potentialAction\":[{\"@type\":\"SearchAction\",\"target\":{\"@type\":\"EntryPoint\",\"urlTemplate\":\"https:\/\/www.slavkocuruvijafondacija.rs\/?s={search_term_string}\"},\"query-input\":{\"@type\":\"PropertyValueSpecification\",\"valueRequired\":true,\"valueName\":\"search_term_string\"}}],\"inLanguage\":\"en-US\"},{\"@type\":\"Organization\",\"@id\":\"https:\/\/www.slavkocuruvijafondacija.rs\/#organization\",\"name\":\"Slavko Curuvija Foundation\",\"url\":\"https:\/\/www.slavkocuruvijafondacija.rs\/\",\"logo\":{\"@type\":\"ImageObject\",\"inLanguage\":\"en-US\",\"@id\":\"https:\/\/www.slavkocuruvijafondacija.rs\/#\/schema\/logo\/image\/\",\"url\":\"https:\/\/www.slavkocuruvijafondacija.rs\/wp-content\/uploads\/2021\/03\/SCF-Logo-900-600.jpg\",\"contentUrl\":\"https:\/\/www.slavkocuruvijafondacija.rs\/wp-content\/uploads\/2021\/03\/SCF-Logo-900-600.jpg\",\"width\":900,\"height\":600,\"caption\":\"Slavko Curuvija Foundation\"},\"image\":{\"@id\":\"https:\/\/www.slavkocuruvijafondacija.rs\/#\/schema\/logo\/image\/\"},\"sameAs\":[\"https:\/\/www.facebook.com\/slavkocuruvijafondacija\/\",\"https:\/\/x.com\/scfondacija\",\"https:\/\/www.instagram.com\/slavko_curuvija_fondacija\/\",\"https:\/\/www.linkedin.com\/company\/slavko-curuvija-foundation\/\",\"https:\/\/www.youtube.com\/channel\/UCEDcWS1sfG6qvaiBvVJJVRQ\"]},{\"@type\":\"Person\",\"@id\":\"https:\/\/www.slavkocuruvijafondacija.rs\/#\/schema\/person\/d235fc303ee4385f0d60f7be176eb741\",\"name\":\"Vojin Mitrovic\",\"image\":{\"@type\":\"ImageObject\",\"inLanguage\":\"en-US\",\"@id\":\"https:\/\/www.slavkocuruvijafondacija.rs\/#\/schema\/person\/image\/\",\"url\":\"https:\/\/secure.gravatar.com\/avatar\/ac7796564557f0f54e187b1b171f1796a9afbb07e218a2a28395548648bd49e1?s=96&d=mm&r=g\",\"contentUrl\":\"https:\/\/secure.gravatar.com\/avatar\/ac7796564557f0f54e187b1b171f1796a9afbb07e218a2a28395548648bd49e1?s=96&d=mm&r=g\",\"caption\":\"Vojin Mitrovic\"},\"url\":\"https:\/\/www.slavkocuruvijafondacija.rs\/en\/author\/vojin\/\"}]}<\/script>\n<!-- \/ Yoast SEO plugin. -->","yoast_head_json":{"title":"Professor Dinko Gruhonji\u0107 continues to receive death threats and face persecution over edited video","robots":{"index":"index","follow":"follow","max-snippet":"max-snippet:-1","max-image-preview":"max-image-preview:large","max-video-preview":"max-video-preview:-1"},"canonical":"https:\/\/www.slavkocuruvijafondacija.rs\/en\/professor-dinko-gruhonjic-continues-to-receive-death-threats-and-face-persecution-over-edited-video\/","og_locale":"en_US","og_type":"article","og_title":"Professor Dinko Gruhonji\u0107 continues to receive death threats and face persecution over edited video","og_description":"April 2, 2024 A threatening graffiti message signed \u201cSrpska Vojvodina\u201d and reading \u201cDinko-\u0160aki\u0107, you\u2019re ready for your eternal home,\u201d was written on the entrance to the building where Dinko Gruhonji\u0107, programme director of the Independent\u00a0Journalists\u2019\u00a0Association\u00a0of Vojvodina (NDNV) and professor of journalism at the University of Novi Sad, lives together with his family. Right-wing extremists, but also representatives of the ruling party, have dubbed Gruhonji\u0107 \u201cDinko \u0160aki\u0107\u201d in reference to the WWII war criminal and commander of Croatia\u2019s Jasenovac concentration and [&hellip;]","og_url":"https:\/\/www.slavkocuruvijafondacija.rs\/en\/professor-dinko-gruhonjic-continues-to-receive-death-threats-and-face-persecution-over-edited-video\/","og_site_name":"Slavko \u0106uruvija fondacija","article_publisher":"https:\/\/www.facebook.com\/slavkocuruvijafondacija\/","article_published_time":"2024-04-02T12:12:28+00:00","article_modified_time":"2024-04-08T12:13:14+00:00","og_image":[{"width":660,"height":330,"url":"https:\/\/www.slavkocuruvijafondacija.rs\/wp-content\/uploads\/2021\/03\/dinko-gruhonjiC.jpg","type":"image\/jpeg"}],"author":"Vojin Mitrovic","twitter_card":"summary_large_image","twitter_creator":"@scfondacija","twitter_site":"@scfondacija","twitter_misc":{"Written by":"Vojin Mitrovic","Est. reading time":"2 minutes"},"schema":{"@context":"https:\/\/schema.org","@graph":[{"@type":"Article","@id":"https:\/\/www.slavkocuruvijafondacija.rs\/en\/professor-dinko-gruhonjic-continues-to-receive-death-threats-and-face-persecution-over-edited-video\/#article","isPartOf":{"@id":"https:\/\/www.slavkocuruvijafondacija.rs\/en\/professor-dinko-gruhonjic-continues-to-receive-death-threats-and-face-persecution-over-edited-video\/"},"author":{"name":"Vojin Mitrovic","@id":"https:\/\/www.slavkocuruvijafondacija.rs\/#\/schema\/person\/d235fc303ee4385f0d60f7be176eb741"},"headline":"Professor Dinko Gruhonji\u0107 continues to receive death threats and face persecution over edited video","datePublished":"2024-04-02T12:12:28+00:00","dateModified":"2024-04-08T12:13:14+00:00","mainEntityOfPage":{"@id":"https:\/\/www.slavkocuruvijafondacija.rs\/en\/professor-dinko-gruhonjic-continues-to-receive-death-threats-and-face-persecution-over-edited-video\/"},"wordCount":441,"publisher":{"@id":"https:\/\/www.slavkocuruvijafondacija.rs\/#organization"},"image":{"@id":"https:\/\/www.slavkocuruvijafondacija.rs\/en\/professor-dinko-gruhonjic-continues-to-receive-death-threats-and-face-persecution-over-edited-video\/#primaryimage"},"thumbnailUrl":"https:\/\/www.slavkocuruvijafondacija.rs\/wp-content\/uploads\/2021\/03\/dinko-gruhonjiC.jpg","articleSection":["News"],"inLanguage":"en-US"},{"@type":"WebPage","@id":"https:\/\/www.slavkocuruvijafondacija.rs\/en\/professor-dinko-gruhonjic-continues-to-receive-death-threats-and-face-persecution-over-edited-video\/","url":"https:\/\/www.slavkocuruvijafondacija.rs\/en\/professor-dinko-gruhonjic-continues-to-receive-death-threats-and-face-persecution-over-edited-video\/","name":"Professor Dinko Gruhonji\u0107 continues to receive death threats and face persecution over edited video","isPartOf":{"@id":"https:\/\/www.slavkocuruvijafondacija.rs\/#website"},"primaryImageOfPage":{"@id":"https:\/\/www.slavkocuruvijafondacija.rs\/en\/professor-dinko-gruhonjic-continues-to-receive-death-threats-and-face-persecution-over-edited-video\/#primaryimage"},"image":{"@id":"https:\/\/www.slavkocuruvijafondacija.rs\/en\/professor-dinko-gruhonjic-continues-to-receive-death-threats-and-face-persecution-over-edited-video\/#primaryimage"},"thumbnailUrl":"https:\/\/www.slavkocuruvijafondacija.rs\/wp-content\/uploads\/2021\/03\/dinko-gruhonjiC.jpg","datePublished":"2024-04-02T12:12:28+00:00","dateModified":"2024-04-08T12:13:14+00:00","inLanguage":"en-US","potentialAction":[{"@type":"ReadAction","target":["https:\/\/www.slavkocuruvijafondacija.rs\/en\/professor-dinko-gruhonjic-continues-to-receive-death-threats-and-face-persecution-over-edited-video\/"]}]},{"@type":"ImageObject","inLanguage":"en-US","@id":"https:\/\/www.slavkocuruvijafondacija.rs\/en\/professor-dinko-gruhonjic-continues-to-receive-death-threats-and-face-persecution-over-edited-video\/#primaryimage","url":"https:\/\/www.slavkocuruvijafondacija.rs\/wp-content\/uploads\/2021\/03\/dinko-gruhonjiC.jpg","contentUrl":"https:\/\/www.slavkocuruvijafondacija.rs\/wp-content\/uploads\/2021\/03\/dinko-gruhonjiC.jpg","width":660,"height":330,"caption":"Dinko Gruhonjic (photo: Media center Belgrade)"},{"@type":"WebSite","@id":"https:\/\/www.slavkocuruvijafondacija.rs\/#website","url":"https:\/\/www.slavkocuruvijafondacija.rs\/","name":"Slavko \u0106uruvija fondacija","description":"Slavko \u0106uruvija fondacija (S\u0106F) radi na promociji i unapre\u0111enju slobodnih, nezavisnih i odgovornih medija u Srbiji.","publisher":{"@id":"https:\/\/www.slavkocuruvijafondacija.rs\/#organization"},"potentialAction":[{"@type":"SearchAction","target":{"@type":"EntryPoint","urlTemplate":"https:\/\/www.slavkocuruvijafondacija.rs\/?s={search_term_string}"},"query-input":{"@type":"PropertyValueSpecification","valueRequired":true,"valueName":"search_term_string"}}],"inLanguage":"en-US"},{"@type":"Organization","@id":"https:\/\/www.slavkocuruvijafondacija.rs\/#organization","name":"Slavko Curuvija Foundation","url":"https:\/\/www.slavkocuruvijafondacija.rs\/","logo":{"@type":"ImageObject","inLanguage":"en-US","@id":"https:\/\/www.slavkocuruvijafondacija.rs\/#\/schema\/logo\/image\/","url":"https:\/\/www.slavkocuruvijafondacija.rs\/wp-content\/uploads\/2021\/03\/SCF-Logo-900-600.jpg","contentUrl":"https:\/\/www.slavkocuruvijafondacija.rs\/wp-content\/uploads\/2021\/03\/SCF-Logo-900-600.jpg","width":900,"height":600,"caption":"Slavko Curuvija Foundation"},"image":{"@id":"https:\/\/www.slavkocuruvijafondacija.rs\/#\/schema\/logo\/image\/"},"sameAs":["https:\/\/www.facebook.com\/slavkocuruvijafondacija\/","https:\/\/x.com\/scfondacija","https:\/\/www.instagram.com\/slavko_curuvija_fondacija\/","https:\/\/www.linkedin.com\/company\/slavko-curuvija-foundation\/","https:\/\/www.youtube.com\/channel\/UCEDcWS1sfG6qvaiBvVJJVRQ"]},{"@type":"Person","@id":"https:\/\/www.slavkocuruvijafondacija.rs\/#\/schema\/person\/d235fc303ee4385f0d60f7be176eb741","name":"Vojin Mitrovic","image":{"@type":"ImageObject","inLanguage":"en-US","@id":"https:\/\/www.slavkocuruvijafondacija.rs\/#\/schema\/person\/image\/","url":"https:\/\/secure.gravatar.com\/avatar\/ac7796564557f0f54e187b1b171f1796a9afbb07e218a2a28395548648bd49e1?s=96&d=mm&r=g","contentUrl":"https:\/\/secure.gravatar.com\/avatar\/ac7796564557f0f54e187b1b171f1796a9afbb07e218a2a28395548648bd49e1?s=96&d=mm&r=g","caption":"Vojin Mitrovic"},"url":"https:\/\/www.slavkocuruvijafondacija.rs\/en\/author\/vojin\/"}]}},"_links":{"self":[{"href":"https:\/\/www.slavkocuruvijafondacija.rs\/en\/wp-json\/wp\/v2\/posts\/9553","targetHints":{"allow":["GET"]}}],"collection":[{"href":"https:\/\/www.slavkocuruvijafondacija.rs\/en\/wp-json\/wp\/v2\/posts"}],"about":[{"href":"https:\/\/www.slavkocuruvijafondacija.rs\/en\/wp-json\/wp\/v2\/types\/post"}],"author":[{"embeddable":true,"href":"https:\/\/www.slavkocuruvijafondacija.rs\/en\/wp-json\/wp\/v2\/users\/4"}],"replies":[{"embeddable":true,"href":"https:\/\/www.slavkocuruvijafondacija.rs\/en\/wp-json\/wp\/v2\/comments?post=9553"}],"version-history":[{"count":1,"href":"https:\/\/www.slavkocuruvijafondacija.rs\/en\/wp-json\/wp\/v2\/posts\/9553\/revisions"}],"predecessor-version":[{"id":9554,"href":"https:\/\/www.slavkocuruvijafondacija.rs\/en\/wp-json\/wp\/v2\/posts\/9553\/revisions\/9554"}],"wp:featuredmedia":[{"embeddable":true,"href":"https:\/\/www.slavkocuruvijafondacija.rs\/en\/wp-json\/wp\/v2\/media\/6219"}],"wp:attachment":[{"href":"https:\/\/www.slavkocuruvijafondacija.rs\/en\/wp-json\/wp\/v2\/media?parent=9553"}],"wp:term":[{"taxonomy":"category","embeddable":true,"href":"https:\/\/www.slavkocuruvijafondacija.rs\/en\/wp-json\/wp\/v2\/categories?post=9553"},{"taxonomy":"post_tag","embeddable":true,"href":"https:\/\/www.slavkocuruvijafondacija.rs\/en\/wp-json\/wp\/v2\/tags?post=9553"}],"curies":[{"name":"wp","href":"https:\/\/api.w.org\/{rel}","templated":true}]}}