{"id":9222,"date":"2023-12-01T12:15:18","date_gmt":"2023-12-01T11:15:18","guid":{"rendered":"https:\/\/www.slavkocuruvijafondacija.rs\/?p=9222"},"modified":"2023-12-01T12:15:18","modified_gmt":"2023-12-01T11:15:18","slug":"local-tv-station-owner-fears-for-life-after-facing-a-series-of-attacks","status":"publish","type":"post","link":"https:\/\/www.slavkocuruvijafondacija.rs\/en\/local-tv-station-owner-fears-for-life-after-facing-a-series-of-attacks\/","title":{"rendered":"Local TV station owner fears for life after facing a series of attacks"},"content":{"rendered":"<p>November 1, 2023<\/p>\n<hr \/>\n<h2>Danijel Radi\u0107, owner of Zrenjanin-based KTV, claims that unknown assailants unscrewed his car wheels\u2019 screws, thus imperilling his safety, just a day after his television station reported on the forum of the \u201cProGlas\u201d initiative.<\/h2>\n<p>The \u201cProGlas\u201d initiative was launched by public figures \u2013 academics, university professors, actors, directors, journalists and others \u2013 with the idea of calling on citizens of Serbia to vote in the elections on 17<sup>th<\/sup> December in the highest possible numbers.<\/p>\n<p>KTV is known for its broadcasts featuring guest appearances from political opposition figures, while its owner \u2013 a former AP Vojvodina Assembly MP of the right-wing and nationalist Serbian Radical Party \u2013 says that he has long been subjected to various attacks, threats and pressure from criminals that he claims are connected to the local government.<\/p>\n<p>Speaking for the Cenzolovka portal, Radi\u0107 says that he was recently confronted while in a caf\u00e9 by a group of men with poles and axes, and that he was recently stopped for alcohol and drug testing by five police cars. He adds that one policeman told him that it was no accident that he\u2019d been pulled over.<\/p>\n<p>The Association of Journalists of Serbia has called on the police to identify who loosened the screws on Radi\u0107\u2019s car and to bring to justice the people who previously attacked him in a caf\u00e9.<\/p>\n","protected":false},"excerpt":{"rendered":"<p>November 1, 2023 Danijel Radi\u0107, owner of Zrenjanin-based KTV, claims that unknown assailants unscrewed his car wheels\u2019 screws, thus imperilling his safety, just a day after his television station reported on the forum of the \u201cProGlas\u201d initiative. The \u201cProGlas\u201d initiative was launched by public figures \u2013 academics, university professors, actors, directors, journalists and others \u2013 with the idea of calling on citizens of Serbia to vote in the elections on 17th December in the highest possible numbers. KTV is known [&hellip;]<\/p>\n","protected":false},"author":4,"featured_media":9223,"comment_status":"closed","ping_status":"open","sticky":false,"template":"","format":"standard","meta":{"footnotes":""},"categories":[8],"tags":[],"class_list":["post-9222","post","type-post","status-publish","format-standard","has-post-thumbnail","hentry","category-content-en"],"yoast_head":"<!-- This site is optimized with the Yoast SEO plugin v25.6 - https:\/\/yoast.com\/wordpress\/plugins\/seo\/ -->\n<title>Local TV station owner fears for life after facing a series of attacks<\/title>\n<meta name=\"robots\" content=\"index, follow, max-snippet:-1, max-image-preview:large, max-video-preview:-1\" \/>\n<link rel=\"canonical\" href=\"https:\/\/www.slavkocuruvijafondacija.rs\/en\/local-tv-station-owner-fears-for-life-after-facing-a-series-of-attacks\/\" \/>\n<meta property=\"og:locale\" content=\"en_US\" \/>\n<meta property=\"og:type\" content=\"article\" \/>\n<meta property=\"og:title\" content=\"Local TV station owner fears for life after facing a series of attacks\" \/>\n<meta property=\"og:description\" content=\"November 1, 2023 Danijel Radi\u0107, owner of Zrenjanin-based KTV, claims that unknown assailants unscrewed his car wheels\u2019 screws, thus imperilling his safety, just a day after his television station reported on the forum of the \u201cProGlas\u201d initiative. The \u201cProGlas\u201d initiative was launched by public figures \u2013 academics, university professors, actors, directors, journalists and others \u2013 with the idea of calling on citizens of Serbia to vote in the elections on 17th December in the highest possible numbers. KTV is known [&hellip;]\" \/>\n<meta property=\"og:url\" content=\"https:\/\/www.slavkocuruvijafondacija.rs\/en\/local-tv-station-owner-fears-for-life-after-facing-a-series-of-attacks\/\" \/>\n<meta property=\"og:site_name\" content=\"Slavko \u0106uruvija fondacija\" \/>\n<meta property=\"article:publisher\" content=\"https:\/\/www.facebook.com\/slavkocuruvijafondacija\/\" \/>\n<meta property=\"article:published_time\" content=\"2023-12-01T11:15:18+00:00\" \/>\n<meta property=\"og:image\" content=\"https:\/\/www.slavkocuruvijafondacija.rs\/wp-content\/uploads\/2023\/12\/Danijel-Radic-KTV-Zrenjanin.jpeg\" \/>\n\t<meta property=\"og:image:width\" content=\"900\" \/>\n\t<meta property=\"og:image:height\" content=\"612\" \/>\n\t<meta property=\"og:image:type\" content=\"image\/jpeg\" \/>\n<meta name=\"author\" content=\"Vojin Mitrovic\" \/>\n<meta name=\"twitter:card\" content=\"summary_large_image\" \/>\n<meta name=\"twitter:creator\" content=\"@scfondacija\" \/>\n<meta name=\"twitter:site\" content=\"@scfondacija\" \/>\n<meta name=\"twitter:label1\" content=\"Written by\" \/>\n\t<meta name=\"twitter:data1\" content=\"Vojin Mitrovic\" \/>\n\t<meta name=\"twitter:label2\" content=\"Est. reading time\" \/>\n\t<meta name=\"twitter:data2\" content=\"1 minute\" \/>\n<script type=\"application\/ld+json\" class=\"yoast-schema-graph\">{\"@context\":\"https:\/\/schema.org\",\"@graph\":[{\"@type\":\"Article\",\"@id\":\"https:\/\/www.slavkocuruvijafondacija.rs\/en\/local-tv-station-owner-fears-for-life-after-facing-a-series-of-attacks\/#article\",\"isPartOf\":{\"@id\":\"https:\/\/www.slavkocuruvijafondacija.rs\/en\/local-tv-station-owner-fears-for-life-after-facing-a-series-of-attacks\/\"},\"author\":{\"name\":\"Vojin Mitrovic\",\"@id\":\"https:\/\/www.slavkocuruvijafondacija.rs\/#\/schema\/person\/d235fc303ee4385f0d60f7be176eb741\"},\"headline\":\"Local TV station owner fears for life after facing a series of attacks\",\"datePublished\":\"2023-12-01T11:15:18+00:00\",\"mainEntityOfPage\":{\"@id\":\"https:\/\/www.slavkocuruvijafondacija.rs\/en\/local-tv-station-owner-fears-for-life-after-facing-a-series-of-attacks\/\"},\"wordCount\":233,\"publisher\":{\"@id\":\"https:\/\/www.slavkocuruvijafondacija.rs\/#organization\"},\"image\":{\"@id\":\"https:\/\/www.slavkocuruvijafondacija.rs\/en\/local-tv-station-owner-fears-for-life-after-facing-a-series-of-attacks\/#primaryimage\"},\"thumbnailUrl\":\"https:\/\/www.slavkocuruvijafondacija.rs\/wp-content\/uploads\/2023\/12\/Danijel-Radic-KTV-Zrenjanin.jpeg\",\"articleSection\":[\"News\"],\"inLanguage\":\"en-US\"},{\"@type\":\"WebPage\",\"@id\":\"https:\/\/www.slavkocuruvijafondacija.rs\/en\/local-tv-station-owner-fears-for-life-after-facing-a-series-of-attacks\/\",\"url\":\"https:\/\/www.slavkocuruvijafondacija.rs\/en\/local-tv-station-owner-fears-for-life-after-facing-a-series-of-attacks\/\",\"name\":\"Local TV station owner fears for life after facing a series of attacks\",\"isPartOf\":{\"@id\":\"https:\/\/www.slavkocuruvijafondacija.rs\/#website\"},\"primaryImageOfPage\":{\"@id\":\"https:\/\/www.slavkocuruvijafondacija.rs\/en\/local-tv-station-owner-fears-for-life-after-facing-a-series-of-attacks\/#primaryimage\"},\"image\":{\"@id\":\"https:\/\/www.slavkocuruvijafondacija.rs\/en\/local-tv-station-owner-fears-for-life-after-facing-a-series-of-attacks\/#primaryimage\"},\"thumbnailUrl\":\"https:\/\/www.slavkocuruvijafondacija.rs\/wp-content\/uploads\/2023\/12\/Danijel-Radic-KTV-Zrenjanin.jpeg\",\"datePublished\":\"2023-12-01T11:15:18+00:00\",\"inLanguage\":\"en-US\",\"potentialAction\":[{\"@type\":\"ReadAction\",\"target\":[\"https:\/\/www.slavkocuruvijafondacija.rs\/en\/local-tv-station-owner-fears-for-life-after-facing-a-series-of-attacks\/\"]}]},{\"@type\":\"ImageObject\",\"inLanguage\":\"en-US\",\"@id\":\"https:\/\/www.slavkocuruvijafondacija.rs\/en\/local-tv-station-owner-fears-for-life-after-facing-a-series-of-attacks\/#primaryimage\",\"url\":\"https:\/\/www.slavkocuruvijafondacija.rs\/wp-content\/uploads\/2023\/12\/Danijel-Radic-KTV-Zrenjanin.jpeg\",\"contentUrl\":\"https:\/\/www.slavkocuruvijafondacija.rs\/wp-content\/uploads\/2023\/12\/Danijel-Radic-KTV-Zrenjanin.jpeg\",\"width\":900,\"height\":612,\"caption\":\"Danijel Radic, KTV Zrenjanin\"},{\"@type\":\"WebSite\",\"@id\":\"https:\/\/www.slavkocuruvijafondacija.rs\/#website\",\"url\":\"https:\/\/www.slavkocuruvijafondacija.rs\/\",\"name\":\"Slavko \u0106uruvija fondacija\",\"description\":\"Slavko \u0106uruvija fondacija (S\u0106F) radi na promociji i unapre\u0111enju slobodnih, nezavisnih i odgovornih medija u Srbiji.\",\"publisher\":{\"@id\":\"https:\/\/www.slavkocuruvijafondacija.rs\/#organization\"},\"potentialAction\":[{\"@type\":\"SearchAction\",\"target\":{\"@type\":\"EntryPoint\",\"urlTemplate\":\"https:\/\/www.slavkocuruvijafondacija.rs\/?s={search_term_string}\"},\"query-input\":{\"@type\":\"PropertyValueSpecification\",\"valueRequired\":true,\"valueName\":\"search_term_string\"}}],\"inLanguage\":\"en-US\"},{\"@type\":\"Organization\",\"@id\":\"https:\/\/www.slavkocuruvijafondacija.rs\/#organization\",\"name\":\"Slavko Curuvija Foundation\",\"url\":\"https:\/\/www.slavkocuruvijafondacija.rs\/\",\"logo\":{\"@type\":\"ImageObject\",\"inLanguage\":\"en-US\",\"@id\":\"https:\/\/www.slavkocuruvijafondacija.rs\/#\/schema\/logo\/image\/\",\"url\":\"https:\/\/www.slavkocuruvijafondacija.rs\/wp-content\/uploads\/2021\/03\/SCF-Logo-900-600.jpg\",\"contentUrl\":\"https:\/\/www.slavkocuruvijafondacija.rs\/wp-content\/uploads\/2021\/03\/SCF-Logo-900-600.jpg\",\"width\":900,\"height\":600,\"caption\":\"Slavko Curuvija Foundation\"},\"image\":{\"@id\":\"https:\/\/www.slavkocuruvijafondacija.rs\/#\/schema\/logo\/image\/\"},\"sameAs\":[\"https:\/\/www.facebook.com\/slavkocuruvijafondacija\/\",\"https:\/\/x.com\/scfondacija\",\"https:\/\/www.instagram.com\/slavko_curuvija_fondacija\/\",\"https:\/\/www.linkedin.com\/company\/slavko-curuvija-foundation\/\",\"https:\/\/www.youtube.com\/channel\/UCEDcWS1sfG6qvaiBvVJJVRQ\"]},{\"@type\":\"Person\",\"@id\":\"https:\/\/www.slavkocuruvijafondacija.rs\/#\/schema\/person\/d235fc303ee4385f0d60f7be176eb741\",\"name\":\"Vojin Mitrovic\",\"image\":{\"@type\":\"ImageObject\",\"inLanguage\":\"en-US\",\"@id\":\"https:\/\/www.slavkocuruvijafondacija.rs\/#\/schema\/person\/image\/\",\"url\":\"https:\/\/secure.gravatar.com\/avatar\/ac7796564557f0f54e187b1b171f1796a9afbb07e218a2a28395548648bd49e1?s=96&d=mm&r=g\",\"contentUrl\":\"https:\/\/secure.gravatar.com\/avatar\/ac7796564557f0f54e187b1b171f1796a9afbb07e218a2a28395548648bd49e1?s=96&d=mm&r=g\",\"caption\":\"Vojin Mitrovic\"},\"url\":\"https:\/\/www.slavkocuruvijafondacija.rs\/en\/author\/vojin\/\"}]}<\/script>\n<!-- \/ Yoast SEO plugin. -->","yoast_head_json":{"title":"Local TV station owner fears for life after facing a series of attacks","robots":{"index":"index","follow":"follow","max-snippet":"max-snippet:-1","max-image-preview":"max-image-preview:large","max-video-preview":"max-video-preview:-1"},"canonical":"https:\/\/www.slavkocuruvijafondacija.rs\/en\/local-tv-station-owner-fears-for-life-after-facing-a-series-of-attacks\/","og_locale":"en_US","og_type":"article","og_title":"Local TV station owner fears for life after facing a series of attacks","og_description":"November 1, 2023 Danijel Radi\u0107, owner of Zrenjanin-based KTV, claims that unknown assailants unscrewed his car wheels\u2019 screws, thus imperilling his safety, just a day after his television station reported on the forum of the \u201cProGlas\u201d initiative. The \u201cProGlas\u201d initiative was launched by public figures \u2013 academics, university professors, actors, directors, journalists and others \u2013 with the idea of calling on citizens of Serbia to vote in the elections on 17th December in the highest possible numbers. KTV is known [&hellip;]","og_url":"https:\/\/www.slavkocuruvijafondacija.rs\/en\/local-tv-station-owner-fears-for-life-after-facing-a-series-of-attacks\/","og_site_name":"Slavko \u0106uruvija fondacija","article_publisher":"https:\/\/www.facebook.com\/slavkocuruvijafondacija\/","article_published_time":"2023-12-01T11:15:18+00:00","og_image":[{"width":900,"height":612,"url":"https:\/\/www.slavkocuruvijafondacija.rs\/wp-content\/uploads\/2023\/12\/Danijel-Radic-KTV-Zrenjanin.jpeg","type":"image\/jpeg"}],"author":"Vojin Mitrovic","twitter_card":"summary_large_image","twitter_creator":"@scfondacija","twitter_site":"@scfondacija","twitter_misc":{"Written by":"Vojin Mitrovic","Est. reading time":"1 minute"},"schema":{"@context":"https:\/\/schema.org","@graph":[{"@type":"Article","@id":"https:\/\/www.slavkocuruvijafondacija.rs\/en\/local-tv-station-owner-fears-for-life-after-facing-a-series-of-attacks\/#article","isPartOf":{"@id":"https:\/\/www.slavkocuruvijafondacija.rs\/en\/local-tv-station-owner-fears-for-life-after-facing-a-series-of-attacks\/"},"author":{"name":"Vojin Mitrovic","@id":"https:\/\/www.slavkocuruvijafondacija.rs\/#\/schema\/person\/d235fc303ee4385f0d60f7be176eb741"},"headline":"Local TV station owner fears for life after facing a series of attacks","datePublished":"2023-12-01T11:15:18+00:00","mainEntityOfPage":{"@id":"https:\/\/www.slavkocuruvijafondacija.rs\/en\/local-tv-station-owner-fears-for-life-after-facing-a-series-of-attacks\/"},"wordCount":233,"publisher":{"@id":"https:\/\/www.slavkocuruvijafondacija.rs\/#organization"},"image":{"@id":"https:\/\/www.slavkocuruvijafondacija.rs\/en\/local-tv-station-owner-fears-for-life-after-facing-a-series-of-attacks\/#primaryimage"},"thumbnailUrl":"https:\/\/www.slavkocuruvijafondacija.rs\/wp-content\/uploads\/2023\/12\/Danijel-Radic-KTV-Zrenjanin.jpeg","articleSection":["News"],"inLanguage":"en-US"},{"@type":"WebPage","@id":"https:\/\/www.slavkocuruvijafondacija.rs\/en\/local-tv-station-owner-fears-for-life-after-facing-a-series-of-attacks\/","url":"https:\/\/www.slavkocuruvijafondacija.rs\/en\/local-tv-station-owner-fears-for-life-after-facing-a-series-of-attacks\/","name":"Local TV station owner fears for life after facing a series of attacks","isPartOf":{"@id":"https:\/\/www.slavkocuruvijafondacija.rs\/#website"},"primaryImageOfPage":{"@id":"https:\/\/www.slavkocuruvijafondacija.rs\/en\/local-tv-station-owner-fears-for-life-after-facing-a-series-of-attacks\/#primaryimage"},"image":{"@id":"https:\/\/www.slavkocuruvijafondacija.rs\/en\/local-tv-station-owner-fears-for-life-after-facing-a-series-of-attacks\/#primaryimage"},"thumbnailUrl":"https:\/\/www.slavkocuruvijafondacija.rs\/wp-content\/uploads\/2023\/12\/Danijel-Radic-KTV-Zrenjanin.jpeg","datePublished":"2023-12-01T11:15:18+00:00","inLanguage":"en-US","potentialAction":[{"@type":"ReadAction","target":["https:\/\/www.slavkocuruvijafondacija.rs\/en\/local-tv-station-owner-fears-for-life-after-facing-a-series-of-attacks\/"]}]},{"@type":"ImageObject","inLanguage":"en-US","@id":"https:\/\/www.slavkocuruvijafondacija.rs\/en\/local-tv-station-owner-fears-for-life-after-facing-a-series-of-attacks\/#primaryimage","url":"https:\/\/www.slavkocuruvijafondacija.rs\/wp-content\/uploads\/2023\/12\/Danijel-Radic-KTV-Zrenjanin.jpeg","contentUrl":"https:\/\/www.slavkocuruvijafondacija.rs\/wp-content\/uploads\/2023\/12\/Danijel-Radic-KTV-Zrenjanin.jpeg","width":900,"height":612,"caption":"Danijel Radic, KTV Zrenjanin"},{"@type":"WebSite","@id":"https:\/\/www.slavkocuruvijafondacija.rs\/#website","url":"https:\/\/www.slavkocuruvijafondacija.rs\/","name":"Slavko \u0106uruvija fondacija","description":"Slavko \u0106uruvija fondacija (S\u0106F) radi na promociji i unapre\u0111enju slobodnih, nezavisnih i odgovornih medija u Srbiji.","publisher":{"@id":"https:\/\/www.slavkocuruvijafondacija.rs\/#organization"},"potentialAction":[{"@type":"SearchAction","target":{"@type":"EntryPoint","urlTemplate":"https:\/\/www.slavkocuruvijafondacija.rs\/?s={search_term_string}"},"query-input":{"@type":"PropertyValueSpecification","valueRequired":true,"valueName":"search_term_string"}}],"inLanguage":"en-US"},{"@type":"Organization","@id":"https:\/\/www.slavkocuruvijafondacija.rs\/#organization","name":"Slavko Curuvija Foundation","url":"https:\/\/www.slavkocuruvijafondacija.rs\/","logo":{"@type":"ImageObject","inLanguage":"en-US","@id":"https:\/\/www.slavkocuruvijafondacija.rs\/#\/schema\/logo\/image\/","url":"https:\/\/www.slavkocuruvijafondacija.rs\/wp-content\/uploads\/2021\/03\/SCF-Logo-900-600.jpg","contentUrl":"https:\/\/www.slavkocuruvijafondacija.rs\/wp-content\/uploads\/2021\/03\/SCF-Logo-900-600.jpg","width":900,"height":600,"caption":"Slavko Curuvija Foundation"},"image":{"@id":"https:\/\/www.slavkocuruvijafondacija.rs\/#\/schema\/logo\/image\/"},"sameAs":["https:\/\/www.facebook.com\/slavkocuruvijafondacija\/","https:\/\/x.com\/scfondacija","https:\/\/www.instagram.com\/slavko_curuvija_fondacija\/","https:\/\/www.linkedin.com\/company\/slavko-curuvija-foundation\/","https:\/\/www.youtube.com\/channel\/UCEDcWS1sfG6qvaiBvVJJVRQ"]},{"@type":"Person","@id":"https:\/\/www.slavkocuruvijafondacija.rs\/#\/schema\/person\/d235fc303ee4385f0d60f7be176eb741","name":"Vojin Mitrovic","image":{"@type":"ImageObject","inLanguage":"en-US","@id":"https:\/\/www.slavkocuruvijafondacija.rs\/#\/schema\/person\/image\/","url":"https:\/\/secure.gravatar.com\/avatar\/ac7796564557f0f54e187b1b171f1796a9afbb07e218a2a28395548648bd49e1?s=96&d=mm&r=g","contentUrl":"https:\/\/secure.gravatar.com\/avatar\/ac7796564557f0f54e187b1b171f1796a9afbb07e218a2a28395548648bd49e1?s=96&d=mm&r=g","caption":"Vojin Mitrovic"},"url":"https:\/\/www.slavkocuruvijafondacija.rs\/en\/author\/vojin\/"}]}},"_links":{"self":[{"href":"https:\/\/www.slavkocuruvijafondacija.rs\/en\/wp-json\/wp\/v2\/posts\/9222","targetHints":{"allow":["GET"]}}],"collection":[{"href":"https:\/\/www.slavkocuruvijafondacija.rs\/en\/wp-json\/wp\/v2\/posts"}],"about":[{"href":"https:\/\/www.slavkocuruvijafondacija.rs\/en\/wp-json\/wp\/v2\/types\/post"}],"author":[{"embeddable":true,"href":"https:\/\/www.slavkocuruvijafondacija.rs\/en\/wp-json\/wp\/v2\/users\/4"}],"replies":[{"embeddable":true,"href":"https:\/\/www.slavkocuruvijafondacija.rs\/en\/wp-json\/wp\/v2\/comments?post=9222"}],"version-history":[{"count":1,"href":"https:\/\/www.slavkocuruvijafondacija.rs\/en\/wp-json\/wp\/v2\/posts\/9222\/revisions"}],"predecessor-version":[{"id":9225,"href":"https:\/\/www.slavkocuruvijafondacija.rs\/en\/wp-json\/wp\/v2\/posts\/9222\/revisions\/9225"}],"wp:featuredmedia":[{"embeddable":true,"href":"https:\/\/www.slavkocuruvijafondacija.rs\/en\/wp-json\/wp\/v2\/media\/9223"}],"wp:attachment":[{"href":"https:\/\/www.slavkocuruvijafondacija.rs\/en\/wp-json\/wp\/v2\/media?parent=9222"}],"wp:term":[{"taxonomy":"category","embeddable":true,"href":"https:\/\/www.slavkocuruvijafondacija.rs\/en\/wp-json\/wp\/v2\/categories?post=9222"},{"taxonomy":"post_tag","embeddable":true,"href":"https:\/\/www.slavkocuruvijafondacija.rs\/en\/wp-json\/wp\/v2\/tags?post=9222"}],"curies":[{"name":"wp","href":"https:\/\/api.w.org\/{rel}","templated":true}]}}