{"id":9141,"date":"2023-11-16T14:59:52","date_gmt":"2023-11-16T13:59:52","guid":{"rendered":"https:\/\/www.slavkocuruvijafondacija.rs\/?p=9141"},"modified":"2023-11-16T14:59:52","modified_gmt":"2023-11-16T13:59:52","slug":"belgrade-court-of-appeal-called-on-to-announce-verdict-in-slavko-curuvija-murder-trial-on-international-day-to-end-impunity-for-crimes-against-journalists","status":"publish","type":"post","link":"https:\/\/www.slavkocuruvijafondacija.rs\/en\/belgrade-court-of-appeal-called-on-to-announce-verdict-in-slavko-curuvija-murder-trial-on-international-day-to-end-impunity-for-crimes-against-journalists\/","title":{"rendered":"Belgrade Court of Appeal called on to announce verdict in Slavko \u0106uruvija murder trial on International Day to End Impunity for Crimes against Journalists"},"content":{"rendered":"<p>November 16, 2023<\/p>\n<hr \/>\n<h2>A conference to commemorate the International Day to End Impunity for Crimes against Journalists, jointly organised by the Slavko \u0106uruvija Foundation, the Independent Journalists\u2019 Association of Serbia and the OSCE Mission to Serbia, saw the Belgrade Court of Appeal called on to make public the verdict that was passed several months ago against defendants in the trial for the murder of Slavko \u0106uruvija.<\/h2>\n<p>The murderers of journalists \u0106uruvija and Milan Panti\u0107 continue to evade justice, while a verdict has yet to be passed in the case of the arson attack on the house of journalist Milan Jovanovi\u0107. Journalists continue to be targeted by pro-government media and politicians and are unable do their job securely, said S\u0106F director Ivana Stevanovi\u0107 speaking at the opening of the conference.<\/p>\n<p>Public prosecutor Branko Stamenkovi\u0107 declined to comment on the failure to make public the verdict in the trial for the murder of \u0106uruvija, saying that doing so would place pressure on the court. He noted that the prosecution had demonstrated its position in this case through the indictment and the entire legal procedure.<\/p>\n<p>German Ambassador Anke Konrad and Head of the OSCE Mission to Serbia, Jan Braathu, both spoke about the need for justice to be served in cases of crimes against journalists. U.S. Ambassador Christopher Hill was also a guest of the conference.<\/p>\n<p>The conference included the presenting of results of the annual Report on the Protection of Freedom of Speech in the Judicial System of Serbia, while participants also discussed hate speech against journalists and the work of the Standing Working Group on the Safety of Journalists.<\/p>\n<p><img decoding=\"async\" class=\"aligncenter size-full wp-image-9144\" src=\"https:\/\/www.slavkocuruvijafondacija.rs\/wp-content\/uploads\/2023\/11\/scf-konferencija-02112023-1.jpeg\" alt=\"\" width=\"1200\" height=\"800\" srcset=\"https:\/\/www.slavkocuruvijafondacija.rs\/wp-content\/uploads\/2023\/11\/scf-konferencija-02112023-1.jpeg 1200w, https:\/\/www.slavkocuruvijafondacija.rs\/wp-content\/uploads\/2023\/11\/scf-konferencija-02112023-1-300x200.jpeg 300w, https:\/\/www.slavkocuruvijafondacija.rs\/wp-content\/uploads\/2023\/11\/scf-konferencija-02112023-1-1024x683.jpeg 1024w, https:\/\/www.slavkocuruvijafondacija.rs\/wp-content\/uploads\/2023\/11\/scf-konferencija-02112023-1-768x512.jpeg 768w, https:\/\/www.slavkocuruvijafondacija.rs\/wp-content\/uploads\/2023\/11\/scf-konferencija-02112023-1-360x240.jpeg 360w, https:\/\/www.slavkocuruvijafondacija.rs\/wp-content\/uploads\/2023\/11\/scf-konferencija-02112023-1-480x320.jpeg 480w, https:\/\/www.slavkocuruvijafondacija.rs\/wp-content\/uploads\/2023\/11\/scf-konferencija-02112023-1-720x480.jpeg 720w, https:\/\/www.slavkocuruvijafondacija.rs\/wp-content\/uploads\/2023\/11\/scf-konferencija-02112023-1-750x500.jpeg 750w\" sizes=\"(max-width: 1200px) 100vw, 1200px\" \/><br \/>\n<img decoding=\"async\" class=\"aligncenter size-full wp-image-9146\" src=\"https:\/\/www.slavkocuruvijafondacija.rs\/wp-content\/uploads\/2023\/11\/scf-konferencija-02112023-2.jpg\" alt=\"\" width=\"1200\" height=\"800\" srcset=\"https:\/\/www.slavkocuruvijafondacija.rs\/wp-content\/uploads\/2023\/11\/scf-konferencija-02112023-2.jpg 1200w, https:\/\/www.slavkocuruvijafondacija.rs\/wp-content\/uploads\/2023\/11\/scf-konferencija-02112023-2-300x200.jpg 300w, https:\/\/www.slavkocuruvijafondacija.rs\/wp-content\/uploads\/2023\/11\/scf-konferencija-02112023-2-1024x683.jpg 1024w, https:\/\/www.slavkocuruvijafondacija.rs\/wp-content\/uploads\/2023\/11\/scf-konferencija-02112023-2-768x512.jpg 768w, https:\/\/www.slavkocuruvijafondacija.rs\/wp-content\/uploads\/2023\/11\/scf-konferencija-02112023-2-360x240.jpg 360w, https:\/\/www.slavkocuruvijafondacija.rs\/wp-content\/uploads\/2023\/11\/scf-konferencija-02112023-2-480x320.jpg 480w, https:\/\/www.slavkocuruvijafondacija.rs\/wp-content\/uploads\/2023\/11\/scf-konferencija-02112023-2-720x480.jpg 720w, https:\/\/www.slavkocuruvijafondacija.rs\/wp-content\/uploads\/2023\/11\/scf-konferencija-02112023-2-750x500.jpg 750w\" sizes=\"(max-width: 1200px) 100vw, 1200px\" \/><\/p>\n","protected":false},"excerpt":{"rendered":"<p>November 16, 2023 A conference to commemorate the International Day to End Impunity for Crimes against Journalists, jointly organised by the Slavko \u0106uruvija Foundation, the Independent Journalists\u2019 Association of Serbia and the OSCE Mission to Serbia, saw the Belgrade Court of Appeal called on to make public the verdict that was passed several months ago against defendants in the trial for the murder of Slavko \u0106uruvija. The murderers of journalists \u0106uruvija and Milan Panti\u0107 continue to evade justice, while a [&hellip;]<\/p>\n","protected":false},"author":4,"featured_media":9142,"comment_status":"closed","ping_status":"open","sticky":false,"template":"","format":"standard","meta":{"footnotes":""},"categories":[8],"tags":[],"class_list":["post-9141","post","type-post","status-publish","format-standard","has-post-thumbnail","hentry","category-content-en"],"yoast_head":"<!-- This site is optimized with the Yoast SEO plugin v25.6 - https:\/\/yoast.com\/wordpress\/plugins\/seo\/ -->\n<title>Belgrade Court of Appeal called on to announce verdict in Slavko \u0106uruvija murder trial on International Day to End Impunity for Crimes against Journalists<\/title>\n<meta name=\"robots\" content=\"index, follow, max-snippet:-1, max-image-preview:large, max-video-preview:-1\" \/>\n<link rel=\"canonical\" href=\"https:\/\/www.slavkocuruvijafondacija.rs\/en\/belgrade-court-of-appeal-called-on-to-announce-verdict-in-slavko-curuvija-murder-trial-on-international-day-to-end-impunity-for-crimes-against-journalists\/\" \/>\n<meta property=\"og:locale\" content=\"en_US\" \/>\n<meta property=\"og:type\" content=\"article\" \/>\n<meta property=\"og:title\" content=\"Belgrade Court of Appeal called on to announce verdict in Slavko \u0106uruvija murder trial on International Day to End Impunity for Crimes against Journalists\" \/>\n<meta property=\"og:description\" content=\"November 16, 2023 A conference to commemorate the International Day to End Impunity for Crimes against Journalists, jointly organised by the Slavko \u0106uruvija Foundation, the Independent Journalists\u2019 Association of Serbia and the OSCE Mission to Serbia, saw the Belgrade Court of Appeal called on to make public the verdict that was passed several months ago against defendants in the trial for the murder of Slavko \u0106uruvija. The murderers of journalists \u0106uruvija and Milan Panti\u0107 continue to evade justice, while a [&hellip;]\" \/>\n<meta property=\"og:url\" content=\"https:\/\/www.slavkocuruvijafondacija.rs\/en\/belgrade-court-of-appeal-called-on-to-announce-verdict-in-slavko-curuvija-murder-trial-on-international-day-to-end-impunity-for-crimes-against-journalists\/\" \/>\n<meta property=\"og:site_name\" content=\"Slavko \u0106uruvija fondacija\" \/>\n<meta property=\"article:publisher\" content=\"https:\/\/www.facebook.com\/slavkocuruvijafondacija\/\" \/>\n<meta property=\"article:published_time\" content=\"2023-11-16T13:59:52+00:00\" \/>\n<meta property=\"og:image\" content=\"https:\/\/www.slavkocuruvijafondacija.rs\/wp-content\/uploads\/2023\/11\/scf-konferencija-02112023-1.jpg\" \/>\n\t<meta property=\"og:image:width\" content=\"1200\" \/>\n\t<meta property=\"og:image:height\" content=\"800\" \/>\n\t<meta property=\"og:image:type\" content=\"image\/jpeg\" \/>\n<meta name=\"author\" content=\"Vojin Mitrovic\" \/>\n<meta name=\"twitter:card\" content=\"summary_large_image\" \/>\n<meta name=\"twitter:creator\" content=\"@scfondacija\" \/>\n<meta name=\"twitter:site\" content=\"@scfondacija\" \/>\n<meta name=\"twitter:label1\" content=\"Written by\" \/>\n\t<meta name=\"twitter:data1\" content=\"Vojin Mitrovic\" \/>\n\t<meta name=\"twitter:label2\" content=\"Est. reading time\" \/>\n\t<meta name=\"twitter:data2\" content=\"2 minutes\" \/>\n<script type=\"application\/ld+json\" class=\"yoast-schema-graph\">{\"@context\":\"https:\/\/schema.org\",\"@graph\":[{\"@type\":\"Article\",\"@id\":\"https:\/\/www.slavkocuruvijafondacija.rs\/en\/belgrade-court-of-appeal-called-on-to-announce-verdict-in-slavko-curuvija-murder-trial-on-international-day-to-end-impunity-for-crimes-against-journalists\/#article\",\"isPartOf\":{\"@id\":\"https:\/\/www.slavkocuruvijafondacija.rs\/en\/belgrade-court-of-appeal-called-on-to-announce-verdict-in-slavko-curuvija-murder-trial-on-international-day-to-end-impunity-for-crimes-against-journalists\/\"},\"author\":{\"name\":\"Vojin Mitrovic\",\"@id\":\"https:\/\/www.slavkocuruvijafondacija.rs\/#\/schema\/person\/d235fc303ee4385f0d60f7be176eb741\"},\"headline\":\"Belgrade Court of Appeal called on to announce verdict in Slavko \u0106uruvija murder trial on International Day to End Impunity for Crimes against Journalists\",\"datePublished\":\"2023-11-16T13:59:52+00:00\",\"mainEntityOfPage\":{\"@id\":\"https:\/\/www.slavkocuruvijafondacija.rs\/en\/belgrade-court-of-appeal-called-on-to-announce-verdict-in-slavko-curuvija-murder-trial-on-international-day-to-end-impunity-for-crimes-against-journalists\/\"},\"wordCount\":292,\"publisher\":{\"@id\":\"https:\/\/www.slavkocuruvijafondacija.rs\/#organization\"},\"image\":{\"@id\":\"https:\/\/www.slavkocuruvijafondacija.rs\/en\/belgrade-court-of-appeal-called-on-to-announce-verdict-in-slavko-curuvija-murder-trial-on-international-day-to-end-impunity-for-crimes-against-journalists\/#primaryimage\"},\"thumbnailUrl\":\"https:\/\/www.slavkocuruvijafondacija.rs\/wp-content\/uploads\/2023\/11\/scf-konferencija-02112023-1.jpg\",\"articleSection\":[\"News\"],\"inLanguage\":\"en-US\"},{\"@type\":\"WebPage\",\"@id\":\"https:\/\/www.slavkocuruvijafondacija.rs\/en\/belgrade-court-of-appeal-called-on-to-announce-verdict-in-slavko-curuvija-murder-trial-on-international-day-to-end-impunity-for-crimes-against-journalists\/\",\"url\":\"https:\/\/www.slavkocuruvijafondacija.rs\/en\/belgrade-court-of-appeal-called-on-to-announce-verdict-in-slavko-curuvija-murder-trial-on-international-day-to-end-impunity-for-crimes-against-journalists\/\",\"name\":\"Belgrade Court of Appeal called on to announce verdict in Slavko \u0106uruvija murder trial on International Day to End Impunity for Crimes against Journalists\",\"isPartOf\":{\"@id\":\"https:\/\/www.slavkocuruvijafondacija.rs\/#website\"},\"primaryImageOfPage\":{\"@id\":\"https:\/\/www.slavkocuruvijafondacija.rs\/en\/belgrade-court-of-appeal-called-on-to-announce-verdict-in-slavko-curuvija-murder-trial-on-international-day-to-end-impunity-for-crimes-against-journalists\/#primaryimage\"},\"image\":{\"@id\":\"https:\/\/www.slavkocuruvijafondacija.rs\/en\/belgrade-court-of-appeal-called-on-to-announce-verdict-in-slavko-curuvija-murder-trial-on-international-day-to-end-impunity-for-crimes-against-journalists\/#primaryimage\"},\"thumbnailUrl\":\"https:\/\/www.slavkocuruvijafondacija.rs\/wp-content\/uploads\/2023\/11\/scf-konferencija-02112023-1.jpg\",\"datePublished\":\"2023-11-16T13:59:52+00:00\",\"inLanguage\":\"en-US\",\"potentialAction\":[{\"@type\":\"ReadAction\",\"target\":[\"https:\/\/www.slavkocuruvijafondacija.rs\/en\/belgrade-court-of-appeal-called-on-to-announce-verdict-in-slavko-curuvija-murder-trial-on-international-day-to-end-impunity-for-crimes-against-journalists\/\"]}]},{\"@type\":\"ImageObject\",\"inLanguage\":\"en-US\",\"@id\":\"https:\/\/www.slavkocuruvijafondacija.rs\/en\/belgrade-court-of-appeal-called-on-to-announce-verdict-in-slavko-curuvija-murder-trial-on-international-day-to-end-impunity-for-crimes-against-journalists\/#primaryimage\",\"url\":\"https:\/\/www.slavkocuruvijafondacija.rs\/wp-content\/uploads\/2023\/11\/scf-konferencija-02112023-1.jpg\",\"contentUrl\":\"https:\/\/www.slavkocuruvijafondacija.rs\/wp-content\/uploads\/2023\/11\/scf-konferencija-02112023-1.jpg\",\"width\":1200,\"height\":800,\"caption\":\"Photo: SCF\"},{\"@type\":\"WebSite\",\"@id\":\"https:\/\/www.slavkocuruvijafondacija.rs\/#website\",\"url\":\"https:\/\/www.slavkocuruvijafondacija.rs\/\",\"name\":\"Slavko \u0106uruvija fondacija\",\"description\":\"Slavko \u0106uruvija fondacija (S\u0106F) radi na promociji i unapre\u0111enju slobodnih, nezavisnih i odgovornih medija u Srbiji.\",\"publisher\":{\"@id\":\"https:\/\/www.slavkocuruvijafondacija.rs\/#organization\"},\"potentialAction\":[{\"@type\":\"SearchAction\",\"target\":{\"@type\":\"EntryPoint\",\"urlTemplate\":\"https:\/\/www.slavkocuruvijafondacija.rs\/?s={search_term_string}\"},\"query-input\":{\"@type\":\"PropertyValueSpecification\",\"valueRequired\":true,\"valueName\":\"search_term_string\"}}],\"inLanguage\":\"en-US\"},{\"@type\":\"Organization\",\"@id\":\"https:\/\/www.slavkocuruvijafondacija.rs\/#organization\",\"name\":\"Slavko Curuvija Foundation\",\"url\":\"https:\/\/www.slavkocuruvijafondacija.rs\/\",\"logo\":{\"@type\":\"ImageObject\",\"inLanguage\":\"en-US\",\"@id\":\"https:\/\/www.slavkocuruvijafondacija.rs\/#\/schema\/logo\/image\/\",\"url\":\"https:\/\/www.slavkocuruvijafondacija.rs\/wp-content\/uploads\/2021\/03\/SCF-Logo-900-600.jpg\",\"contentUrl\":\"https:\/\/www.slavkocuruvijafondacija.rs\/wp-content\/uploads\/2021\/03\/SCF-Logo-900-600.jpg\",\"width\":900,\"height\":600,\"caption\":\"Slavko Curuvija Foundation\"},\"image\":{\"@id\":\"https:\/\/www.slavkocuruvijafondacija.rs\/#\/schema\/logo\/image\/\"},\"sameAs\":[\"https:\/\/www.facebook.com\/slavkocuruvijafondacija\/\",\"https:\/\/x.com\/scfondacija\",\"https:\/\/www.instagram.com\/slavko_curuvija_fondacija\/\",\"https:\/\/www.linkedin.com\/company\/slavko-curuvija-foundation\/\",\"https:\/\/www.youtube.com\/channel\/UCEDcWS1sfG6qvaiBvVJJVRQ\"]},{\"@type\":\"Person\",\"@id\":\"https:\/\/www.slavkocuruvijafondacija.rs\/#\/schema\/person\/d235fc303ee4385f0d60f7be176eb741\",\"name\":\"Vojin Mitrovic\",\"image\":{\"@type\":\"ImageObject\",\"inLanguage\":\"en-US\",\"@id\":\"https:\/\/www.slavkocuruvijafondacija.rs\/#\/schema\/person\/image\/\",\"url\":\"https:\/\/secure.gravatar.com\/avatar\/ac7796564557f0f54e187b1b171f1796a9afbb07e218a2a28395548648bd49e1?s=96&d=mm&r=g\",\"contentUrl\":\"https:\/\/secure.gravatar.com\/avatar\/ac7796564557f0f54e187b1b171f1796a9afbb07e218a2a28395548648bd49e1?s=96&d=mm&r=g\",\"caption\":\"Vojin Mitrovic\"},\"url\":\"https:\/\/www.slavkocuruvijafondacija.rs\/en\/author\/vojin\/\"}]}<\/script>\n<!-- \/ Yoast SEO plugin. -->","yoast_head_json":{"title":"Belgrade Court of Appeal called on to announce verdict in Slavko \u0106uruvija murder trial on International Day to End Impunity for Crimes against Journalists","robots":{"index":"index","follow":"follow","max-snippet":"max-snippet:-1","max-image-preview":"max-image-preview:large","max-video-preview":"max-video-preview:-1"},"canonical":"https:\/\/www.slavkocuruvijafondacija.rs\/en\/belgrade-court-of-appeal-called-on-to-announce-verdict-in-slavko-curuvija-murder-trial-on-international-day-to-end-impunity-for-crimes-against-journalists\/","og_locale":"en_US","og_type":"article","og_title":"Belgrade Court of Appeal called on to announce verdict in Slavko \u0106uruvija murder trial on International Day to End Impunity for Crimes against Journalists","og_description":"November 16, 2023 A conference to commemorate the International Day to End Impunity for Crimes against Journalists, jointly organised by the Slavko \u0106uruvija Foundation, the Independent Journalists\u2019 Association of Serbia and the OSCE Mission to Serbia, saw the Belgrade Court of Appeal called on to make public the verdict that was passed several months ago against defendants in the trial for the murder of Slavko \u0106uruvija. The murderers of journalists \u0106uruvija and Milan Panti\u0107 continue to evade justice, while a [&hellip;]","og_url":"https:\/\/www.slavkocuruvijafondacija.rs\/en\/belgrade-court-of-appeal-called-on-to-announce-verdict-in-slavko-curuvija-murder-trial-on-international-day-to-end-impunity-for-crimes-against-journalists\/","og_site_name":"Slavko \u0106uruvija fondacija","article_publisher":"https:\/\/www.facebook.com\/slavkocuruvijafondacija\/","article_published_time":"2023-11-16T13:59:52+00:00","og_image":[{"width":1200,"height":800,"url":"https:\/\/www.slavkocuruvijafondacija.rs\/wp-content\/uploads\/2023\/11\/scf-konferencija-02112023-1.jpg","type":"image\/jpeg"}],"author":"Vojin Mitrovic","twitter_card":"summary_large_image","twitter_creator":"@scfondacija","twitter_site":"@scfondacija","twitter_misc":{"Written by":"Vojin Mitrovic","Est. reading time":"2 minutes"},"schema":{"@context":"https:\/\/schema.org","@graph":[{"@type":"Article","@id":"https:\/\/www.slavkocuruvijafondacija.rs\/en\/belgrade-court-of-appeal-called-on-to-announce-verdict-in-slavko-curuvija-murder-trial-on-international-day-to-end-impunity-for-crimes-against-journalists\/#article","isPartOf":{"@id":"https:\/\/www.slavkocuruvijafondacija.rs\/en\/belgrade-court-of-appeal-called-on-to-announce-verdict-in-slavko-curuvija-murder-trial-on-international-day-to-end-impunity-for-crimes-against-journalists\/"},"author":{"name":"Vojin Mitrovic","@id":"https:\/\/www.slavkocuruvijafondacija.rs\/#\/schema\/person\/d235fc303ee4385f0d60f7be176eb741"},"headline":"Belgrade Court of Appeal called on to announce verdict in Slavko \u0106uruvija murder trial on International Day to End Impunity for Crimes against Journalists","datePublished":"2023-11-16T13:59:52+00:00","mainEntityOfPage":{"@id":"https:\/\/www.slavkocuruvijafondacija.rs\/en\/belgrade-court-of-appeal-called-on-to-announce-verdict-in-slavko-curuvija-murder-trial-on-international-day-to-end-impunity-for-crimes-against-journalists\/"},"wordCount":292,"publisher":{"@id":"https:\/\/www.slavkocuruvijafondacija.rs\/#organization"},"image":{"@id":"https:\/\/www.slavkocuruvijafondacija.rs\/en\/belgrade-court-of-appeal-called-on-to-announce-verdict-in-slavko-curuvija-murder-trial-on-international-day-to-end-impunity-for-crimes-against-journalists\/#primaryimage"},"thumbnailUrl":"https:\/\/www.slavkocuruvijafondacija.rs\/wp-content\/uploads\/2023\/11\/scf-konferencija-02112023-1.jpg","articleSection":["News"],"inLanguage":"en-US"},{"@type":"WebPage","@id":"https:\/\/www.slavkocuruvijafondacija.rs\/en\/belgrade-court-of-appeal-called-on-to-announce-verdict-in-slavko-curuvija-murder-trial-on-international-day-to-end-impunity-for-crimes-against-journalists\/","url":"https:\/\/www.slavkocuruvijafondacija.rs\/en\/belgrade-court-of-appeal-called-on-to-announce-verdict-in-slavko-curuvija-murder-trial-on-international-day-to-end-impunity-for-crimes-against-journalists\/","name":"Belgrade Court of Appeal called on to announce verdict in Slavko \u0106uruvija murder trial on International Day to End Impunity for Crimes against Journalists","isPartOf":{"@id":"https:\/\/www.slavkocuruvijafondacija.rs\/#website"},"primaryImageOfPage":{"@id":"https:\/\/www.slavkocuruvijafondacija.rs\/en\/belgrade-court-of-appeal-called-on-to-announce-verdict-in-slavko-curuvija-murder-trial-on-international-day-to-end-impunity-for-crimes-against-journalists\/#primaryimage"},"image":{"@id":"https:\/\/www.slavkocuruvijafondacija.rs\/en\/belgrade-court-of-appeal-called-on-to-announce-verdict-in-slavko-curuvija-murder-trial-on-international-day-to-end-impunity-for-crimes-against-journalists\/#primaryimage"},"thumbnailUrl":"https:\/\/www.slavkocuruvijafondacija.rs\/wp-content\/uploads\/2023\/11\/scf-konferencija-02112023-1.jpg","datePublished":"2023-11-16T13:59:52+00:00","inLanguage":"en-US","potentialAction":[{"@type":"ReadAction","target":["https:\/\/www.slavkocuruvijafondacija.rs\/en\/belgrade-court-of-appeal-called-on-to-announce-verdict-in-slavko-curuvija-murder-trial-on-international-day-to-end-impunity-for-crimes-against-journalists\/"]}]},{"@type":"ImageObject","inLanguage":"en-US","@id":"https:\/\/www.slavkocuruvijafondacija.rs\/en\/belgrade-court-of-appeal-called-on-to-announce-verdict-in-slavko-curuvija-murder-trial-on-international-day-to-end-impunity-for-crimes-against-journalists\/#primaryimage","url":"https:\/\/www.slavkocuruvijafondacija.rs\/wp-content\/uploads\/2023\/11\/scf-konferencija-02112023-1.jpg","contentUrl":"https:\/\/www.slavkocuruvijafondacija.rs\/wp-content\/uploads\/2023\/11\/scf-konferencija-02112023-1.jpg","width":1200,"height":800,"caption":"Photo: SCF"},{"@type":"WebSite","@id":"https:\/\/www.slavkocuruvijafondacija.rs\/#website","url":"https:\/\/www.slavkocuruvijafondacija.rs\/","name":"Slavko \u0106uruvija fondacija","description":"Slavko \u0106uruvija fondacija (S\u0106F) radi na promociji i unapre\u0111enju slobodnih, nezavisnih i odgovornih medija u Srbiji.","publisher":{"@id":"https:\/\/www.slavkocuruvijafondacija.rs\/#organization"},"potentialAction":[{"@type":"SearchAction","target":{"@type":"EntryPoint","urlTemplate":"https:\/\/www.slavkocuruvijafondacija.rs\/?s={search_term_string}"},"query-input":{"@type":"PropertyValueSpecification","valueRequired":true,"valueName":"search_term_string"}}],"inLanguage":"en-US"},{"@type":"Organization","@id":"https:\/\/www.slavkocuruvijafondacija.rs\/#organization","name":"Slavko Curuvija Foundation","url":"https:\/\/www.slavkocuruvijafondacija.rs\/","logo":{"@type":"ImageObject","inLanguage":"en-US","@id":"https:\/\/www.slavkocuruvijafondacija.rs\/#\/schema\/logo\/image\/","url":"https:\/\/www.slavkocuruvijafondacija.rs\/wp-content\/uploads\/2021\/03\/SCF-Logo-900-600.jpg","contentUrl":"https:\/\/www.slavkocuruvijafondacija.rs\/wp-content\/uploads\/2021\/03\/SCF-Logo-900-600.jpg","width":900,"height":600,"caption":"Slavko Curuvija Foundation"},"image":{"@id":"https:\/\/www.slavkocuruvijafondacija.rs\/#\/schema\/logo\/image\/"},"sameAs":["https:\/\/www.facebook.com\/slavkocuruvijafondacija\/","https:\/\/x.com\/scfondacija","https:\/\/www.instagram.com\/slavko_curuvija_fondacija\/","https:\/\/www.linkedin.com\/company\/slavko-curuvija-foundation\/","https:\/\/www.youtube.com\/channel\/UCEDcWS1sfG6qvaiBvVJJVRQ"]},{"@type":"Person","@id":"https:\/\/www.slavkocuruvijafondacija.rs\/#\/schema\/person\/d235fc303ee4385f0d60f7be176eb741","name":"Vojin Mitrovic","image":{"@type":"ImageObject","inLanguage":"en-US","@id":"https:\/\/www.slavkocuruvijafondacija.rs\/#\/schema\/person\/image\/","url":"https:\/\/secure.gravatar.com\/avatar\/ac7796564557f0f54e187b1b171f1796a9afbb07e218a2a28395548648bd49e1?s=96&d=mm&r=g","contentUrl":"https:\/\/secure.gravatar.com\/avatar\/ac7796564557f0f54e187b1b171f1796a9afbb07e218a2a28395548648bd49e1?s=96&d=mm&r=g","caption":"Vojin Mitrovic"},"url":"https:\/\/www.slavkocuruvijafondacija.rs\/en\/author\/vojin\/"}]}},"_links":{"self":[{"href":"https:\/\/www.slavkocuruvijafondacija.rs\/en\/wp-json\/wp\/v2\/posts\/9141","targetHints":{"allow":["GET"]}}],"collection":[{"href":"https:\/\/www.slavkocuruvijafondacija.rs\/en\/wp-json\/wp\/v2\/posts"}],"about":[{"href":"https:\/\/www.slavkocuruvijafondacija.rs\/en\/wp-json\/wp\/v2\/types\/post"}],"author":[{"embeddable":true,"href":"https:\/\/www.slavkocuruvijafondacija.rs\/en\/wp-json\/wp\/v2\/users\/4"}],"replies":[{"embeddable":true,"href":"https:\/\/www.slavkocuruvijafondacija.rs\/en\/wp-json\/wp\/v2\/comments?post=9141"}],"version-history":[{"count":2,"href":"https:\/\/www.slavkocuruvijafondacija.rs\/en\/wp-json\/wp\/v2\/posts\/9141\/revisions"}],"predecessor-version":[{"id":9153,"href":"https:\/\/www.slavkocuruvijafondacija.rs\/en\/wp-json\/wp\/v2\/posts\/9141\/revisions\/9153"}],"wp:featuredmedia":[{"embeddable":true,"href":"https:\/\/www.slavkocuruvijafondacija.rs\/en\/wp-json\/wp\/v2\/media\/9142"}],"wp:attachment":[{"href":"https:\/\/www.slavkocuruvijafondacija.rs\/en\/wp-json\/wp\/v2\/media?parent=9141"}],"wp:term":[{"taxonomy":"category","embeddable":true,"href":"https:\/\/www.slavkocuruvijafondacija.rs\/en\/wp-json\/wp\/v2\/categories?post=9141"},{"taxonomy":"post_tag","embeddable":true,"href":"https:\/\/www.slavkocuruvijafondacija.rs\/en\/wp-json\/wp\/v2\/tags?post=9141"}],"curies":[{"name":"wp","href":"https:\/\/api.w.org\/{rel}","templated":true}]}}