{"id":8815,"date":"2023-10-16T14:21:04","date_gmt":"2023-10-16T12:21:04","guid":{"rendered":"https:\/\/www.slavkocuruvijafondacija.rs\/?p=8815"},"modified":"2023-10-16T14:21:04","modified_gmt":"2023-10-16T12:21:04","slug":"adoption-of-two-media-laws-postponed","status":"publish","type":"post","link":"https:\/\/www.slavkocuruvijafondacija.rs\/en\/adoption-of-two-media-laws-postponed\/","title":{"rendered":"Adoption of two media laws postponed"},"content":{"rendered":"<p>October 16, 2023<\/p>\n<hr \/>\n<h2>Despite an announcement that the Government of Serbia would last week finalise the draft law on public information &amp; media and the draft law on electronic media, and subsequently submit them to the Serbian National Assembly for adoption, this has nonetheless failed to happen. According to an N1 television announcement, the OSCE Mission to Serbia has requested another round of talks between representatives of the Government and media and journalists\u2019 associations on disputed provisions of these laws.<\/h2>\n<p>According to these industry associations, none of them have seen the final versions of the draft laws. Information has since emerged claiming that the final versions of the laws included new and controversial provisions that were subsequently added surreptitiously.<\/p>\n<p>These draft media laws have been subjected to public debate over the past month, during which the majority of objections that have been voiced relate to the state\u2019s intention to once again play an ownership role in media outlets, albeit indirectly, but also to the state\u2019s lack of willingness to appoint new members to the heavily criticised Council of the Regulatory Authority for Electronic Media following adoption of the law on electronic media.<\/p>\n","protected":false},"excerpt":{"rendered":"<p>October 16, 2023 Despite an announcement that the Government of Serbia would last week finalise the draft law on public information &amp; media and the draft law on electronic media, and subsequently submit them to the Serbian National Assembly for adoption, this has nonetheless failed to happen. According to an N1 television announcement, the OSCE Mission to Serbia has requested another round of talks between representatives of the Government and media and journalists\u2019 associations on disputed provisions of these laws. [&hellip;]<\/p>\n","protected":false},"author":4,"featured_media":7266,"comment_status":"closed","ping_status":"open","sticky":false,"template":"","format":"standard","meta":{"footnotes":""},"categories":[8],"tags":[],"class_list":["post-8815","post","type-post","status-publish","format-standard","has-post-thumbnail","hentry","category-content-en"],"yoast_head":"<!-- This site is optimized with the Yoast SEO plugin v25.6 - https:\/\/yoast.com\/wordpress\/plugins\/seo\/ -->\n<title>Adoption of two media laws postponed<\/title>\n<meta name=\"robots\" content=\"index, follow, max-snippet:-1, max-image-preview:large, max-video-preview:-1\" \/>\n<link rel=\"canonical\" href=\"https:\/\/www.slavkocuruvijafondacija.rs\/en\/adoption-of-two-media-laws-postponed\/\" \/>\n<meta property=\"og:locale\" content=\"en_US\" \/>\n<meta property=\"og:type\" content=\"article\" \/>\n<meta property=\"og:title\" content=\"Adoption of two media laws postponed\" \/>\n<meta property=\"og:description\" content=\"October 16, 2023 Despite an announcement that the Government of Serbia would last week finalise the draft law on public information &amp; media and the draft law on electronic media, and subsequently submit them to the Serbian National Assembly for adoption, this has nonetheless failed to happen. According to an N1 television announcement, the OSCE Mission to Serbia has requested another round of talks between representatives of the Government and media and journalists\u2019 associations on disputed provisions of these laws. [&hellip;]\" \/>\n<meta property=\"og:url\" content=\"https:\/\/www.slavkocuruvijafondacija.rs\/en\/adoption-of-two-media-laws-postponed\/\" \/>\n<meta property=\"og:site_name\" content=\"Slavko \u0106uruvija fondacija\" \/>\n<meta property=\"article:publisher\" content=\"https:\/\/www.facebook.com\/slavkocuruvijafondacija\/\" \/>\n<meta property=\"article:published_time\" content=\"2023-10-16T12:21:04+00:00\" \/>\n<meta property=\"og:image\" content=\"https:\/\/www.slavkocuruvijafondacija.rs\/wp-content\/uploads\/2022\/04\/pexels-terje-sollie-camera-press-media.jpg\" \/>\n\t<meta property=\"og:image:width\" content=\"1000\" \/>\n\t<meta property=\"og:image:height\" content=\"666\" \/>\n\t<meta property=\"og:image:type\" content=\"image\/jpeg\" \/>\n<meta name=\"author\" content=\"Vojin Mitrovic\" \/>\n<meta name=\"twitter:card\" content=\"summary_large_image\" \/>\n<meta name=\"twitter:creator\" content=\"@scfondacija\" \/>\n<meta name=\"twitter:site\" content=\"@scfondacija\" \/>\n<meta name=\"twitter:label1\" content=\"Written by\" \/>\n\t<meta name=\"twitter:data1\" content=\"Vojin Mitrovic\" \/>\n\t<meta name=\"twitter:label2\" content=\"Est. reading time\" \/>\n\t<meta name=\"twitter:data2\" content=\"1 minute\" \/>\n<script type=\"application\/ld+json\" class=\"yoast-schema-graph\">{\"@context\":\"https:\/\/schema.org\",\"@graph\":[{\"@type\":\"Article\",\"@id\":\"https:\/\/www.slavkocuruvijafondacija.rs\/en\/adoption-of-two-media-laws-postponed\/#article\",\"isPartOf\":{\"@id\":\"https:\/\/www.slavkocuruvijafondacija.rs\/en\/adoption-of-two-media-laws-postponed\/\"},\"author\":{\"name\":\"Vojin Mitrovic\",\"@id\":\"https:\/\/www.slavkocuruvijafondacija.rs\/#\/schema\/person\/d235fc303ee4385f0d60f7be176eb741\"},\"headline\":\"Adoption of two media laws postponed\",\"datePublished\":\"2023-10-16T12:21:04+00:00\",\"mainEntityOfPage\":{\"@id\":\"https:\/\/www.slavkocuruvijafondacija.rs\/en\/adoption-of-two-media-laws-postponed\/\"},\"wordCount\":198,\"publisher\":{\"@id\":\"https:\/\/www.slavkocuruvijafondacija.rs\/#organization\"},\"image\":{\"@id\":\"https:\/\/www.slavkocuruvijafondacija.rs\/en\/adoption-of-two-media-laws-postponed\/#primaryimage\"},\"thumbnailUrl\":\"https:\/\/www.slavkocuruvijafondacija.rs\/wp-content\/uploads\/2022\/04\/pexels-terje-sollie-camera-press-media.jpg\",\"articleSection\":[\"News\"],\"inLanguage\":\"en-US\"},{\"@type\":\"WebPage\",\"@id\":\"https:\/\/www.slavkocuruvijafondacija.rs\/en\/adoption-of-two-media-laws-postponed\/\",\"url\":\"https:\/\/www.slavkocuruvijafondacija.rs\/en\/adoption-of-two-media-laws-postponed\/\",\"name\":\"Adoption of two media laws postponed\",\"isPartOf\":{\"@id\":\"https:\/\/www.slavkocuruvijafondacija.rs\/#website\"},\"primaryImageOfPage\":{\"@id\":\"https:\/\/www.slavkocuruvijafondacija.rs\/en\/adoption-of-two-media-laws-postponed\/#primaryimage\"},\"image\":{\"@id\":\"https:\/\/www.slavkocuruvijafondacija.rs\/en\/adoption-of-two-media-laws-postponed\/#primaryimage\"},\"thumbnailUrl\":\"https:\/\/www.slavkocuruvijafondacija.rs\/wp-content\/uploads\/2022\/04\/pexels-terje-sollie-camera-press-media.jpg\",\"datePublished\":\"2023-10-16T12:21:04+00:00\",\"inLanguage\":\"en-US\",\"potentialAction\":[{\"@type\":\"ReadAction\",\"target\":[\"https:\/\/www.slavkocuruvijafondacija.rs\/en\/adoption-of-two-media-laws-postponed\/\"]}]},{\"@type\":\"ImageObject\",\"inLanguage\":\"en-US\",\"@id\":\"https:\/\/www.slavkocuruvijafondacija.rs\/en\/adoption-of-two-media-laws-postponed\/#primaryimage\",\"url\":\"https:\/\/www.slavkocuruvijafondacija.rs\/wp-content\/uploads\/2022\/04\/pexels-terje-sollie-camera-press-media.jpg\",\"contentUrl\":\"https:\/\/www.slavkocuruvijafondacija.rs\/wp-content\/uploads\/2022\/04\/pexels-terje-sollie-camera-press-media.jpg\",\"width\":1000,\"height\":666,\"caption\":\"Pexels\"},{\"@type\":\"WebSite\",\"@id\":\"https:\/\/www.slavkocuruvijafondacija.rs\/#website\",\"url\":\"https:\/\/www.slavkocuruvijafondacija.rs\/\",\"name\":\"Slavko \u0106uruvija fondacija\",\"description\":\"Slavko \u0106uruvija fondacija (S\u0106F) radi na promociji i unapre\u0111enju slobodnih, nezavisnih i odgovornih medija u Srbiji.\",\"publisher\":{\"@id\":\"https:\/\/www.slavkocuruvijafondacija.rs\/#organization\"},\"potentialAction\":[{\"@type\":\"SearchAction\",\"target\":{\"@type\":\"EntryPoint\",\"urlTemplate\":\"https:\/\/www.slavkocuruvijafondacija.rs\/?s={search_term_string}\"},\"query-input\":{\"@type\":\"PropertyValueSpecification\",\"valueRequired\":true,\"valueName\":\"search_term_string\"}}],\"inLanguage\":\"en-US\"},{\"@type\":\"Organization\",\"@id\":\"https:\/\/www.slavkocuruvijafondacija.rs\/#organization\",\"name\":\"Slavko Curuvija Foundation\",\"url\":\"https:\/\/www.slavkocuruvijafondacija.rs\/\",\"logo\":{\"@type\":\"ImageObject\",\"inLanguage\":\"en-US\",\"@id\":\"https:\/\/www.slavkocuruvijafondacija.rs\/#\/schema\/logo\/image\/\",\"url\":\"https:\/\/www.slavkocuruvijafondacija.rs\/wp-content\/uploads\/2021\/03\/SCF-Logo-900-600.jpg\",\"contentUrl\":\"https:\/\/www.slavkocuruvijafondacija.rs\/wp-content\/uploads\/2021\/03\/SCF-Logo-900-600.jpg\",\"width\":900,\"height\":600,\"caption\":\"Slavko Curuvija Foundation\"},\"image\":{\"@id\":\"https:\/\/www.slavkocuruvijafondacija.rs\/#\/schema\/logo\/image\/\"},\"sameAs\":[\"https:\/\/www.facebook.com\/slavkocuruvijafondacija\/\",\"https:\/\/x.com\/scfondacija\",\"https:\/\/www.instagram.com\/slavko_curuvija_fondacija\/\",\"https:\/\/www.linkedin.com\/company\/slavko-curuvija-foundation\/\",\"https:\/\/www.youtube.com\/channel\/UCEDcWS1sfG6qvaiBvVJJVRQ\"]},{\"@type\":\"Person\",\"@id\":\"https:\/\/www.slavkocuruvijafondacija.rs\/#\/schema\/person\/d235fc303ee4385f0d60f7be176eb741\",\"name\":\"Vojin Mitrovic\",\"image\":{\"@type\":\"ImageObject\",\"inLanguage\":\"en-US\",\"@id\":\"https:\/\/www.slavkocuruvijafondacija.rs\/#\/schema\/person\/image\/\",\"url\":\"https:\/\/secure.gravatar.com\/avatar\/ac7796564557f0f54e187b1b171f1796a9afbb07e218a2a28395548648bd49e1?s=96&d=mm&r=g\",\"contentUrl\":\"https:\/\/secure.gravatar.com\/avatar\/ac7796564557f0f54e187b1b171f1796a9afbb07e218a2a28395548648bd49e1?s=96&d=mm&r=g\",\"caption\":\"Vojin Mitrovic\"},\"url\":\"https:\/\/www.slavkocuruvijafondacija.rs\/en\/author\/vojin\/\"}]}<\/script>\n<!-- \/ Yoast SEO plugin. -->","yoast_head_json":{"title":"Adoption of two media laws postponed","robots":{"index":"index","follow":"follow","max-snippet":"max-snippet:-1","max-image-preview":"max-image-preview:large","max-video-preview":"max-video-preview:-1"},"canonical":"https:\/\/www.slavkocuruvijafondacija.rs\/en\/adoption-of-two-media-laws-postponed\/","og_locale":"en_US","og_type":"article","og_title":"Adoption of two media laws postponed","og_description":"October 16, 2023 Despite an announcement that the Government of Serbia would last week finalise the draft law on public information &amp; media and the draft law on electronic media, and subsequently submit them to the Serbian National Assembly for adoption, this has nonetheless failed to happen. According to an N1 television announcement, the OSCE Mission to Serbia has requested another round of talks between representatives of the Government and media and journalists\u2019 associations on disputed provisions of these laws. [&hellip;]","og_url":"https:\/\/www.slavkocuruvijafondacija.rs\/en\/adoption-of-two-media-laws-postponed\/","og_site_name":"Slavko \u0106uruvija fondacija","article_publisher":"https:\/\/www.facebook.com\/slavkocuruvijafondacija\/","article_published_time":"2023-10-16T12:21:04+00:00","og_image":[{"width":1000,"height":666,"url":"https:\/\/www.slavkocuruvijafondacija.rs\/wp-content\/uploads\/2022\/04\/pexels-terje-sollie-camera-press-media.jpg","type":"image\/jpeg"}],"author":"Vojin Mitrovic","twitter_card":"summary_large_image","twitter_creator":"@scfondacija","twitter_site":"@scfondacija","twitter_misc":{"Written by":"Vojin Mitrovic","Est. reading time":"1 minute"},"schema":{"@context":"https:\/\/schema.org","@graph":[{"@type":"Article","@id":"https:\/\/www.slavkocuruvijafondacija.rs\/en\/adoption-of-two-media-laws-postponed\/#article","isPartOf":{"@id":"https:\/\/www.slavkocuruvijafondacija.rs\/en\/adoption-of-two-media-laws-postponed\/"},"author":{"name":"Vojin Mitrovic","@id":"https:\/\/www.slavkocuruvijafondacija.rs\/#\/schema\/person\/d235fc303ee4385f0d60f7be176eb741"},"headline":"Adoption of two media laws postponed","datePublished":"2023-10-16T12:21:04+00:00","mainEntityOfPage":{"@id":"https:\/\/www.slavkocuruvijafondacija.rs\/en\/adoption-of-two-media-laws-postponed\/"},"wordCount":198,"publisher":{"@id":"https:\/\/www.slavkocuruvijafondacija.rs\/#organization"},"image":{"@id":"https:\/\/www.slavkocuruvijafondacija.rs\/en\/adoption-of-two-media-laws-postponed\/#primaryimage"},"thumbnailUrl":"https:\/\/www.slavkocuruvijafondacija.rs\/wp-content\/uploads\/2022\/04\/pexels-terje-sollie-camera-press-media.jpg","articleSection":["News"],"inLanguage":"en-US"},{"@type":"WebPage","@id":"https:\/\/www.slavkocuruvijafondacija.rs\/en\/adoption-of-two-media-laws-postponed\/","url":"https:\/\/www.slavkocuruvijafondacija.rs\/en\/adoption-of-two-media-laws-postponed\/","name":"Adoption of two media laws postponed","isPartOf":{"@id":"https:\/\/www.slavkocuruvijafondacija.rs\/#website"},"primaryImageOfPage":{"@id":"https:\/\/www.slavkocuruvijafondacija.rs\/en\/adoption-of-two-media-laws-postponed\/#primaryimage"},"image":{"@id":"https:\/\/www.slavkocuruvijafondacija.rs\/en\/adoption-of-two-media-laws-postponed\/#primaryimage"},"thumbnailUrl":"https:\/\/www.slavkocuruvijafondacija.rs\/wp-content\/uploads\/2022\/04\/pexels-terje-sollie-camera-press-media.jpg","datePublished":"2023-10-16T12:21:04+00:00","inLanguage":"en-US","potentialAction":[{"@type":"ReadAction","target":["https:\/\/www.slavkocuruvijafondacija.rs\/en\/adoption-of-two-media-laws-postponed\/"]}]},{"@type":"ImageObject","inLanguage":"en-US","@id":"https:\/\/www.slavkocuruvijafondacija.rs\/en\/adoption-of-two-media-laws-postponed\/#primaryimage","url":"https:\/\/www.slavkocuruvijafondacija.rs\/wp-content\/uploads\/2022\/04\/pexels-terje-sollie-camera-press-media.jpg","contentUrl":"https:\/\/www.slavkocuruvijafondacija.rs\/wp-content\/uploads\/2022\/04\/pexels-terje-sollie-camera-press-media.jpg","width":1000,"height":666,"caption":"Pexels"},{"@type":"WebSite","@id":"https:\/\/www.slavkocuruvijafondacija.rs\/#website","url":"https:\/\/www.slavkocuruvijafondacija.rs\/","name":"Slavko \u0106uruvija fondacija","description":"Slavko \u0106uruvija fondacija (S\u0106F) radi na promociji i unapre\u0111enju slobodnih, nezavisnih i odgovornih medija u Srbiji.","publisher":{"@id":"https:\/\/www.slavkocuruvijafondacija.rs\/#organization"},"potentialAction":[{"@type":"SearchAction","target":{"@type":"EntryPoint","urlTemplate":"https:\/\/www.slavkocuruvijafondacija.rs\/?s={search_term_string}"},"query-input":{"@type":"PropertyValueSpecification","valueRequired":true,"valueName":"search_term_string"}}],"inLanguage":"en-US"},{"@type":"Organization","@id":"https:\/\/www.slavkocuruvijafondacija.rs\/#organization","name":"Slavko Curuvija Foundation","url":"https:\/\/www.slavkocuruvijafondacija.rs\/","logo":{"@type":"ImageObject","inLanguage":"en-US","@id":"https:\/\/www.slavkocuruvijafondacija.rs\/#\/schema\/logo\/image\/","url":"https:\/\/www.slavkocuruvijafondacija.rs\/wp-content\/uploads\/2021\/03\/SCF-Logo-900-600.jpg","contentUrl":"https:\/\/www.slavkocuruvijafondacija.rs\/wp-content\/uploads\/2021\/03\/SCF-Logo-900-600.jpg","width":900,"height":600,"caption":"Slavko Curuvija Foundation"},"image":{"@id":"https:\/\/www.slavkocuruvijafondacija.rs\/#\/schema\/logo\/image\/"},"sameAs":["https:\/\/www.facebook.com\/slavkocuruvijafondacija\/","https:\/\/x.com\/scfondacija","https:\/\/www.instagram.com\/slavko_curuvija_fondacija\/","https:\/\/www.linkedin.com\/company\/slavko-curuvija-foundation\/","https:\/\/www.youtube.com\/channel\/UCEDcWS1sfG6qvaiBvVJJVRQ"]},{"@type":"Person","@id":"https:\/\/www.slavkocuruvijafondacija.rs\/#\/schema\/person\/d235fc303ee4385f0d60f7be176eb741","name":"Vojin Mitrovic","image":{"@type":"ImageObject","inLanguage":"en-US","@id":"https:\/\/www.slavkocuruvijafondacija.rs\/#\/schema\/person\/image\/","url":"https:\/\/secure.gravatar.com\/avatar\/ac7796564557f0f54e187b1b171f1796a9afbb07e218a2a28395548648bd49e1?s=96&d=mm&r=g","contentUrl":"https:\/\/secure.gravatar.com\/avatar\/ac7796564557f0f54e187b1b171f1796a9afbb07e218a2a28395548648bd49e1?s=96&d=mm&r=g","caption":"Vojin Mitrovic"},"url":"https:\/\/www.slavkocuruvijafondacija.rs\/en\/author\/vojin\/"}]}},"_links":{"self":[{"href":"https:\/\/www.slavkocuruvijafondacija.rs\/en\/wp-json\/wp\/v2\/posts\/8815","targetHints":{"allow":["GET"]}}],"collection":[{"href":"https:\/\/www.slavkocuruvijafondacija.rs\/en\/wp-json\/wp\/v2\/posts"}],"about":[{"href":"https:\/\/www.slavkocuruvijafondacija.rs\/en\/wp-json\/wp\/v2\/types\/post"}],"author":[{"embeddable":true,"href":"https:\/\/www.slavkocuruvijafondacija.rs\/en\/wp-json\/wp\/v2\/users\/4"}],"replies":[{"embeddable":true,"href":"https:\/\/www.slavkocuruvijafondacija.rs\/en\/wp-json\/wp\/v2\/comments?post=8815"}],"version-history":[{"count":1,"href":"https:\/\/www.slavkocuruvijafondacija.rs\/en\/wp-json\/wp\/v2\/posts\/8815\/revisions"}],"predecessor-version":[{"id":8816,"href":"https:\/\/www.slavkocuruvijafondacija.rs\/en\/wp-json\/wp\/v2\/posts\/8815\/revisions\/8816"}],"wp:featuredmedia":[{"embeddable":true,"href":"https:\/\/www.slavkocuruvijafondacija.rs\/en\/wp-json\/wp\/v2\/media\/7266"}],"wp:attachment":[{"href":"https:\/\/www.slavkocuruvijafondacija.rs\/en\/wp-json\/wp\/v2\/media?parent=8815"}],"wp:term":[{"taxonomy":"category","embeddable":true,"href":"https:\/\/www.slavkocuruvijafondacija.rs\/en\/wp-json\/wp\/v2\/categories?post=8815"},{"taxonomy":"post_tag","embeddable":true,"href":"https:\/\/www.slavkocuruvijafondacija.rs\/en\/wp-json\/wp\/v2\/tags?post=8815"}],"curies":[{"name":"wp","href":"https:\/\/api.w.org\/{rel}","templated":true}]}}