{"id":8377,"date":"2023-04-13T13:30:41","date_gmt":"2023-04-13T11:30:41","guid":{"rendered":"https:\/\/www.slavkocuruvijafondacija.rs\/?p=8377"},"modified":"2023-04-13T13:33:00","modified_gmt":"2023-04-13T11:33:00","slug":"witch-hunt-against-united-group-media-companies","status":"publish","type":"post","link":"https:\/\/www.slavkocuruvijafondacija.rs\/en\/witch-hunt-against-united-group-media-companies\/","title":{"rendered":"Witch-hunt against United Group media companies"},"content":{"rendered":"<p>April 13, 2023<\/p>\n<hr \/>\n<h2>Top representatives of the Serbian government and pro-government media outlets have launched a witch-hunt against media companies owned by United Group \u2013 television companies N1 and Nova S, and daily newspapers Danas and Nova. This latest which-hunt was prompted by the imprisoning of Dragan J. Vu\u010di\u0107evi\u0107, owner and editor-in-chief of extremely pro-government tabloid newspaper Informer.<\/h2>\n<p>He headed to prison on 3<sup>rd<\/sup> April with great fanfare, claiming to be a victim, when in reality he was jailed because he didn\u2019t want to pay the 200,000 dinars (approx. 1,700 euros) that the court obliged him to pay for defaming journalist Jugoslav \u0106osi\u0107. He was released from prison after just two days, with his wife having paid the sun. This was followed by the airing on TV Pink \u2013 also a pro-government outlet \u2013 of a video by an unknown author calling for the arrests of journalists and editors of newspapers Danas and Nova, and television companies Nova S and N1, for criticising the current government and Serbian President Aleksandar Vu\u010di\u0107.<\/p>\n<p>These same media companies were also targeted after the portal Raskrivanje [Disclosure] published analysis showing that images of President Vu\u010di\u0107 appeared 851 times on the front pages of five tabloids last year alone. The Serbian president responded by claiming that he\u2019d appeared on the front pages of Danas and Nova on multiple occasions times and that their \u201cmiddle name is lie\u201d.<\/p>\n<p>Also speaking out on the issue was Prime Minister Ana Brnabi\u0107, who announced that she would prove the president\u2019s claim that he had appeared more times on the front pages of newspapers owned by United Media, which she spent the next few days attempting to do and, allegedly, succeeded on proving the claim.<\/p>\n<p>United Media called on judicial institutions and investigative bodies to respond urgently, given that government representatives were \u201copenly calling for the persecution of free media and turning our journalists into targets, jeopardising their safety\u201d.<\/p>\n","protected":false},"excerpt":{"rendered":"<p>April 13, 2023 Top representatives of the Serbian government and pro-government media outlets have launched a witch-hunt against media companies owned by United Group \u2013 television companies N1 and Nova S, and daily newspapers Danas and Nova. This latest which-hunt was prompted by the imprisoning of Dragan J. Vu\u010di\u0107evi\u0107, owner and editor-in-chief of extremely pro-government tabloid newspaper Informer. He headed to prison on 3rd April with great fanfare, claiming to be a victim, when in reality he was jailed because [&hellip;]<\/p>\n","protected":false},"author":4,"featured_media":7266,"comment_status":"closed","ping_status":"open","sticky":false,"template":"","format":"standard","meta":{"footnotes":""},"categories":[8],"tags":[],"class_list":["post-8377","post","type-post","status-publish","format-standard","has-post-thumbnail","hentry","category-content-en"],"yoast_head":"<!-- This site is optimized with the Yoast SEO plugin v25.6 - https:\/\/yoast.com\/wordpress\/plugins\/seo\/ -->\n<title>Witch-hunt against United Group media companies<\/title>\n<meta name=\"robots\" content=\"index, follow, max-snippet:-1, max-image-preview:large, max-video-preview:-1\" \/>\n<link rel=\"canonical\" href=\"https:\/\/www.slavkocuruvijafondacija.rs\/en\/witch-hunt-against-united-group-media-companies\/\" \/>\n<meta property=\"og:locale\" content=\"en_US\" \/>\n<meta property=\"og:type\" content=\"article\" \/>\n<meta property=\"og:title\" content=\"Witch-hunt against United Group media companies\" \/>\n<meta property=\"og:description\" content=\"April 13, 2023 Top representatives of the Serbian government and pro-government media outlets have launched a witch-hunt against media companies owned by United Group \u2013 television companies N1 and Nova S, and daily newspapers Danas and Nova. This latest which-hunt was prompted by the imprisoning of Dragan J. Vu\u010di\u0107evi\u0107, owner and editor-in-chief of extremely pro-government tabloid newspaper Informer. He headed to prison on 3rd April with great fanfare, claiming to be a victim, when in reality he was jailed because [&hellip;]\" \/>\n<meta property=\"og:url\" content=\"https:\/\/www.slavkocuruvijafondacija.rs\/en\/witch-hunt-against-united-group-media-companies\/\" \/>\n<meta property=\"og:site_name\" content=\"Slavko \u0106uruvija fondacija\" \/>\n<meta property=\"article:publisher\" content=\"https:\/\/www.facebook.com\/slavkocuruvijafondacija\/\" \/>\n<meta property=\"article:published_time\" content=\"2023-04-13T11:30:41+00:00\" \/>\n<meta property=\"article:modified_time\" content=\"2023-04-13T11:33:00+00:00\" \/>\n<meta property=\"og:image\" content=\"https:\/\/www.slavkocuruvijafondacija.rs\/wp-content\/uploads\/2022\/04\/pexels-terje-sollie-camera-press-media.jpg\" \/>\n\t<meta property=\"og:image:width\" content=\"1000\" \/>\n\t<meta property=\"og:image:height\" content=\"666\" \/>\n\t<meta property=\"og:image:type\" content=\"image\/jpeg\" \/>\n<meta name=\"author\" content=\"Vojin Mitrovic\" \/>\n<meta name=\"twitter:card\" content=\"summary_large_image\" \/>\n<meta name=\"twitter:creator\" content=\"@scfondacija\" \/>\n<meta name=\"twitter:site\" content=\"@scfondacija\" \/>\n<meta name=\"twitter:label1\" content=\"Written by\" \/>\n\t<meta name=\"twitter:data1\" content=\"Vojin Mitrovic\" \/>\n\t<meta name=\"twitter:label2\" content=\"Est. reading time\" \/>\n\t<meta name=\"twitter:data2\" content=\"2 minutes\" \/>\n<script type=\"application\/ld+json\" class=\"yoast-schema-graph\">{\"@context\":\"https:\/\/schema.org\",\"@graph\":[{\"@type\":\"Article\",\"@id\":\"https:\/\/www.slavkocuruvijafondacija.rs\/en\/witch-hunt-against-united-group-media-companies\/#article\",\"isPartOf\":{\"@id\":\"https:\/\/www.slavkocuruvijafondacija.rs\/en\/witch-hunt-against-united-group-media-companies\/\"},\"author\":{\"name\":\"Vojin Mitrovic\",\"@id\":\"https:\/\/www.slavkocuruvijafondacija.rs\/#\/schema\/person\/d235fc303ee4385f0d60f7be176eb741\"},\"headline\":\"Witch-hunt against United Group media companies\",\"datePublished\":\"2023-04-13T11:30:41+00:00\",\"dateModified\":\"2023-04-13T11:33:00+00:00\",\"mainEntityOfPage\":{\"@id\":\"https:\/\/www.slavkocuruvijafondacija.rs\/en\/witch-hunt-against-united-group-media-companies\/\"},\"wordCount\":324,\"publisher\":{\"@id\":\"https:\/\/www.slavkocuruvijafondacija.rs\/#organization\"},\"image\":{\"@id\":\"https:\/\/www.slavkocuruvijafondacija.rs\/en\/witch-hunt-against-united-group-media-companies\/#primaryimage\"},\"thumbnailUrl\":\"https:\/\/www.slavkocuruvijafondacija.rs\/wp-content\/uploads\/2022\/04\/pexels-terje-sollie-camera-press-media.jpg\",\"articleSection\":[\"News\"],\"inLanguage\":\"en-US\"},{\"@type\":\"WebPage\",\"@id\":\"https:\/\/www.slavkocuruvijafondacija.rs\/en\/witch-hunt-against-united-group-media-companies\/\",\"url\":\"https:\/\/www.slavkocuruvijafondacija.rs\/en\/witch-hunt-against-united-group-media-companies\/\",\"name\":\"Witch-hunt against United Group media companies\",\"isPartOf\":{\"@id\":\"https:\/\/www.slavkocuruvijafondacija.rs\/#website\"},\"primaryImageOfPage\":{\"@id\":\"https:\/\/www.slavkocuruvijafondacija.rs\/en\/witch-hunt-against-united-group-media-companies\/#primaryimage\"},\"image\":{\"@id\":\"https:\/\/www.slavkocuruvijafondacija.rs\/en\/witch-hunt-against-united-group-media-companies\/#primaryimage\"},\"thumbnailUrl\":\"https:\/\/www.slavkocuruvijafondacija.rs\/wp-content\/uploads\/2022\/04\/pexels-terje-sollie-camera-press-media.jpg\",\"datePublished\":\"2023-04-13T11:30:41+00:00\",\"dateModified\":\"2023-04-13T11:33:00+00:00\",\"inLanguage\":\"en-US\",\"potentialAction\":[{\"@type\":\"ReadAction\",\"target\":[\"https:\/\/www.slavkocuruvijafondacija.rs\/en\/witch-hunt-against-united-group-media-companies\/\"]}]},{\"@type\":\"ImageObject\",\"inLanguage\":\"en-US\",\"@id\":\"https:\/\/www.slavkocuruvijafondacija.rs\/en\/witch-hunt-against-united-group-media-companies\/#primaryimage\",\"url\":\"https:\/\/www.slavkocuruvijafondacija.rs\/wp-content\/uploads\/2022\/04\/pexels-terje-sollie-camera-press-media.jpg\",\"contentUrl\":\"https:\/\/www.slavkocuruvijafondacija.rs\/wp-content\/uploads\/2022\/04\/pexels-terje-sollie-camera-press-media.jpg\",\"width\":1000,\"height\":666,\"caption\":\"Pexels\"},{\"@type\":\"WebSite\",\"@id\":\"https:\/\/www.slavkocuruvijafondacija.rs\/#website\",\"url\":\"https:\/\/www.slavkocuruvijafondacija.rs\/\",\"name\":\"Slavko \u0106uruvija fondacija\",\"description\":\"Slavko \u0106uruvija fondacija (S\u0106F) radi na promociji i unapre\u0111enju slobodnih, nezavisnih i odgovornih medija u Srbiji.\",\"publisher\":{\"@id\":\"https:\/\/www.slavkocuruvijafondacija.rs\/#organization\"},\"potentialAction\":[{\"@type\":\"SearchAction\",\"target\":{\"@type\":\"EntryPoint\",\"urlTemplate\":\"https:\/\/www.slavkocuruvijafondacija.rs\/?s={search_term_string}\"},\"query-input\":{\"@type\":\"PropertyValueSpecification\",\"valueRequired\":true,\"valueName\":\"search_term_string\"}}],\"inLanguage\":\"en-US\"},{\"@type\":\"Organization\",\"@id\":\"https:\/\/www.slavkocuruvijafondacija.rs\/#organization\",\"name\":\"Slavko Curuvija Foundation\",\"url\":\"https:\/\/www.slavkocuruvijafondacija.rs\/\",\"logo\":{\"@type\":\"ImageObject\",\"inLanguage\":\"en-US\",\"@id\":\"https:\/\/www.slavkocuruvijafondacija.rs\/#\/schema\/logo\/image\/\",\"url\":\"https:\/\/www.slavkocuruvijafondacija.rs\/wp-content\/uploads\/2021\/03\/SCF-Logo-900-600.jpg\",\"contentUrl\":\"https:\/\/www.slavkocuruvijafondacija.rs\/wp-content\/uploads\/2021\/03\/SCF-Logo-900-600.jpg\",\"width\":900,\"height\":600,\"caption\":\"Slavko Curuvija Foundation\"},\"image\":{\"@id\":\"https:\/\/www.slavkocuruvijafondacija.rs\/#\/schema\/logo\/image\/\"},\"sameAs\":[\"https:\/\/www.facebook.com\/slavkocuruvijafondacija\/\",\"https:\/\/x.com\/scfondacija\",\"https:\/\/www.instagram.com\/slavko_curuvija_fondacija\/\",\"https:\/\/www.linkedin.com\/company\/slavko-curuvija-foundation\/\",\"https:\/\/www.youtube.com\/channel\/UCEDcWS1sfG6qvaiBvVJJVRQ\"]},{\"@type\":\"Person\",\"@id\":\"https:\/\/www.slavkocuruvijafondacija.rs\/#\/schema\/person\/d235fc303ee4385f0d60f7be176eb741\",\"name\":\"Vojin Mitrovic\",\"image\":{\"@type\":\"ImageObject\",\"inLanguage\":\"en-US\",\"@id\":\"https:\/\/www.slavkocuruvijafondacija.rs\/#\/schema\/person\/image\/\",\"url\":\"https:\/\/secure.gravatar.com\/avatar\/ac7796564557f0f54e187b1b171f1796a9afbb07e218a2a28395548648bd49e1?s=96&d=mm&r=g\",\"contentUrl\":\"https:\/\/secure.gravatar.com\/avatar\/ac7796564557f0f54e187b1b171f1796a9afbb07e218a2a28395548648bd49e1?s=96&d=mm&r=g\",\"caption\":\"Vojin Mitrovic\"},\"url\":\"https:\/\/www.slavkocuruvijafondacija.rs\/en\/author\/vojin\/\"}]}<\/script>\n<!-- \/ Yoast SEO plugin. -->","yoast_head_json":{"title":"Witch-hunt against United Group media companies","robots":{"index":"index","follow":"follow","max-snippet":"max-snippet:-1","max-image-preview":"max-image-preview:large","max-video-preview":"max-video-preview:-1"},"canonical":"https:\/\/www.slavkocuruvijafondacija.rs\/en\/witch-hunt-against-united-group-media-companies\/","og_locale":"en_US","og_type":"article","og_title":"Witch-hunt against United Group media companies","og_description":"April 13, 2023 Top representatives of the Serbian government and pro-government media outlets have launched a witch-hunt against media companies owned by United Group \u2013 television companies N1 and Nova S, and daily newspapers Danas and Nova. This latest which-hunt was prompted by the imprisoning of Dragan J. Vu\u010di\u0107evi\u0107, owner and editor-in-chief of extremely pro-government tabloid newspaper Informer. He headed to prison on 3rd April with great fanfare, claiming to be a victim, when in reality he was jailed because [&hellip;]","og_url":"https:\/\/www.slavkocuruvijafondacija.rs\/en\/witch-hunt-against-united-group-media-companies\/","og_site_name":"Slavko \u0106uruvija fondacija","article_publisher":"https:\/\/www.facebook.com\/slavkocuruvijafondacija\/","article_published_time":"2023-04-13T11:30:41+00:00","article_modified_time":"2023-04-13T11:33:00+00:00","og_image":[{"width":1000,"height":666,"url":"https:\/\/www.slavkocuruvijafondacija.rs\/wp-content\/uploads\/2022\/04\/pexels-terje-sollie-camera-press-media.jpg","type":"image\/jpeg"}],"author":"Vojin Mitrovic","twitter_card":"summary_large_image","twitter_creator":"@scfondacija","twitter_site":"@scfondacija","twitter_misc":{"Written by":"Vojin Mitrovic","Est. reading time":"2 minutes"},"schema":{"@context":"https:\/\/schema.org","@graph":[{"@type":"Article","@id":"https:\/\/www.slavkocuruvijafondacija.rs\/en\/witch-hunt-against-united-group-media-companies\/#article","isPartOf":{"@id":"https:\/\/www.slavkocuruvijafondacija.rs\/en\/witch-hunt-against-united-group-media-companies\/"},"author":{"name":"Vojin Mitrovic","@id":"https:\/\/www.slavkocuruvijafondacija.rs\/#\/schema\/person\/d235fc303ee4385f0d60f7be176eb741"},"headline":"Witch-hunt against United Group media companies","datePublished":"2023-04-13T11:30:41+00:00","dateModified":"2023-04-13T11:33:00+00:00","mainEntityOfPage":{"@id":"https:\/\/www.slavkocuruvijafondacija.rs\/en\/witch-hunt-against-united-group-media-companies\/"},"wordCount":324,"publisher":{"@id":"https:\/\/www.slavkocuruvijafondacija.rs\/#organization"},"image":{"@id":"https:\/\/www.slavkocuruvijafondacija.rs\/en\/witch-hunt-against-united-group-media-companies\/#primaryimage"},"thumbnailUrl":"https:\/\/www.slavkocuruvijafondacija.rs\/wp-content\/uploads\/2022\/04\/pexels-terje-sollie-camera-press-media.jpg","articleSection":["News"],"inLanguage":"en-US"},{"@type":"WebPage","@id":"https:\/\/www.slavkocuruvijafondacija.rs\/en\/witch-hunt-against-united-group-media-companies\/","url":"https:\/\/www.slavkocuruvijafondacija.rs\/en\/witch-hunt-against-united-group-media-companies\/","name":"Witch-hunt against United Group media companies","isPartOf":{"@id":"https:\/\/www.slavkocuruvijafondacija.rs\/#website"},"primaryImageOfPage":{"@id":"https:\/\/www.slavkocuruvijafondacija.rs\/en\/witch-hunt-against-united-group-media-companies\/#primaryimage"},"image":{"@id":"https:\/\/www.slavkocuruvijafondacija.rs\/en\/witch-hunt-against-united-group-media-companies\/#primaryimage"},"thumbnailUrl":"https:\/\/www.slavkocuruvijafondacija.rs\/wp-content\/uploads\/2022\/04\/pexels-terje-sollie-camera-press-media.jpg","datePublished":"2023-04-13T11:30:41+00:00","dateModified":"2023-04-13T11:33:00+00:00","inLanguage":"en-US","potentialAction":[{"@type":"ReadAction","target":["https:\/\/www.slavkocuruvijafondacija.rs\/en\/witch-hunt-against-united-group-media-companies\/"]}]},{"@type":"ImageObject","inLanguage":"en-US","@id":"https:\/\/www.slavkocuruvijafondacija.rs\/en\/witch-hunt-against-united-group-media-companies\/#primaryimage","url":"https:\/\/www.slavkocuruvijafondacija.rs\/wp-content\/uploads\/2022\/04\/pexels-terje-sollie-camera-press-media.jpg","contentUrl":"https:\/\/www.slavkocuruvijafondacija.rs\/wp-content\/uploads\/2022\/04\/pexels-terje-sollie-camera-press-media.jpg","width":1000,"height":666,"caption":"Pexels"},{"@type":"WebSite","@id":"https:\/\/www.slavkocuruvijafondacija.rs\/#website","url":"https:\/\/www.slavkocuruvijafondacija.rs\/","name":"Slavko \u0106uruvija fondacija","description":"Slavko \u0106uruvija fondacija (S\u0106F) radi na promociji i unapre\u0111enju slobodnih, nezavisnih i odgovornih medija u Srbiji.","publisher":{"@id":"https:\/\/www.slavkocuruvijafondacija.rs\/#organization"},"potentialAction":[{"@type":"SearchAction","target":{"@type":"EntryPoint","urlTemplate":"https:\/\/www.slavkocuruvijafondacija.rs\/?s={search_term_string}"},"query-input":{"@type":"PropertyValueSpecification","valueRequired":true,"valueName":"search_term_string"}}],"inLanguage":"en-US"},{"@type":"Organization","@id":"https:\/\/www.slavkocuruvijafondacija.rs\/#organization","name":"Slavko Curuvija Foundation","url":"https:\/\/www.slavkocuruvijafondacija.rs\/","logo":{"@type":"ImageObject","inLanguage":"en-US","@id":"https:\/\/www.slavkocuruvijafondacija.rs\/#\/schema\/logo\/image\/","url":"https:\/\/www.slavkocuruvijafondacija.rs\/wp-content\/uploads\/2021\/03\/SCF-Logo-900-600.jpg","contentUrl":"https:\/\/www.slavkocuruvijafondacija.rs\/wp-content\/uploads\/2021\/03\/SCF-Logo-900-600.jpg","width":900,"height":600,"caption":"Slavko Curuvija Foundation"},"image":{"@id":"https:\/\/www.slavkocuruvijafondacija.rs\/#\/schema\/logo\/image\/"},"sameAs":["https:\/\/www.facebook.com\/slavkocuruvijafondacija\/","https:\/\/x.com\/scfondacija","https:\/\/www.instagram.com\/slavko_curuvija_fondacija\/","https:\/\/www.linkedin.com\/company\/slavko-curuvija-foundation\/","https:\/\/www.youtube.com\/channel\/UCEDcWS1sfG6qvaiBvVJJVRQ"]},{"@type":"Person","@id":"https:\/\/www.slavkocuruvijafondacija.rs\/#\/schema\/person\/d235fc303ee4385f0d60f7be176eb741","name":"Vojin Mitrovic","image":{"@type":"ImageObject","inLanguage":"en-US","@id":"https:\/\/www.slavkocuruvijafondacija.rs\/#\/schema\/person\/image\/","url":"https:\/\/secure.gravatar.com\/avatar\/ac7796564557f0f54e187b1b171f1796a9afbb07e218a2a28395548648bd49e1?s=96&d=mm&r=g","contentUrl":"https:\/\/secure.gravatar.com\/avatar\/ac7796564557f0f54e187b1b171f1796a9afbb07e218a2a28395548648bd49e1?s=96&d=mm&r=g","caption":"Vojin Mitrovic"},"url":"https:\/\/www.slavkocuruvijafondacija.rs\/en\/author\/vojin\/"}]}},"_links":{"self":[{"href":"https:\/\/www.slavkocuruvijafondacija.rs\/en\/wp-json\/wp\/v2\/posts\/8377","targetHints":{"allow":["GET"]}}],"collection":[{"href":"https:\/\/www.slavkocuruvijafondacija.rs\/en\/wp-json\/wp\/v2\/posts"}],"about":[{"href":"https:\/\/www.slavkocuruvijafondacija.rs\/en\/wp-json\/wp\/v2\/types\/post"}],"author":[{"embeddable":true,"href":"https:\/\/www.slavkocuruvijafondacija.rs\/en\/wp-json\/wp\/v2\/users\/4"}],"replies":[{"embeddable":true,"href":"https:\/\/www.slavkocuruvijafondacija.rs\/en\/wp-json\/wp\/v2\/comments?post=8377"}],"version-history":[{"count":2,"href":"https:\/\/www.slavkocuruvijafondacija.rs\/en\/wp-json\/wp\/v2\/posts\/8377\/revisions"}],"predecessor-version":[{"id":8383,"href":"https:\/\/www.slavkocuruvijafondacija.rs\/en\/wp-json\/wp\/v2\/posts\/8377\/revisions\/8383"}],"wp:featuredmedia":[{"embeddable":true,"href":"https:\/\/www.slavkocuruvijafondacija.rs\/en\/wp-json\/wp\/v2\/media\/7266"}],"wp:attachment":[{"href":"https:\/\/www.slavkocuruvijafondacija.rs\/en\/wp-json\/wp\/v2\/media?parent=8377"}],"wp:term":[{"taxonomy":"category","embeddable":true,"href":"https:\/\/www.slavkocuruvijafondacija.rs\/en\/wp-json\/wp\/v2\/categories?post=8377"},{"taxonomy":"post_tag","embeddable":true,"href":"https:\/\/www.slavkocuruvijafondacija.rs\/en\/wp-json\/wp\/v2\/tags?post=8377"}],"curies":[{"name":"wp","href":"https:\/\/api.w.org\/{rel}","templated":true}]}}