{"id":8180,"date":"2023-03-16T14:32:14","date_gmt":"2023-03-16T13:32:14","guid":{"rendered":"https:\/\/www.slavkocuruvijafondacija.rs\/?p=8180"},"modified":"2023-03-16T14:32:14","modified_gmt":"2023-03-16T13:32:14","slug":"marko-vidojkovic-was-compelled-to-leave-serbia-due-to-threats-to-his-safety","status":"publish","type":"post","link":"https:\/\/www.slavkocuruvijafondacija.rs\/en\/marko-vidojkovic-was-compelled-to-leave-serbia-due-to-threats-to-his-safety\/","title":{"rendered":"Marko Vidojkovi\u0107 was compelled to leave Serbia due to threats to his safety"},"content":{"rendered":"<p>March 16, 2023<\/p>\n<hr \/>\n<h2>Marko Vidojkovi\u0107, writer, journalist and co-author of the podcast Dobar lo\u0161 zao [The Good, The Bad and the Ugly], had to leave Serbia, together with his wife, in early February over threats to his personal safety. The Serbian public subsequently learnt about this dramatic development in an interview with former Serbian president and Social Democratic Party leader Boris Tadi\u0107.<\/h2>\n<p>Vidojkovi\u0107, who has to date received more than 30 death threats, was given the recommendation to relocate for security reasons from organisation PEN International, which stated in a letter to Veran Mati\u0107, chairman of the Commission for Investigating Murders of Journalists, that \u201cVidojkovi\u0107 and his family are currently in a secure location\u201d.<\/p>\n<p>\u201cToday everyone is surprised about what\u2019s happening, but this is a situation that\u2019s been going on for years. The International PEN concluded that the situation we are in is so difficult that it imperils our lives, and accordingly concluded that we needed to relocate urgently,\u201d said Vidojkovi\u0107 speaking for national daily newspaper Danas.<\/p>\n","protected":false},"excerpt":{"rendered":"<p>March 16, 2023 Marko Vidojkovi\u0107, writer, journalist and co-author of the podcast Dobar lo\u0161 zao [The Good, The Bad and the Ugly], had to leave Serbia, together with his wife, in early February over threats to his personal safety. The Serbian public subsequently learnt about this dramatic development in an interview with former Serbian president and Social Democratic Party leader Boris Tadi\u0107. Vidojkovi\u0107, who has to date received more than 30 death threats, was given the recommendation to relocate for [&hellip;]<\/p>\n","protected":false},"author":4,"featured_media":7401,"comment_status":"closed","ping_status":"open","sticky":false,"template":"","format":"standard","meta":{"footnotes":""},"categories":[8],"tags":[],"class_list":["post-8180","post","type-post","status-publish","format-standard","has-post-thumbnail","hentry","category-content-en"],"yoast_head":"<!-- This site is optimized with the Yoast SEO plugin v25.6 - https:\/\/yoast.com\/wordpress\/plugins\/seo\/ -->\n<title>Marko Vidojkovi\u0107 was compelled to leave Serbia due to threats to his safety<\/title>\n<meta name=\"robots\" content=\"index, follow, max-snippet:-1, max-image-preview:large, max-video-preview:-1\" \/>\n<link rel=\"canonical\" href=\"https:\/\/www.slavkocuruvijafondacija.rs\/en\/marko-vidojkovic-was-compelled-to-leave-serbia-due-to-threats-to-his-safety\/\" \/>\n<meta property=\"og:locale\" content=\"en_US\" \/>\n<meta property=\"og:type\" content=\"article\" \/>\n<meta property=\"og:title\" content=\"Marko Vidojkovi\u0107 was compelled to leave Serbia due to threats to his safety\" \/>\n<meta property=\"og:description\" content=\"March 16, 2023 Marko Vidojkovi\u0107, writer, journalist and co-author of the podcast Dobar lo\u0161 zao [The Good, The Bad and the Ugly], had to leave Serbia, together with his wife, in early February over threats to his personal safety. The Serbian public subsequently learnt about this dramatic development in an interview with former Serbian president and Social Democratic Party leader Boris Tadi\u0107. Vidojkovi\u0107, who has to date received more than 30 death threats, was given the recommendation to relocate for [&hellip;]\" \/>\n<meta property=\"og:url\" content=\"https:\/\/www.slavkocuruvijafondacija.rs\/en\/marko-vidojkovic-was-compelled-to-leave-serbia-due-to-threats-to-his-safety\/\" \/>\n<meta property=\"og:site_name\" content=\"Slavko \u0106uruvija fondacija\" \/>\n<meta property=\"article:publisher\" content=\"https:\/\/www.facebook.com\/slavkocuruvijafondacija\/\" \/>\n<meta property=\"article:published_time\" content=\"2023-03-16T13:32:14+00:00\" \/>\n<meta property=\"og:image\" content=\"https:\/\/www.slavkocuruvijafondacija.rs\/wp-content\/uploads\/2022\/04\/vidojkovic-dlz.jpg\" \/>\n\t<meta property=\"og:image:width\" content=\"1000\" \/>\n\t<meta property=\"og:image:height\" content=\"667\" \/>\n\t<meta property=\"og:image:type\" content=\"image\/jpeg\" \/>\n<meta name=\"author\" content=\"Vojin Mitrovic\" \/>\n<meta name=\"twitter:card\" content=\"summary_large_image\" \/>\n<meta name=\"twitter:creator\" content=\"@scfondacija\" \/>\n<meta name=\"twitter:site\" content=\"@scfondacija\" \/>\n<meta name=\"twitter:label1\" content=\"Written by\" \/>\n\t<meta name=\"twitter:data1\" content=\"Vojin Mitrovic\" \/>\n\t<meta name=\"twitter:label2\" content=\"Est. reading time\" \/>\n\t<meta name=\"twitter:data2\" content=\"1 minute\" \/>\n<script type=\"application\/ld+json\" class=\"yoast-schema-graph\">{\"@context\":\"https:\/\/schema.org\",\"@graph\":[{\"@type\":\"Article\",\"@id\":\"https:\/\/www.slavkocuruvijafondacija.rs\/en\/marko-vidojkovic-was-compelled-to-leave-serbia-due-to-threats-to-his-safety\/#article\",\"isPartOf\":{\"@id\":\"https:\/\/www.slavkocuruvijafondacija.rs\/en\/marko-vidojkovic-was-compelled-to-leave-serbia-due-to-threats-to-his-safety\/\"},\"author\":{\"name\":\"Vojin Mitrovic\",\"@id\":\"https:\/\/www.slavkocuruvijafondacija.rs\/#\/schema\/person\/d235fc303ee4385f0d60f7be176eb741\"},\"headline\":\"Marko Vidojkovi\u0107 was compelled to leave Serbia due to threats to his safety\",\"datePublished\":\"2023-03-16T13:32:14+00:00\",\"mainEntityOfPage\":{\"@id\":\"https:\/\/www.slavkocuruvijafondacija.rs\/en\/marko-vidojkovic-was-compelled-to-leave-serbia-due-to-threats-to-his-safety\/\"},\"wordCount\":179,\"publisher\":{\"@id\":\"https:\/\/www.slavkocuruvijafondacija.rs\/#organization\"},\"image\":{\"@id\":\"https:\/\/www.slavkocuruvijafondacija.rs\/en\/marko-vidojkovic-was-compelled-to-leave-serbia-due-to-threats-to-his-safety\/#primaryimage\"},\"thumbnailUrl\":\"https:\/\/www.slavkocuruvijafondacija.rs\/wp-content\/uploads\/2022\/04\/vidojkovic-dlz.jpg\",\"articleSection\":[\"News\"],\"inLanguage\":\"en-US\"},{\"@type\":\"WebPage\",\"@id\":\"https:\/\/www.slavkocuruvijafondacija.rs\/en\/marko-vidojkovic-was-compelled-to-leave-serbia-due-to-threats-to-his-safety\/\",\"url\":\"https:\/\/www.slavkocuruvijafondacija.rs\/en\/marko-vidojkovic-was-compelled-to-leave-serbia-due-to-threats-to-his-safety\/\",\"name\":\"Marko Vidojkovi\u0107 was compelled to leave Serbia due to threats to his safety\",\"isPartOf\":{\"@id\":\"https:\/\/www.slavkocuruvijafondacija.rs\/#website\"},\"primaryImageOfPage\":{\"@id\":\"https:\/\/www.slavkocuruvijafondacija.rs\/en\/marko-vidojkovic-was-compelled-to-leave-serbia-due-to-threats-to-his-safety\/#primaryimage\"},\"image\":{\"@id\":\"https:\/\/www.slavkocuruvijafondacija.rs\/en\/marko-vidojkovic-was-compelled-to-leave-serbia-due-to-threats-to-his-safety\/#primaryimage\"},\"thumbnailUrl\":\"https:\/\/www.slavkocuruvijafondacija.rs\/wp-content\/uploads\/2022\/04\/vidojkovic-dlz.jpg\",\"datePublished\":\"2023-03-16T13:32:14+00:00\",\"inLanguage\":\"en-US\",\"potentialAction\":[{\"@type\":\"ReadAction\",\"target\":[\"https:\/\/www.slavkocuruvijafondacija.rs\/en\/marko-vidojkovic-was-compelled-to-leave-serbia-due-to-threats-to-his-safety\/\"]}]},{\"@type\":\"ImageObject\",\"inLanguage\":\"en-US\",\"@id\":\"https:\/\/www.slavkocuruvijafondacija.rs\/en\/marko-vidojkovic-was-compelled-to-leave-serbia-due-to-threats-to-his-safety\/#primaryimage\",\"url\":\"https:\/\/www.slavkocuruvijafondacija.rs\/wp-content\/uploads\/2022\/04\/vidojkovic-dlz.jpg\",\"contentUrl\":\"https:\/\/www.slavkocuruvijafondacija.rs\/wp-content\/uploads\/2022\/04\/vidojkovic-dlz.jpg\",\"width\":1000,\"height\":667},{\"@type\":\"WebSite\",\"@id\":\"https:\/\/www.slavkocuruvijafondacija.rs\/#website\",\"url\":\"https:\/\/www.slavkocuruvijafondacija.rs\/\",\"name\":\"Slavko \u0106uruvija fondacija\",\"description\":\"Slavko \u0106uruvija fondacija (S\u0106F) radi na promociji i unapre\u0111enju slobodnih, nezavisnih i odgovornih medija u Srbiji.\",\"publisher\":{\"@id\":\"https:\/\/www.slavkocuruvijafondacija.rs\/#organization\"},\"potentialAction\":[{\"@type\":\"SearchAction\",\"target\":{\"@type\":\"EntryPoint\",\"urlTemplate\":\"https:\/\/www.slavkocuruvijafondacija.rs\/?s={search_term_string}\"},\"query-input\":{\"@type\":\"PropertyValueSpecification\",\"valueRequired\":true,\"valueName\":\"search_term_string\"}}],\"inLanguage\":\"en-US\"},{\"@type\":\"Organization\",\"@id\":\"https:\/\/www.slavkocuruvijafondacija.rs\/#organization\",\"name\":\"Slavko Curuvija Foundation\",\"url\":\"https:\/\/www.slavkocuruvijafondacija.rs\/\",\"logo\":{\"@type\":\"ImageObject\",\"inLanguage\":\"en-US\",\"@id\":\"https:\/\/www.slavkocuruvijafondacija.rs\/#\/schema\/logo\/image\/\",\"url\":\"https:\/\/www.slavkocuruvijafondacija.rs\/wp-content\/uploads\/2021\/03\/SCF-Logo-900-600.jpg\",\"contentUrl\":\"https:\/\/www.slavkocuruvijafondacija.rs\/wp-content\/uploads\/2021\/03\/SCF-Logo-900-600.jpg\",\"width\":900,\"height\":600,\"caption\":\"Slavko Curuvija Foundation\"},\"image\":{\"@id\":\"https:\/\/www.slavkocuruvijafondacija.rs\/#\/schema\/logo\/image\/\"},\"sameAs\":[\"https:\/\/www.facebook.com\/slavkocuruvijafondacija\/\",\"https:\/\/x.com\/scfondacija\",\"https:\/\/www.instagram.com\/slavko_curuvija_fondacija\/\",\"https:\/\/www.linkedin.com\/company\/slavko-curuvija-foundation\/\",\"https:\/\/www.youtube.com\/channel\/UCEDcWS1sfG6qvaiBvVJJVRQ\"]},{\"@type\":\"Person\",\"@id\":\"https:\/\/www.slavkocuruvijafondacija.rs\/#\/schema\/person\/d235fc303ee4385f0d60f7be176eb741\",\"name\":\"Vojin Mitrovic\",\"image\":{\"@type\":\"ImageObject\",\"inLanguage\":\"en-US\",\"@id\":\"https:\/\/www.slavkocuruvijafondacija.rs\/#\/schema\/person\/image\/\",\"url\":\"https:\/\/secure.gravatar.com\/avatar\/ac7796564557f0f54e187b1b171f1796a9afbb07e218a2a28395548648bd49e1?s=96&d=mm&r=g\",\"contentUrl\":\"https:\/\/secure.gravatar.com\/avatar\/ac7796564557f0f54e187b1b171f1796a9afbb07e218a2a28395548648bd49e1?s=96&d=mm&r=g\",\"caption\":\"Vojin Mitrovic\"},\"url\":\"https:\/\/www.slavkocuruvijafondacija.rs\/en\/author\/vojin\/\"}]}<\/script>\n<!-- \/ Yoast SEO plugin. -->","yoast_head_json":{"title":"Marko Vidojkovi\u0107 was compelled to leave Serbia due to threats to his safety","robots":{"index":"index","follow":"follow","max-snippet":"max-snippet:-1","max-image-preview":"max-image-preview:large","max-video-preview":"max-video-preview:-1"},"canonical":"https:\/\/www.slavkocuruvijafondacija.rs\/en\/marko-vidojkovic-was-compelled-to-leave-serbia-due-to-threats-to-his-safety\/","og_locale":"en_US","og_type":"article","og_title":"Marko Vidojkovi\u0107 was compelled to leave Serbia due to threats to his safety","og_description":"March 16, 2023 Marko Vidojkovi\u0107, writer, journalist and co-author of the podcast Dobar lo\u0161 zao [The Good, The Bad and the Ugly], had to leave Serbia, together with his wife, in early February over threats to his personal safety. The Serbian public subsequently learnt about this dramatic development in an interview with former Serbian president and Social Democratic Party leader Boris Tadi\u0107. Vidojkovi\u0107, who has to date received more than 30 death threats, was given the recommendation to relocate for [&hellip;]","og_url":"https:\/\/www.slavkocuruvijafondacija.rs\/en\/marko-vidojkovic-was-compelled-to-leave-serbia-due-to-threats-to-his-safety\/","og_site_name":"Slavko \u0106uruvija fondacija","article_publisher":"https:\/\/www.facebook.com\/slavkocuruvijafondacija\/","article_published_time":"2023-03-16T13:32:14+00:00","og_image":[{"width":1000,"height":667,"url":"https:\/\/www.slavkocuruvijafondacija.rs\/wp-content\/uploads\/2022\/04\/vidojkovic-dlz.jpg","type":"image\/jpeg"}],"author":"Vojin Mitrovic","twitter_card":"summary_large_image","twitter_creator":"@scfondacija","twitter_site":"@scfondacija","twitter_misc":{"Written by":"Vojin Mitrovic","Est. reading time":"1 minute"},"schema":{"@context":"https:\/\/schema.org","@graph":[{"@type":"Article","@id":"https:\/\/www.slavkocuruvijafondacija.rs\/en\/marko-vidojkovic-was-compelled-to-leave-serbia-due-to-threats-to-his-safety\/#article","isPartOf":{"@id":"https:\/\/www.slavkocuruvijafondacija.rs\/en\/marko-vidojkovic-was-compelled-to-leave-serbia-due-to-threats-to-his-safety\/"},"author":{"name":"Vojin Mitrovic","@id":"https:\/\/www.slavkocuruvijafondacija.rs\/#\/schema\/person\/d235fc303ee4385f0d60f7be176eb741"},"headline":"Marko Vidojkovi\u0107 was compelled to leave Serbia due to threats to his safety","datePublished":"2023-03-16T13:32:14+00:00","mainEntityOfPage":{"@id":"https:\/\/www.slavkocuruvijafondacija.rs\/en\/marko-vidojkovic-was-compelled-to-leave-serbia-due-to-threats-to-his-safety\/"},"wordCount":179,"publisher":{"@id":"https:\/\/www.slavkocuruvijafondacija.rs\/#organization"},"image":{"@id":"https:\/\/www.slavkocuruvijafondacija.rs\/en\/marko-vidojkovic-was-compelled-to-leave-serbia-due-to-threats-to-his-safety\/#primaryimage"},"thumbnailUrl":"https:\/\/www.slavkocuruvijafondacija.rs\/wp-content\/uploads\/2022\/04\/vidojkovic-dlz.jpg","articleSection":["News"],"inLanguage":"en-US"},{"@type":"WebPage","@id":"https:\/\/www.slavkocuruvijafondacija.rs\/en\/marko-vidojkovic-was-compelled-to-leave-serbia-due-to-threats-to-his-safety\/","url":"https:\/\/www.slavkocuruvijafondacija.rs\/en\/marko-vidojkovic-was-compelled-to-leave-serbia-due-to-threats-to-his-safety\/","name":"Marko Vidojkovi\u0107 was compelled to leave Serbia due to threats to his safety","isPartOf":{"@id":"https:\/\/www.slavkocuruvijafondacija.rs\/#website"},"primaryImageOfPage":{"@id":"https:\/\/www.slavkocuruvijafondacija.rs\/en\/marko-vidojkovic-was-compelled-to-leave-serbia-due-to-threats-to-his-safety\/#primaryimage"},"image":{"@id":"https:\/\/www.slavkocuruvijafondacija.rs\/en\/marko-vidojkovic-was-compelled-to-leave-serbia-due-to-threats-to-his-safety\/#primaryimage"},"thumbnailUrl":"https:\/\/www.slavkocuruvijafondacija.rs\/wp-content\/uploads\/2022\/04\/vidojkovic-dlz.jpg","datePublished":"2023-03-16T13:32:14+00:00","inLanguage":"en-US","potentialAction":[{"@type":"ReadAction","target":["https:\/\/www.slavkocuruvijafondacija.rs\/en\/marko-vidojkovic-was-compelled-to-leave-serbia-due-to-threats-to-his-safety\/"]}]},{"@type":"ImageObject","inLanguage":"en-US","@id":"https:\/\/www.slavkocuruvijafondacija.rs\/en\/marko-vidojkovic-was-compelled-to-leave-serbia-due-to-threats-to-his-safety\/#primaryimage","url":"https:\/\/www.slavkocuruvijafondacija.rs\/wp-content\/uploads\/2022\/04\/vidojkovic-dlz.jpg","contentUrl":"https:\/\/www.slavkocuruvijafondacija.rs\/wp-content\/uploads\/2022\/04\/vidojkovic-dlz.jpg","width":1000,"height":667},{"@type":"WebSite","@id":"https:\/\/www.slavkocuruvijafondacija.rs\/#website","url":"https:\/\/www.slavkocuruvijafondacija.rs\/","name":"Slavko \u0106uruvija fondacija","description":"Slavko \u0106uruvija fondacija (S\u0106F) radi na promociji i unapre\u0111enju slobodnih, nezavisnih i odgovornih medija u Srbiji.","publisher":{"@id":"https:\/\/www.slavkocuruvijafondacija.rs\/#organization"},"potentialAction":[{"@type":"SearchAction","target":{"@type":"EntryPoint","urlTemplate":"https:\/\/www.slavkocuruvijafondacija.rs\/?s={search_term_string}"},"query-input":{"@type":"PropertyValueSpecification","valueRequired":true,"valueName":"search_term_string"}}],"inLanguage":"en-US"},{"@type":"Organization","@id":"https:\/\/www.slavkocuruvijafondacija.rs\/#organization","name":"Slavko Curuvija Foundation","url":"https:\/\/www.slavkocuruvijafondacija.rs\/","logo":{"@type":"ImageObject","inLanguage":"en-US","@id":"https:\/\/www.slavkocuruvijafondacija.rs\/#\/schema\/logo\/image\/","url":"https:\/\/www.slavkocuruvijafondacija.rs\/wp-content\/uploads\/2021\/03\/SCF-Logo-900-600.jpg","contentUrl":"https:\/\/www.slavkocuruvijafondacija.rs\/wp-content\/uploads\/2021\/03\/SCF-Logo-900-600.jpg","width":900,"height":600,"caption":"Slavko Curuvija Foundation"},"image":{"@id":"https:\/\/www.slavkocuruvijafondacija.rs\/#\/schema\/logo\/image\/"},"sameAs":["https:\/\/www.facebook.com\/slavkocuruvijafondacija\/","https:\/\/x.com\/scfondacija","https:\/\/www.instagram.com\/slavko_curuvija_fondacija\/","https:\/\/www.linkedin.com\/company\/slavko-curuvija-foundation\/","https:\/\/www.youtube.com\/channel\/UCEDcWS1sfG6qvaiBvVJJVRQ"]},{"@type":"Person","@id":"https:\/\/www.slavkocuruvijafondacija.rs\/#\/schema\/person\/d235fc303ee4385f0d60f7be176eb741","name":"Vojin Mitrovic","image":{"@type":"ImageObject","inLanguage":"en-US","@id":"https:\/\/www.slavkocuruvijafondacija.rs\/#\/schema\/person\/image\/","url":"https:\/\/secure.gravatar.com\/avatar\/ac7796564557f0f54e187b1b171f1796a9afbb07e218a2a28395548648bd49e1?s=96&d=mm&r=g","contentUrl":"https:\/\/secure.gravatar.com\/avatar\/ac7796564557f0f54e187b1b171f1796a9afbb07e218a2a28395548648bd49e1?s=96&d=mm&r=g","caption":"Vojin Mitrovic"},"url":"https:\/\/www.slavkocuruvijafondacija.rs\/en\/author\/vojin\/"}]}},"_links":{"self":[{"href":"https:\/\/www.slavkocuruvijafondacija.rs\/en\/wp-json\/wp\/v2\/posts\/8180","targetHints":{"allow":["GET"]}}],"collection":[{"href":"https:\/\/www.slavkocuruvijafondacija.rs\/en\/wp-json\/wp\/v2\/posts"}],"about":[{"href":"https:\/\/www.slavkocuruvijafondacija.rs\/en\/wp-json\/wp\/v2\/types\/post"}],"author":[{"embeddable":true,"href":"https:\/\/www.slavkocuruvijafondacija.rs\/en\/wp-json\/wp\/v2\/users\/4"}],"replies":[{"embeddable":true,"href":"https:\/\/www.slavkocuruvijafondacija.rs\/en\/wp-json\/wp\/v2\/comments?post=8180"}],"version-history":[{"count":1,"href":"https:\/\/www.slavkocuruvijafondacija.rs\/en\/wp-json\/wp\/v2\/posts\/8180\/revisions"}],"predecessor-version":[{"id":8181,"href":"https:\/\/www.slavkocuruvijafondacija.rs\/en\/wp-json\/wp\/v2\/posts\/8180\/revisions\/8181"}],"wp:featuredmedia":[{"embeddable":true,"href":"https:\/\/www.slavkocuruvijafondacija.rs\/en\/wp-json\/wp\/v2\/media\/7401"}],"wp:attachment":[{"href":"https:\/\/www.slavkocuruvijafondacija.rs\/en\/wp-json\/wp\/v2\/media?parent=8180"}],"wp:term":[{"taxonomy":"category","embeddable":true,"href":"https:\/\/www.slavkocuruvijafondacija.rs\/en\/wp-json\/wp\/v2\/categories?post=8180"},{"taxonomy":"post_tag","embeddable":true,"href":"https:\/\/www.slavkocuruvijafondacija.rs\/en\/wp-json\/wp\/v2\/tags?post=8180"}],"curies":[{"name":"wp","href":"https:\/\/api.w.org\/{rel}","templated":true}]}}