{"id":8118,"date":"2023-02-01T11:30:44","date_gmt":"2023-02-01T10:30:44","guid":{"rendered":"https:\/\/www.slavkocuruvijafondacija.rs\/?p=8118"},"modified":"2023-02-01T11:30:44","modified_gmt":"2023-02-01T10:30:44","slug":"numbers-of-threats-pressures-and-attacks-against-journalists-almost-doubled-last-year-compared-to-2021","status":"publish","type":"post","link":"https:\/\/www.slavkocuruvijafondacija.rs\/en\/numbers-of-threats-pressures-and-attacks-against-journalists-almost-doubled-last-year-compared-to-2021\/","title":{"rendered":"Numbers of threats, pressures and attacks against journalists almost doubled last year compared to 2021"},"content":{"rendered":"<p>February 1, 2023,<\/p>\n<hr \/>\n<h2>The Journalists\u2019 Association of Serbia (UNS) recorded a total of 140 cases of pressure, attacks, threats and other forms of repression against journalists in 2022, which is almost twice as many as in 2021, when 74 such cases were recorded.<\/h2>\n<p>A total of 44 threats were recorded in 2022, with such threats representing the most common attempt to stifle media freedom. Journalists were mostly threatened via social media \u2013 with as many as two thirds of threats sent via social platforms.<\/p>\n<p>A total of 12 physical attacks, 34 cases of blocking work, 16 insults, four attacks against media companies and 21 examples of the applying of undue pressure were recorded. The UNS database also recorded nine other cases of repression, including hacker intimidation, theft and various forms of jeopardising security.<\/p>\n","protected":false},"excerpt":{"rendered":"<p>February 1, 2023, The Journalists\u2019 Association of Serbia (UNS) recorded a total of 140 cases of pressure, attacks, threats and other forms of repression against journalists in 2022, which is almost twice as many as in 2021, when 74 such cases were recorded. A total of 44 threats were recorded in 2022, with such threats representing the most common attempt to stifle media freedom. Journalists were mostly threatened via social media \u2013 with as many as two thirds of threats [&hellip;]<\/p>\n","protected":false},"author":4,"featured_media":8121,"comment_status":"closed","ping_status":"open","sticky":false,"template":"","format":"standard","meta":{"footnotes":""},"categories":[8],"tags":[],"class_list":["post-8118","post","type-post","status-publish","format-standard","has-post-thumbnail","hentry","category-content-en"],"yoast_head":"<!-- This site is optimized with the Yoast SEO plugin v25.6 - https:\/\/yoast.com\/wordpress\/plugins\/seo\/ -->\n<title>Numbers of threats, pressures and attacks against journalists almost doubled last year compared to 2021<\/title>\n<meta name=\"robots\" content=\"index, follow, max-snippet:-1, max-image-preview:large, max-video-preview:-1\" \/>\n<link rel=\"canonical\" href=\"https:\/\/www.slavkocuruvijafondacija.rs\/en\/numbers-of-threats-pressures-and-attacks-against-journalists-almost-doubled-last-year-compared-to-2021\/\" \/>\n<meta property=\"og:locale\" content=\"en_US\" \/>\n<meta property=\"og:type\" content=\"article\" \/>\n<meta property=\"og:title\" content=\"Numbers of threats, pressures and attacks against journalists almost doubled last year compared to 2021\" \/>\n<meta property=\"og:description\" content=\"February 1, 2023, The Journalists\u2019 Association of Serbia (UNS) recorded a total of 140 cases of pressure, attacks, threats and other forms of repression against journalists in 2022, which is almost twice as many as in 2021, when 74 such cases were recorded. A total of 44 threats were recorded in 2022, with such threats representing the most common attempt to stifle media freedom. Journalists were mostly threatened via social media \u2013 with as many as two thirds of threats [&hellip;]\" \/>\n<meta property=\"og:url\" content=\"https:\/\/www.slavkocuruvijafondacija.rs\/en\/numbers-of-threats-pressures-and-attacks-against-journalists-almost-doubled-last-year-compared-to-2021\/\" \/>\n<meta property=\"og:site_name\" content=\"Slavko \u0106uruvija fondacija\" \/>\n<meta property=\"article:publisher\" content=\"https:\/\/www.facebook.com\/slavkocuruvijafondacija\/\" \/>\n<meta property=\"article:published_time\" content=\"2023-02-01T10:30:44+00:00\" \/>\n<meta property=\"og:image\" content=\"https:\/\/www.slavkocuruvijafondacija.rs\/wp-content\/uploads\/2023\/02\/secret-phonecall-taylor-grote-unsplash-1024x683-1.jpg\" \/>\n\t<meta property=\"og:image:width\" content=\"1024\" \/>\n\t<meta property=\"og:image:height\" content=\"683\" \/>\n\t<meta property=\"og:image:type\" content=\"image\/jpeg\" \/>\n<meta name=\"author\" content=\"Vojin Mitrovic\" \/>\n<meta name=\"twitter:card\" content=\"summary_large_image\" \/>\n<meta name=\"twitter:creator\" content=\"@scfondacija\" \/>\n<meta name=\"twitter:site\" content=\"@scfondacija\" \/>\n<meta name=\"twitter:label1\" content=\"Written by\" \/>\n\t<meta name=\"twitter:data1\" content=\"Vojin Mitrovic\" \/>\n\t<meta name=\"twitter:label2\" content=\"Est. reading time\" \/>\n\t<meta name=\"twitter:data2\" content=\"1 minute\" \/>\n<script type=\"application\/ld+json\" class=\"yoast-schema-graph\">{\"@context\":\"https:\/\/schema.org\",\"@graph\":[{\"@type\":\"Article\",\"@id\":\"https:\/\/www.slavkocuruvijafondacija.rs\/en\/numbers-of-threats-pressures-and-attacks-against-journalists-almost-doubled-last-year-compared-to-2021\/#article\",\"isPartOf\":{\"@id\":\"https:\/\/www.slavkocuruvijafondacija.rs\/en\/numbers-of-threats-pressures-and-attacks-against-journalists-almost-doubled-last-year-compared-to-2021\/\"},\"author\":{\"name\":\"Vojin Mitrovic\",\"@id\":\"https:\/\/www.slavkocuruvijafondacija.rs\/#\/schema\/person\/d235fc303ee4385f0d60f7be176eb741\"},\"headline\":\"Numbers of threats, pressures and attacks against journalists almost doubled last year compared to 2021\",\"datePublished\":\"2023-02-01T10:30:44+00:00\",\"mainEntityOfPage\":{\"@id\":\"https:\/\/www.slavkocuruvijafondacija.rs\/en\/numbers-of-threats-pressures-and-attacks-against-journalists-almost-doubled-last-year-compared-to-2021\/\"},\"wordCount\":134,\"publisher\":{\"@id\":\"https:\/\/www.slavkocuruvijafondacija.rs\/#organization\"},\"image\":{\"@id\":\"https:\/\/www.slavkocuruvijafondacija.rs\/en\/numbers-of-threats-pressures-and-attacks-against-journalists-almost-doubled-last-year-compared-to-2021\/#primaryimage\"},\"thumbnailUrl\":\"https:\/\/www.slavkocuruvijafondacija.rs\/wp-content\/uploads\/2023\/02\/secret-phonecall-taylor-grote-unsplash-1024x683-1.jpg\",\"articleSection\":[\"News\"],\"inLanguage\":\"en-US\"},{\"@type\":\"WebPage\",\"@id\":\"https:\/\/www.slavkocuruvijafondacija.rs\/en\/numbers-of-threats-pressures-and-attacks-against-journalists-almost-doubled-last-year-compared-to-2021\/\",\"url\":\"https:\/\/www.slavkocuruvijafondacija.rs\/en\/numbers-of-threats-pressures-and-attacks-against-journalists-almost-doubled-last-year-compared-to-2021\/\",\"name\":\"Numbers of threats, pressures and attacks against journalists almost doubled last year compared to 2021\",\"isPartOf\":{\"@id\":\"https:\/\/www.slavkocuruvijafondacija.rs\/#website\"},\"primaryImageOfPage\":{\"@id\":\"https:\/\/www.slavkocuruvijafondacija.rs\/en\/numbers-of-threats-pressures-and-attacks-against-journalists-almost-doubled-last-year-compared-to-2021\/#primaryimage\"},\"image\":{\"@id\":\"https:\/\/www.slavkocuruvijafondacija.rs\/en\/numbers-of-threats-pressures-and-attacks-against-journalists-almost-doubled-last-year-compared-to-2021\/#primaryimage\"},\"thumbnailUrl\":\"https:\/\/www.slavkocuruvijafondacija.rs\/wp-content\/uploads\/2023\/02\/secret-phonecall-taylor-grote-unsplash-1024x683-1.jpg\",\"datePublished\":\"2023-02-01T10:30:44+00:00\",\"inLanguage\":\"en-US\",\"potentialAction\":[{\"@type\":\"ReadAction\",\"target\":[\"https:\/\/www.slavkocuruvijafondacija.rs\/en\/numbers-of-threats-pressures-and-attacks-against-journalists-almost-doubled-last-year-compared-to-2021\/\"]}]},{\"@type\":\"ImageObject\",\"inLanguage\":\"en-US\",\"@id\":\"https:\/\/www.slavkocuruvijafondacija.rs\/en\/numbers-of-threats-pressures-and-attacks-against-journalists-almost-doubled-last-year-compared-to-2021\/#primaryimage\",\"url\":\"https:\/\/www.slavkocuruvijafondacija.rs\/wp-content\/uploads\/2023\/02\/secret-phonecall-taylor-grote-unsplash-1024x683-1.jpg\",\"contentUrl\":\"https:\/\/www.slavkocuruvijafondacija.rs\/wp-content\/uploads\/2023\/02\/secret-phonecall-taylor-grote-unsplash-1024x683-1.jpg\",\"width\":1024,\"height\":683,\"caption\":\"Unsplash\"},{\"@type\":\"WebSite\",\"@id\":\"https:\/\/www.slavkocuruvijafondacija.rs\/#website\",\"url\":\"https:\/\/www.slavkocuruvijafondacija.rs\/\",\"name\":\"Slavko \u0106uruvija fondacija\",\"description\":\"Slavko \u0106uruvija fondacija (S\u0106F) radi na promociji i unapre\u0111enju slobodnih, nezavisnih i odgovornih medija u Srbiji.\",\"publisher\":{\"@id\":\"https:\/\/www.slavkocuruvijafondacija.rs\/#organization\"},\"potentialAction\":[{\"@type\":\"SearchAction\",\"target\":{\"@type\":\"EntryPoint\",\"urlTemplate\":\"https:\/\/www.slavkocuruvijafondacija.rs\/?s={search_term_string}\"},\"query-input\":{\"@type\":\"PropertyValueSpecification\",\"valueRequired\":true,\"valueName\":\"search_term_string\"}}],\"inLanguage\":\"en-US\"},{\"@type\":\"Organization\",\"@id\":\"https:\/\/www.slavkocuruvijafondacija.rs\/#organization\",\"name\":\"Slavko Curuvija Foundation\",\"url\":\"https:\/\/www.slavkocuruvijafondacija.rs\/\",\"logo\":{\"@type\":\"ImageObject\",\"inLanguage\":\"en-US\",\"@id\":\"https:\/\/www.slavkocuruvijafondacija.rs\/#\/schema\/logo\/image\/\",\"url\":\"https:\/\/www.slavkocuruvijafondacija.rs\/wp-content\/uploads\/2021\/03\/SCF-Logo-900-600.jpg\",\"contentUrl\":\"https:\/\/www.slavkocuruvijafondacija.rs\/wp-content\/uploads\/2021\/03\/SCF-Logo-900-600.jpg\",\"width\":900,\"height\":600,\"caption\":\"Slavko Curuvija Foundation\"},\"image\":{\"@id\":\"https:\/\/www.slavkocuruvijafondacija.rs\/#\/schema\/logo\/image\/\"},\"sameAs\":[\"https:\/\/www.facebook.com\/slavkocuruvijafondacija\/\",\"https:\/\/x.com\/scfondacija\",\"https:\/\/www.instagram.com\/slavko_curuvija_fondacija\/\",\"https:\/\/www.linkedin.com\/company\/slavko-curuvija-foundation\/\",\"https:\/\/www.youtube.com\/channel\/UCEDcWS1sfG6qvaiBvVJJVRQ\"]},{\"@type\":\"Person\",\"@id\":\"https:\/\/www.slavkocuruvijafondacija.rs\/#\/schema\/person\/d235fc303ee4385f0d60f7be176eb741\",\"name\":\"Vojin Mitrovic\",\"image\":{\"@type\":\"ImageObject\",\"inLanguage\":\"en-US\",\"@id\":\"https:\/\/www.slavkocuruvijafondacija.rs\/#\/schema\/person\/image\/\",\"url\":\"https:\/\/secure.gravatar.com\/avatar\/ac7796564557f0f54e187b1b171f1796a9afbb07e218a2a28395548648bd49e1?s=96&d=mm&r=g\",\"contentUrl\":\"https:\/\/secure.gravatar.com\/avatar\/ac7796564557f0f54e187b1b171f1796a9afbb07e218a2a28395548648bd49e1?s=96&d=mm&r=g\",\"caption\":\"Vojin Mitrovic\"},\"url\":\"https:\/\/www.slavkocuruvijafondacija.rs\/en\/author\/vojin\/\"}]}<\/script>\n<!-- \/ Yoast SEO plugin. -->","yoast_head_json":{"title":"Numbers of threats, pressures and attacks against journalists almost doubled last year compared to 2021","robots":{"index":"index","follow":"follow","max-snippet":"max-snippet:-1","max-image-preview":"max-image-preview:large","max-video-preview":"max-video-preview:-1"},"canonical":"https:\/\/www.slavkocuruvijafondacija.rs\/en\/numbers-of-threats-pressures-and-attacks-against-journalists-almost-doubled-last-year-compared-to-2021\/","og_locale":"en_US","og_type":"article","og_title":"Numbers of threats, pressures and attacks against journalists almost doubled last year compared to 2021","og_description":"February 1, 2023, The Journalists\u2019 Association of Serbia (UNS) recorded a total of 140 cases of pressure, attacks, threats and other forms of repression against journalists in 2022, which is almost twice as many as in 2021, when 74 such cases were recorded. A total of 44 threats were recorded in 2022, with such threats representing the most common attempt to stifle media freedom. Journalists were mostly threatened via social media \u2013 with as many as two thirds of threats [&hellip;]","og_url":"https:\/\/www.slavkocuruvijafondacija.rs\/en\/numbers-of-threats-pressures-and-attacks-against-journalists-almost-doubled-last-year-compared-to-2021\/","og_site_name":"Slavko \u0106uruvija fondacija","article_publisher":"https:\/\/www.facebook.com\/slavkocuruvijafondacija\/","article_published_time":"2023-02-01T10:30:44+00:00","og_image":[{"width":1024,"height":683,"url":"https:\/\/www.slavkocuruvijafondacija.rs\/wp-content\/uploads\/2023\/02\/secret-phonecall-taylor-grote-unsplash-1024x683-1.jpg","type":"image\/jpeg"}],"author":"Vojin Mitrovic","twitter_card":"summary_large_image","twitter_creator":"@scfondacija","twitter_site":"@scfondacija","twitter_misc":{"Written by":"Vojin Mitrovic","Est. reading time":"1 minute"},"schema":{"@context":"https:\/\/schema.org","@graph":[{"@type":"Article","@id":"https:\/\/www.slavkocuruvijafondacija.rs\/en\/numbers-of-threats-pressures-and-attacks-against-journalists-almost-doubled-last-year-compared-to-2021\/#article","isPartOf":{"@id":"https:\/\/www.slavkocuruvijafondacija.rs\/en\/numbers-of-threats-pressures-and-attacks-against-journalists-almost-doubled-last-year-compared-to-2021\/"},"author":{"name":"Vojin Mitrovic","@id":"https:\/\/www.slavkocuruvijafondacija.rs\/#\/schema\/person\/d235fc303ee4385f0d60f7be176eb741"},"headline":"Numbers of threats, pressures and attacks against journalists almost doubled last year compared to 2021","datePublished":"2023-02-01T10:30:44+00:00","mainEntityOfPage":{"@id":"https:\/\/www.slavkocuruvijafondacija.rs\/en\/numbers-of-threats-pressures-and-attacks-against-journalists-almost-doubled-last-year-compared-to-2021\/"},"wordCount":134,"publisher":{"@id":"https:\/\/www.slavkocuruvijafondacija.rs\/#organization"},"image":{"@id":"https:\/\/www.slavkocuruvijafondacija.rs\/en\/numbers-of-threats-pressures-and-attacks-against-journalists-almost-doubled-last-year-compared-to-2021\/#primaryimage"},"thumbnailUrl":"https:\/\/www.slavkocuruvijafondacija.rs\/wp-content\/uploads\/2023\/02\/secret-phonecall-taylor-grote-unsplash-1024x683-1.jpg","articleSection":["News"],"inLanguage":"en-US"},{"@type":"WebPage","@id":"https:\/\/www.slavkocuruvijafondacija.rs\/en\/numbers-of-threats-pressures-and-attacks-against-journalists-almost-doubled-last-year-compared-to-2021\/","url":"https:\/\/www.slavkocuruvijafondacija.rs\/en\/numbers-of-threats-pressures-and-attacks-against-journalists-almost-doubled-last-year-compared-to-2021\/","name":"Numbers of threats, pressures and attacks against journalists almost doubled last year compared to 2021","isPartOf":{"@id":"https:\/\/www.slavkocuruvijafondacija.rs\/#website"},"primaryImageOfPage":{"@id":"https:\/\/www.slavkocuruvijafondacija.rs\/en\/numbers-of-threats-pressures-and-attacks-against-journalists-almost-doubled-last-year-compared-to-2021\/#primaryimage"},"image":{"@id":"https:\/\/www.slavkocuruvijafondacija.rs\/en\/numbers-of-threats-pressures-and-attacks-against-journalists-almost-doubled-last-year-compared-to-2021\/#primaryimage"},"thumbnailUrl":"https:\/\/www.slavkocuruvijafondacija.rs\/wp-content\/uploads\/2023\/02\/secret-phonecall-taylor-grote-unsplash-1024x683-1.jpg","datePublished":"2023-02-01T10:30:44+00:00","inLanguage":"en-US","potentialAction":[{"@type":"ReadAction","target":["https:\/\/www.slavkocuruvijafondacija.rs\/en\/numbers-of-threats-pressures-and-attacks-against-journalists-almost-doubled-last-year-compared-to-2021\/"]}]},{"@type":"ImageObject","inLanguage":"en-US","@id":"https:\/\/www.slavkocuruvijafondacija.rs\/en\/numbers-of-threats-pressures-and-attacks-against-journalists-almost-doubled-last-year-compared-to-2021\/#primaryimage","url":"https:\/\/www.slavkocuruvijafondacija.rs\/wp-content\/uploads\/2023\/02\/secret-phonecall-taylor-grote-unsplash-1024x683-1.jpg","contentUrl":"https:\/\/www.slavkocuruvijafondacija.rs\/wp-content\/uploads\/2023\/02\/secret-phonecall-taylor-grote-unsplash-1024x683-1.jpg","width":1024,"height":683,"caption":"Unsplash"},{"@type":"WebSite","@id":"https:\/\/www.slavkocuruvijafondacija.rs\/#website","url":"https:\/\/www.slavkocuruvijafondacija.rs\/","name":"Slavko \u0106uruvija fondacija","description":"Slavko \u0106uruvija fondacija (S\u0106F) radi na promociji i unapre\u0111enju slobodnih, nezavisnih i odgovornih medija u Srbiji.","publisher":{"@id":"https:\/\/www.slavkocuruvijafondacija.rs\/#organization"},"potentialAction":[{"@type":"SearchAction","target":{"@type":"EntryPoint","urlTemplate":"https:\/\/www.slavkocuruvijafondacija.rs\/?s={search_term_string}"},"query-input":{"@type":"PropertyValueSpecification","valueRequired":true,"valueName":"search_term_string"}}],"inLanguage":"en-US"},{"@type":"Organization","@id":"https:\/\/www.slavkocuruvijafondacija.rs\/#organization","name":"Slavko Curuvija Foundation","url":"https:\/\/www.slavkocuruvijafondacija.rs\/","logo":{"@type":"ImageObject","inLanguage":"en-US","@id":"https:\/\/www.slavkocuruvijafondacija.rs\/#\/schema\/logo\/image\/","url":"https:\/\/www.slavkocuruvijafondacija.rs\/wp-content\/uploads\/2021\/03\/SCF-Logo-900-600.jpg","contentUrl":"https:\/\/www.slavkocuruvijafondacija.rs\/wp-content\/uploads\/2021\/03\/SCF-Logo-900-600.jpg","width":900,"height":600,"caption":"Slavko Curuvija Foundation"},"image":{"@id":"https:\/\/www.slavkocuruvijafondacija.rs\/#\/schema\/logo\/image\/"},"sameAs":["https:\/\/www.facebook.com\/slavkocuruvijafondacija\/","https:\/\/x.com\/scfondacija","https:\/\/www.instagram.com\/slavko_curuvija_fondacija\/","https:\/\/www.linkedin.com\/company\/slavko-curuvija-foundation\/","https:\/\/www.youtube.com\/channel\/UCEDcWS1sfG6qvaiBvVJJVRQ"]},{"@type":"Person","@id":"https:\/\/www.slavkocuruvijafondacija.rs\/#\/schema\/person\/d235fc303ee4385f0d60f7be176eb741","name":"Vojin Mitrovic","image":{"@type":"ImageObject","inLanguage":"en-US","@id":"https:\/\/www.slavkocuruvijafondacija.rs\/#\/schema\/person\/image\/","url":"https:\/\/secure.gravatar.com\/avatar\/ac7796564557f0f54e187b1b171f1796a9afbb07e218a2a28395548648bd49e1?s=96&d=mm&r=g","contentUrl":"https:\/\/secure.gravatar.com\/avatar\/ac7796564557f0f54e187b1b171f1796a9afbb07e218a2a28395548648bd49e1?s=96&d=mm&r=g","caption":"Vojin Mitrovic"},"url":"https:\/\/www.slavkocuruvijafondacija.rs\/en\/author\/vojin\/"}]}},"_links":{"self":[{"href":"https:\/\/www.slavkocuruvijafondacija.rs\/en\/wp-json\/wp\/v2\/posts\/8118","targetHints":{"allow":["GET"]}}],"collection":[{"href":"https:\/\/www.slavkocuruvijafondacija.rs\/en\/wp-json\/wp\/v2\/posts"}],"about":[{"href":"https:\/\/www.slavkocuruvijafondacija.rs\/en\/wp-json\/wp\/v2\/types\/post"}],"author":[{"embeddable":true,"href":"https:\/\/www.slavkocuruvijafondacija.rs\/en\/wp-json\/wp\/v2\/users\/4"}],"replies":[{"embeddable":true,"href":"https:\/\/www.slavkocuruvijafondacija.rs\/en\/wp-json\/wp\/v2\/comments?post=8118"}],"version-history":[{"count":1,"href":"https:\/\/www.slavkocuruvijafondacija.rs\/en\/wp-json\/wp\/v2\/posts\/8118\/revisions"}],"predecessor-version":[{"id":8123,"href":"https:\/\/www.slavkocuruvijafondacija.rs\/en\/wp-json\/wp\/v2\/posts\/8118\/revisions\/8123"}],"wp:featuredmedia":[{"embeddable":true,"href":"https:\/\/www.slavkocuruvijafondacija.rs\/en\/wp-json\/wp\/v2\/media\/8121"}],"wp:attachment":[{"href":"https:\/\/www.slavkocuruvijafondacija.rs\/en\/wp-json\/wp\/v2\/media?parent=8118"}],"wp:term":[{"taxonomy":"category","embeddable":true,"href":"https:\/\/www.slavkocuruvijafondacija.rs\/en\/wp-json\/wp\/v2\/categories?post=8118"},{"taxonomy":"post_tag","embeddable":true,"href":"https:\/\/www.slavkocuruvijafondacija.rs\/en\/wp-json\/wp\/v2\/tags?post=8118"}],"curies":[{"name":"wp","href":"https:\/\/api.w.org\/{rel}","templated":true}]}}