{"id":8073,"date":"2022-12-16T12:47:30","date_gmt":"2022-12-16T11:47:30","guid":{"rendered":"https:\/\/www.slavkocuruvijafondacija.rs\/?p=8073"},"modified":"2022-12-23T12:48:52","modified_gmt":"2022-12-23T11:48:52","slug":"suspect-in-case-of-threats-against-tv-nova-s-news-bulletin-author-arrested","status":"publish","type":"post","link":"https:\/\/www.slavkocuruvijafondacija.rs\/en\/suspect-in-case-of-threats-against-tv-nova-s-news-bulletin-author-arrested\/","title":{"rendered":"Suspect in case of threats against TV Nova S news bulletin author arrested"},"content":{"rendered":"<p>December 16, 2022<\/p>\n<hr \/>\n<h2>Police have arrested P.N. (47), registered as a resident of the territory of the municipality of Veliko Gradi\u0161te, on suspicion of having seriously threatened to physically attack Jelena Obu\u0107ina, author of the Dnevnik news bulletin of television channel TV Nova S.<\/h2>\n<p>The suspect has been charged with the criminal offence of endangering this journalists\u2019 personal safety, which can be punished by a prison sentence of up to five years.<\/p>\n<p>Obu\u0107ina received bloodcurdling threats via social media following the publishing of articles in tabloid newspapers Alo and Informer that twisted and took out of context the words of her editorial introduction from 29<sup>th<\/sup> November. She was informed via social media that she would be \u201cimpaled\u201d and \u201cset on fire\u201d.<\/p>\n","protected":false},"excerpt":{"rendered":"<p>December 16, 2022 Police have arrested P.N. (47), registered as a resident of the territory of the municipality of Veliko Gradi\u0161te, on suspicion of having seriously threatened to physically attack Jelena Obu\u0107ina, author of the Dnevnik news bulletin of television channel TV Nova S. The suspect has been charged with the criminal offence of endangering this journalists\u2019 personal safety, which can be punished by a prison sentence of up to five years. Obu\u0107ina received bloodcurdling threats via social media following [&hellip;]<\/p>\n","protected":false},"author":4,"featured_media":7572,"comment_status":"closed","ping_status":"open","sticky":false,"template":"","format":"standard","meta":{"footnotes":""},"categories":[8],"tags":[],"class_list":["post-8073","post","type-post","status-publish","format-standard","has-post-thumbnail","hentry","category-content-en"],"yoast_head":"<!-- This site is optimized with the Yoast SEO plugin v25.6 - https:\/\/yoast.com\/wordpress\/plugins\/seo\/ -->\n<title>Suspect in case of threats against TV Nova S news bulletin author arrested<\/title>\n<meta name=\"robots\" content=\"index, follow, max-snippet:-1, max-image-preview:large, max-video-preview:-1\" \/>\n<link rel=\"canonical\" href=\"https:\/\/www.slavkocuruvijafondacija.rs\/en\/suspect-in-case-of-threats-against-tv-nova-s-news-bulletin-author-arrested\/\" \/>\n<meta property=\"og:locale\" content=\"en_US\" \/>\n<meta property=\"og:type\" content=\"article\" \/>\n<meta property=\"og:title\" content=\"Suspect in case of threats against TV Nova S news bulletin author arrested\" \/>\n<meta property=\"og:description\" content=\"December 16, 2022 Police have arrested P.N. (47), registered as a resident of the territory of the municipality of Veliko Gradi\u0161te, on suspicion of having seriously threatened to physically attack Jelena Obu\u0107ina, author of the Dnevnik news bulletin of television channel TV Nova S. The suspect has been charged with the criminal offence of endangering this journalists\u2019 personal safety, which can be punished by a prison sentence of up to five years. Obu\u0107ina received bloodcurdling threats via social media following [&hellip;]\" \/>\n<meta property=\"og:url\" content=\"https:\/\/www.slavkocuruvijafondacija.rs\/en\/suspect-in-case-of-threats-against-tv-nova-s-news-bulletin-author-arrested\/\" \/>\n<meta property=\"og:site_name\" content=\"Slavko \u0106uruvija fondacija\" \/>\n<meta property=\"article:publisher\" content=\"https:\/\/www.facebook.com\/slavkocuruvijafondacija\/\" \/>\n<meta property=\"article:published_time\" content=\"2022-12-16T11:47:30+00:00\" \/>\n<meta property=\"article:modified_time\" content=\"2022-12-23T11:48:52+00:00\" \/>\n<meta property=\"og:image\" content=\"https:\/\/www.slavkocuruvijafondacija.rs\/wp-content\/uploads\/2022\/07\/police-unsplash.jpg\" \/>\n\t<meta property=\"og:image:width\" content=\"1000\" \/>\n\t<meta property=\"og:image:height\" content=\"667\" \/>\n\t<meta property=\"og:image:type\" content=\"image\/jpeg\" \/>\n<meta name=\"author\" content=\"Vojin Mitrovic\" \/>\n<meta name=\"twitter:card\" content=\"summary_large_image\" \/>\n<meta name=\"twitter:creator\" content=\"@scfondacija\" \/>\n<meta name=\"twitter:site\" content=\"@scfondacija\" \/>\n<meta name=\"twitter:label1\" content=\"Written by\" \/>\n\t<meta name=\"twitter:data1\" content=\"Vojin Mitrovic\" \/>\n\t<meta name=\"twitter:label2\" content=\"Est. reading time\" \/>\n\t<meta name=\"twitter:data2\" content=\"1 minute\" \/>\n<script type=\"application\/ld+json\" class=\"yoast-schema-graph\">{\"@context\":\"https:\/\/schema.org\",\"@graph\":[{\"@type\":\"Article\",\"@id\":\"https:\/\/www.slavkocuruvijafondacija.rs\/en\/suspect-in-case-of-threats-against-tv-nova-s-news-bulletin-author-arrested\/#article\",\"isPartOf\":{\"@id\":\"https:\/\/www.slavkocuruvijafondacija.rs\/en\/suspect-in-case-of-threats-against-tv-nova-s-news-bulletin-author-arrested\/\"},\"author\":{\"name\":\"Vojin Mitrovic\",\"@id\":\"https:\/\/www.slavkocuruvijafondacija.rs\/#\/schema\/person\/d235fc303ee4385f0d60f7be176eb741\"},\"headline\":\"Suspect in case of threats against TV Nova S news bulletin author arrested\",\"datePublished\":\"2022-12-16T11:47:30+00:00\",\"dateModified\":\"2022-12-23T11:48:52+00:00\",\"mainEntityOfPage\":{\"@id\":\"https:\/\/www.slavkocuruvijafondacija.rs\/en\/suspect-in-case-of-threats-against-tv-nova-s-news-bulletin-author-arrested\/\"},\"wordCount\":135,\"publisher\":{\"@id\":\"https:\/\/www.slavkocuruvijafondacija.rs\/#organization\"},\"image\":{\"@id\":\"https:\/\/www.slavkocuruvijafondacija.rs\/en\/suspect-in-case-of-threats-against-tv-nova-s-news-bulletin-author-arrested\/#primaryimage\"},\"thumbnailUrl\":\"https:\/\/www.slavkocuruvijafondacija.rs\/wp-content\/uploads\/2022\/07\/police-unsplash.jpg\",\"articleSection\":[\"News\"],\"inLanguage\":\"en-US\"},{\"@type\":\"WebPage\",\"@id\":\"https:\/\/www.slavkocuruvijafondacija.rs\/en\/suspect-in-case-of-threats-against-tv-nova-s-news-bulletin-author-arrested\/\",\"url\":\"https:\/\/www.slavkocuruvijafondacija.rs\/en\/suspect-in-case-of-threats-against-tv-nova-s-news-bulletin-author-arrested\/\",\"name\":\"Suspect in case of threats against TV Nova S news bulletin author arrested\",\"isPartOf\":{\"@id\":\"https:\/\/www.slavkocuruvijafondacija.rs\/#website\"},\"primaryImageOfPage\":{\"@id\":\"https:\/\/www.slavkocuruvijafondacija.rs\/en\/suspect-in-case-of-threats-against-tv-nova-s-news-bulletin-author-arrested\/#primaryimage\"},\"image\":{\"@id\":\"https:\/\/www.slavkocuruvijafondacija.rs\/en\/suspect-in-case-of-threats-against-tv-nova-s-news-bulletin-author-arrested\/#primaryimage\"},\"thumbnailUrl\":\"https:\/\/www.slavkocuruvijafondacija.rs\/wp-content\/uploads\/2022\/07\/police-unsplash.jpg\",\"datePublished\":\"2022-12-16T11:47:30+00:00\",\"dateModified\":\"2022-12-23T11:48:52+00:00\",\"inLanguage\":\"en-US\",\"potentialAction\":[{\"@type\":\"ReadAction\",\"target\":[\"https:\/\/www.slavkocuruvijafondacija.rs\/en\/suspect-in-case-of-threats-against-tv-nova-s-news-bulletin-author-arrested\/\"]}]},{\"@type\":\"ImageObject\",\"inLanguage\":\"en-US\",\"@id\":\"https:\/\/www.slavkocuruvijafondacija.rs\/en\/suspect-in-case-of-threats-against-tv-nova-s-news-bulletin-author-arrested\/#primaryimage\",\"url\":\"https:\/\/www.slavkocuruvijafondacija.rs\/wp-content\/uploads\/2022\/07\/police-unsplash.jpg\",\"contentUrl\":\"https:\/\/www.slavkocuruvijafondacija.rs\/wp-content\/uploads\/2022\/07\/police-unsplash.jpg\",\"width\":1000,\"height\":667,\"caption\":\"Unsplash\"},{\"@type\":\"WebSite\",\"@id\":\"https:\/\/www.slavkocuruvijafondacija.rs\/#website\",\"url\":\"https:\/\/www.slavkocuruvijafondacija.rs\/\",\"name\":\"Slavko \u0106uruvija fondacija\",\"description\":\"Slavko \u0106uruvija fondacija (S\u0106F) radi na promociji i unapre\u0111enju slobodnih, nezavisnih i odgovornih medija u Srbiji.\",\"publisher\":{\"@id\":\"https:\/\/www.slavkocuruvijafondacija.rs\/#organization\"},\"potentialAction\":[{\"@type\":\"SearchAction\",\"target\":{\"@type\":\"EntryPoint\",\"urlTemplate\":\"https:\/\/www.slavkocuruvijafondacija.rs\/?s={search_term_string}\"},\"query-input\":{\"@type\":\"PropertyValueSpecification\",\"valueRequired\":true,\"valueName\":\"search_term_string\"}}],\"inLanguage\":\"en-US\"},{\"@type\":\"Organization\",\"@id\":\"https:\/\/www.slavkocuruvijafondacija.rs\/#organization\",\"name\":\"Slavko Curuvija Foundation\",\"url\":\"https:\/\/www.slavkocuruvijafondacija.rs\/\",\"logo\":{\"@type\":\"ImageObject\",\"inLanguage\":\"en-US\",\"@id\":\"https:\/\/www.slavkocuruvijafondacija.rs\/#\/schema\/logo\/image\/\",\"url\":\"https:\/\/www.slavkocuruvijafondacija.rs\/wp-content\/uploads\/2021\/03\/SCF-Logo-900-600.jpg\",\"contentUrl\":\"https:\/\/www.slavkocuruvijafondacija.rs\/wp-content\/uploads\/2021\/03\/SCF-Logo-900-600.jpg\",\"width\":900,\"height\":600,\"caption\":\"Slavko Curuvija Foundation\"},\"image\":{\"@id\":\"https:\/\/www.slavkocuruvijafondacija.rs\/#\/schema\/logo\/image\/\"},\"sameAs\":[\"https:\/\/www.facebook.com\/slavkocuruvijafondacija\/\",\"https:\/\/x.com\/scfondacija\",\"https:\/\/www.instagram.com\/slavko_curuvija_fondacija\/\",\"https:\/\/www.linkedin.com\/company\/slavko-curuvija-foundation\/\",\"https:\/\/www.youtube.com\/channel\/UCEDcWS1sfG6qvaiBvVJJVRQ\"]},{\"@type\":\"Person\",\"@id\":\"https:\/\/www.slavkocuruvijafondacija.rs\/#\/schema\/person\/d235fc303ee4385f0d60f7be176eb741\",\"name\":\"Vojin Mitrovic\",\"image\":{\"@type\":\"ImageObject\",\"inLanguage\":\"en-US\",\"@id\":\"https:\/\/www.slavkocuruvijafondacija.rs\/#\/schema\/person\/image\/\",\"url\":\"https:\/\/secure.gravatar.com\/avatar\/ac7796564557f0f54e187b1b171f1796a9afbb07e218a2a28395548648bd49e1?s=96&d=mm&r=g\",\"contentUrl\":\"https:\/\/secure.gravatar.com\/avatar\/ac7796564557f0f54e187b1b171f1796a9afbb07e218a2a28395548648bd49e1?s=96&d=mm&r=g\",\"caption\":\"Vojin Mitrovic\"},\"url\":\"https:\/\/www.slavkocuruvijafondacija.rs\/en\/author\/vojin\/\"}]}<\/script>\n<!-- \/ Yoast SEO plugin. -->","yoast_head_json":{"title":"Suspect in case of threats against TV Nova S news bulletin author arrested","robots":{"index":"index","follow":"follow","max-snippet":"max-snippet:-1","max-image-preview":"max-image-preview:large","max-video-preview":"max-video-preview:-1"},"canonical":"https:\/\/www.slavkocuruvijafondacija.rs\/en\/suspect-in-case-of-threats-against-tv-nova-s-news-bulletin-author-arrested\/","og_locale":"en_US","og_type":"article","og_title":"Suspect in case of threats against TV Nova S news bulletin author arrested","og_description":"December 16, 2022 Police have arrested P.N. (47), registered as a resident of the territory of the municipality of Veliko Gradi\u0161te, on suspicion of having seriously threatened to physically attack Jelena Obu\u0107ina, author of the Dnevnik news bulletin of television channel TV Nova S. The suspect has been charged with the criminal offence of endangering this journalists\u2019 personal safety, which can be punished by a prison sentence of up to five years. Obu\u0107ina received bloodcurdling threats via social media following [&hellip;]","og_url":"https:\/\/www.slavkocuruvijafondacija.rs\/en\/suspect-in-case-of-threats-against-tv-nova-s-news-bulletin-author-arrested\/","og_site_name":"Slavko \u0106uruvija fondacija","article_publisher":"https:\/\/www.facebook.com\/slavkocuruvijafondacija\/","article_published_time":"2022-12-16T11:47:30+00:00","article_modified_time":"2022-12-23T11:48:52+00:00","og_image":[{"width":1000,"height":667,"url":"https:\/\/www.slavkocuruvijafondacija.rs\/wp-content\/uploads\/2022\/07\/police-unsplash.jpg","type":"image\/jpeg"}],"author":"Vojin Mitrovic","twitter_card":"summary_large_image","twitter_creator":"@scfondacija","twitter_site":"@scfondacija","twitter_misc":{"Written by":"Vojin Mitrovic","Est. reading time":"1 minute"},"schema":{"@context":"https:\/\/schema.org","@graph":[{"@type":"Article","@id":"https:\/\/www.slavkocuruvijafondacija.rs\/en\/suspect-in-case-of-threats-against-tv-nova-s-news-bulletin-author-arrested\/#article","isPartOf":{"@id":"https:\/\/www.slavkocuruvijafondacija.rs\/en\/suspect-in-case-of-threats-against-tv-nova-s-news-bulletin-author-arrested\/"},"author":{"name":"Vojin Mitrovic","@id":"https:\/\/www.slavkocuruvijafondacija.rs\/#\/schema\/person\/d235fc303ee4385f0d60f7be176eb741"},"headline":"Suspect in case of threats against TV Nova S news bulletin author arrested","datePublished":"2022-12-16T11:47:30+00:00","dateModified":"2022-12-23T11:48:52+00:00","mainEntityOfPage":{"@id":"https:\/\/www.slavkocuruvijafondacija.rs\/en\/suspect-in-case-of-threats-against-tv-nova-s-news-bulletin-author-arrested\/"},"wordCount":135,"publisher":{"@id":"https:\/\/www.slavkocuruvijafondacija.rs\/#organization"},"image":{"@id":"https:\/\/www.slavkocuruvijafondacija.rs\/en\/suspect-in-case-of-threats-against-tv-nova-s-news-bulletin-author-arrested\/#primaryimage"},"thumbnailUrl":"https:\/\/www.slavkocuruvijafondacija.rs\/wp-content\/uploads\/2022\/07\/police-unsplash.jpg","articleSection":["News"],"inLanguage":"en-US"},{"@type":"WebPage","@id":"https:\/\/www.slavkocuruvijafondacija.rs\/en\/suspect-in-case-of-threats-against-tv-nova-s-news-bulletin-author-arrested\/","url":"https:\/\/www.slavkocuruvijafondacija.rs\/en\/suspect-in-case-of-threats-against-tv-nova-s-news-bulletin-author-arrested\/","name":"Suspect in case of threats against TV Nova S news bulletin author arrested","isPartOf":{"@id":"https:\/\/www.slavkocuruvijafondacija.rs\/#website"},"primaryImageOfPage":{"@id":"https:\/\/www.slavkocuruvijafondacija.rs\/en\/suspect-in-case-of-threats-against-tv-nova-s-news-bulletin-author-arrested\/#primaryimage"},"image":{"@id":"https:\/\/www.slavkocuruvijafondacija.rs\/en\/suspect-in-case-of-threats-against-tv-nova-s-news-bulletin-author-arrested\/#primaryimage"},"thumbnailUrl":"https:\/\/www.slavkocuruvijafondacija.rs\/wp-content\/uploads\/2022\/07\/police-unsplash.jpg","datePublished":"2022-12-16T11:47:30+00:00","dateModified":"2022-12-23T11:48:52+00:00","inLanguage":"en-US","potentialAction":[{"@type":"ReadAction","target":["https:\/\/www.slavkocuruvijafondacija.rs\/en\/suspect-in-case-of-threats-against-tv-nova-s-news-bulletin-author-arrested\/"]}]},{"@type":"ImageObject","inLanguage":"en-US","@id":"https:\/\/www.slavkocuruvijafondacija.rs\/en\/suspect-in-case-of-threats-against-tv-nova-s-news-bulletin-author-arrested\/#primaryimage","url":"https:\/\/www.slavkocuruvijafondacija.rs\/wp-content\/uploads\/2022\/07\/police-unsplash.jpg","contentUrl":"https:\/\/www.slavkocuruvijafondacija.rs\/wp-content\/uploads\/2022\/07\/police-unsplash.jpg","width":1000,"height":667,"caption":"Unsplash"},{"@type":"WebSite","@id":"https:\/\/www.slavkocuruvijafondacija.rs\/#website","url":"https:\/\/www.slavkocuruvijafondacija.rs\/","name":"Slavko \u0106uruvija fondacija","description":"Slavko \u0106uruvija fondacija (S\u0106F) radi na promociji i unapre\u0111enju slobodnih, nezavisnih i odgovornih medija u Srbiji.","publisher":{"@id":"https:\/\/www.slavkocuruvijafondacija.rs\/#organization"},"potentialAction":[{"@type":"SearchAction","target":{"@type":"EntryPoint","urlTemplate":"https:\/\/www.slavkocuruvijafondacija.rs\/?s={search_term_string}"},"query-input":{"@type":"PropertyValueSpecification","valueRequired":true,"valueName":"search_term_string"}}],"inLanguage":"en-US"},{"@type":"Organization","@id":"https:\/\/www.slavkocuruvijafondacija.rs\/#organization","name":"Slavko Curuvija Foundation","url":"https:\/\/www.slavkocuruvijafondacija.rs\/","logo":{"@type":"ImageObject","inLanguage":"en-US","@id":"https:\/\/www.slavkocuruvijafondacija.rs\/#\/schema\/logo\/image\/","url":"https:\/\/www.slavkocuruvijafondacija.rs\/wp-content\/uploads\/2021\/03\/SCF-Logo-900-600.jpg","contentUrl":"https:\/\/www.slavkocuruvijafondacija.rs\/wp-content\/uploads\/2021\/03\/SCF-Logo-900-600.jpg","width":900,"height":600,"caption":"Slavko Curuvija Foundation"},"image":{"@id":"https:\/\/www.slavkocuruvijafondacija.rs\/#\/schema\/logo\/image\/"},"sameAs":["https:\/\/www.facebook.com\/slavkocuruvijafondacija\/","https:\/\/x.com\/scfondacija","https:\/\/www.instagram.com\/slavko_curuvija_fondacija\/","https:\/\/www.linkedin.com\/company\/slavko-curuvija-foundation\/","https:\/\/www.youtube.com\/channel\/UCEDcWS1sfG6qvaiBvVJJVRQ"]},{"@type":"Person","@id":"https:\/\/www.slavkocuruvijafondacija.rs\/#\/schema\/person\/d235fc303ee4385f0d60f7be176eb741","name":"Vojin Mitrovic","image":{"@type":"ImageObject","inLanguage":"en-US","@id":"https:\/\/www.slavkocuruvijafondacija.rs\/#\/schema\/person\/image\/","url":"https:\/\/secure.gravatar.com\/avatar\/ac7796564557f0f54e187b1b171f1796a9afbb07e218a2a28395548648bd49e1?s=96&d=mm&r=g","contentUrl":"https:\/\/secure.gravatar.com\/avatar\/ac7796564557f0f54e187b1b171f1796a9afbb07e218a2a28395548648bd49e1?s=96&d=mm&r=g","caption":"Vojin Mitrovic"},"url":"https:\/\/www.slavkocuruvijafondacija.rs\/en\/author\/vojin\/"}]}},"_links":{"self":[{"href":"https:\/\/www.slavkocuruvijafondacija.rs\/en\/wp-json\/wp\/v2\/posts\/8073","targetHints":{"allow":["GET"]}}],"collection":[{"href":"https:\/\/www.slavkocuruvijafondacija.rs\/en\/wp-json\/wp\/v2\/posts"}],"about":[{"href":"https:\/\/www.slavkocuruvijafondacija.rs\/en\/wp-json\/wp\/v2\/types\/post"}],"author":[{"embeddable":true,"href":"https:\/\/www.slavkocuruvijafondacija.rs\/en\/wp-json\/wp\/v2\/users\/4"}],"replies":[{"embeddable":true,"href":"https:\/\/www.slavkocuruvijafondacija.rs\/en\/wp-json\/wp\/v2\/comments?post=8073"}],"version-history":[{"count":1,"href":"https:\/\/www.slavkocuruvijafondacija.rs\/en\/wp-json\/wp\/v2\/posts\/8073\/revisions"}],"predecessor-version":[{"id":8074,"href":"https:\/\/www.slavkocuruvijafondacija.rs\/en\/wp-json\/wp\/v2\/posts\/8073\/revisions\/8074"}],"wp:featuredmedia":[{"embeddable":true,"href":"https:\/\/www.slavkocuruvijafondacija.rs\/en\/wp-json\/wp\/v2\/media\/7572"}],"wp:attachment":[{"href":"https:\/\/www.slavkocuruvijafondacija.rs\/en\/wp-json\/wp\/v2\/media?parent=8073"}],"wp:term":[{"taxonomy":"category","embeddable":true,"href":"https:\/\/www.slavkocuruvijafondacija.rs\/en\/wp-json\/wp\/v2\/categories?post=8073"},{"taxonomy":"post_tag","embeddable":true,"href":"https:\/\/www.slavkocuruvijafondacija.rs\/en\/wp-json\/wp\/v2\/tags?post=8073"}],"curies":[{"name":"wp","href":"https:\/\/api.w.org\/{rel}","templated":true}]}}