{"id":8069,"date":"2022-12-16T12:45:55","date_gmt":"2022-12-16T11:45:55","guid":{"rendered":"https:\/\/www.slavkocuruvijafondacija.rs\/?p=8069"},"modified":"2022-12-23T12:47:21","modified_gmt":"2022-12-23T11:47:21","slug":"channels-n1-and-nova-s-suspend-programming-for-24-hours-in-protest","status":"publish","type":"post","link":"https:\/\/www.slavkocuruvijafondacija.rs\/en\/channels-n1-and-nova-s-suspend-programming-for-24-hours-in-protest\/","title":{"rendered":"Channels N1 and Nova S suspend programming for 24 hours in protest"},"content":{"rendered":"<p>December 16, 2022<\/p>\n<hr \/>\n<h2>Television channels N1 and Nova S suspended their programming for 24 hours in protest, broadcasting only the words \u201cDarkness in Serbia without free media\u201d that appeared on screens in front of a black background.<\/h2>\n<p>Alongside an apology to viewers for making such a move, these two television stations that are both owned by United Media explained that the protest was a response to constant pressure, attacks, threats and attempts to destroy the two media companies, but also in response to the fact that the Council of the Regulatory Body for Electronic Media (REM) is delaying its decision over which television station will receive a license to broadcast programmes on the fifth national frequency, without reason and in breach of legally prescribed deadlines.<\/p>\n<p>TV Nova S is among the television stations that applied to receive this national frequency.<\/p>\n","protected":false},"excerpt":{"rendered":"<p>December 16, 2022 Television channels N1 and Nova S suspended their programming for 24 hours in protest, broadcasting only the words \u201cDarkness in Serbia without free media\u201d that appeared on screens in front of a black background. Alongside an apology to viewers for making such a move, these two television stations that are both owned by United Media explained that the protest was a response to constant pressure, attacks, threats and attempts to destroy the two media companies, but also [&hellip;]<\/p>\n","protected":false},"author":4,"featured_media":8070,"comment_status":"closed","ping_status":"open","sticky":false,"template":"","format":"standard","meta":{"footnotes":""},"categories":[8],"tags":[],"class_list":["post-8069","post","type-post","status-publish","format-standard","has-post-thumbnail","hentry","category-content-en"],"yoast_head":"<!-- This site is optimized with the Yoast SEO plugin v25.6 - https:\/\/yoast.com\/wordpress\/plugins\/seo\/ -->\n<title>Channels N1 and Nova S suspend programming for 24 hours in protest<\/title>\n<meta name=\"robots\" content=\"index, follow, max-snippet:-1, max-image-preview:large, max-video-preview:-1\" \/>\n<link rel=\"canonical\" href=\"https:\/\/www.slavkocuruvijafondacija.rs\/en\/channels-n1-and-nova-s-suspend-programming-for-24-hours-in-protest\/\" \/>\n<meta property=\"og:locale\" content=\"en_US\" \/>\n<meta property=\"og:type\" content=\"article\" \/>\n<meta property=\"og:title\" content=\"Channels N1 and Nova S suspend programming for 24 hours in protest\" \/>\n<meta property=\"og:description\" content=\"December 16, 2022 Television channels N1 and Nova S suspended their programming for 24 hours in protest, broadcasting only the words \u201cDarkness in Serbia without free media\u201d that appeared on screens in front of a black background. Alongside an apology to viewers for making such a move, these two television stations that are both owned by United Media explained that the protest was a response to constant pressure, attacks, threats and attempts to destroy the two media companies, but also [&hellip;]\" \/>\n<meta property=\"og:url\" content=\"https:\/\/www.slavkocuruvijafondacija.rs\/en\/channels-n1-and-nova-s-suspend-programming-for-24-hours-in-protest\/\" \/>\n<meta property=\"og:site_name\" content=\"Slavko \u0106uruvija fondacija\" \/>\n<meta property=\"article:publisher\" content=\"https:\/\/www.facebook.com\/slavkocuruvijafondacija\/\" \/>\n<meta property=\"article:published_time\" content=\"2022-12-16T11:45:55+00:00\" \/>\n<meta property=\"article:modified_time\" content=\"2022-12-23T11:47:21+00:00\" \/>\n<meta property=\"og:image\" content=\"https:\/\/www.slavkocuruvijafondacija.rs\/wp-content\/uploads\/2022\/12\/mrak-n1-nova-35-EON-Kanali.png\" \/>\n\t<meta property=\"og:image:width\" content=\"1000\" \/>\n\t<meta property=\"og:image:height\" content=\"560\" \/>\n\t<meta property=\"og:image:type\" content=\"image\/png\" \/>\n<meta name=\"author\" content=\"Vojin Mitrovic\" \/>\n<meta name=\"twitter:card\" content=\"summary_large_image\" \/>\n<meta name=\"twitter:creator\" content=\"@scfondacija\" \/>\n<meta name=\"twitter:site\" content=\"@scfondacija\" \/>\n<meta name=\"twitter:label1\" content=\"Written by\" \/>\n\t<meta name=\"twitter:data1\" content=\"Vojin Mitrovic\" \/>\n\t<meta name=\"twitter:label2\" content=\"Est. reading time\" \/>\n\t<meta name=\"twitter:data2\" content=\"1 minute\" \/>\n<script type=\"application\/ld+json\" class=\"yoast-schema-graph\">{\"@context\":\"https:\/\/schema.org\",\"@graph\":[{\"@type\":\"Article\",\"@id\":\"https:\/\/www.slavkocuruvijafondacija.rs\/en\/channels-n1-and-nova-s-suspend-programming-for-24-hours-in-protest\/#article\",\"isPartOf\":{\"@id\":\"https:\/\/www.slavkocuruvijafondacija.rs\/en\/channels-n1-and-nova-s-suspend-programming-for-24-hours-in-protest\/\"},\"author\":{\"name\":\"Vojin Mitrovic\",\"@id\":\"https:\/\/www.slavkocuruvijafondacija.rs\/#\/schema\/person\/d235fc303ee4385f0d60f7be176eb741\"},\"headline\":\"Channels N1 and Nova S suspend programming for 24 hours in protest\",\"datePublished\":\"2022-12-16T11:45:55+00:00\",\"dateModified\":\"2022-12-23T11:47:21+00:00\",\"mainEntityOfPage\":{\"@id\":\"https:\/\/www.slavkocuruvijafondacija.rs\/en\/channels-n1-and-nova-s-suspend-programming-for-24-hours-in-protest\/\"},\"wordCount\":148,\"publisher\":{\"@id\":\"https:\/\/www.slavkocuruvijafondacija.rs\/#organization\"},\"image\":{\"@id\":\"https:\/\/www.slavkocuruvijafondacija.rs\/en\/channels-n1-and-nova-s-suspend-programming-for-24-hours-in-protest\/#primaryimage\"},\"thumbnailUrl\":\"https:\/\/www.slavkocuruvijafondacija.rs\/wp-content\/uploads\/2022\/12\/mrak-n1-nova-35-EON-Kanali.png\",\"articleSection\":[\"News\"],\"inLanguage\":\"en-US\"},{\"@type\":\"WebPage\",\"@id\":\"https:\/\/www.slavkocuruvijafondacija.rs\/en\/channels-n1-and-nova-s-suspend-programming-for-24-hours-in-protest\/\",\"url\":\"https:\/\/www.slavkocuruvijafondacija.rs\/en\/channels-n1-and-nova-s-suspend-programming-for-24-hours-in-protest\/\",\"name\":\"Channels N1 and Nova S suspend programming for 24 hours in protest\",\"isPartOf\":{\"@id\":\"https:\/\/www.slavkocuruvijafondacija.rs\/#website\"},\"primaryImageOfPage\":{\"@id\":\"https:\/\/www.slavkocuruvijafondacija.rs\/en\/channels-n1-and-nova-s-suspend-programming-for-24-hours-in-protest\/#primaryimage\"},\"image\":{\"@id\":\"https:\/\/www.slavkocuruvijafondacija.rs\/en\/channels-n1-and-nova-s-suspend-programming-for-24-hours-in-protest\/#primaryimage\"},\"thumbnailUrl\":\"https:\/\/www.slavkocuruvijafondacija.rs\/wp-content\/uploads\/2022\/12\/mrak-n1-nova-35-EON-Kanali.png\",\"datePublished\":\"2022-12-16T11:45:55+00:00\",\"dateModified\":\"2022-12-23T11:47:21+00:00\",\"inLanguage\":\"en-US\",\"potentialAction\":[{\"@type\":\"ReadAction\",\"target\":[\"https:\/\/www.slavkocuruvijafondacija.rs\/en\/channels-n1-and-nova-s-suspend-programming-for-24-hours-in-protest\/\"]}]},{\"@type\":\"ImageObject\",\"inLanguage\":\"en-US\",\"@id\":\"https:\/\/www.slavkocuruvijafondacija.rs\/en\/channels-n1-and-nova-s-suspend-programming-for-24-hours-in-protest\/#primaryimage\",\"url\":\"https:\/\/www.slavkocuruvijafondacija.rs\/wp-content\/uploads\/2022\/12\/mrak-n1-nova-35-EON-Kanali.png\",\"contentUrl\":\"https:\/\/www.slavkocuruvijafondacija.rs\/wp-content\/uploads\/2022\/12\/mrak-n1-nova-35-EON-Kanali.png\",\"width\":1000,\"height\":560},{\"@type\":\"WebSite\",\"@id\":\"https:\/\/www.slavkocuruvijafondacija.rs\/#website\",\"url\":\"https:\/\/www.slavkocuruvijafondacija.rs\/\",\"name\":\"Slavko \u0106uruvija fondacija\",\"description\":\"Slavko \u0106uruvija fondacija (S\u0106F) radi na promociji i unapre\u0111enju slobodnih, nezavisnih i odgovornih medija u Srbiji.\",\"publisher\":{\"@id\":\"https:\/\/www.slavkocuruvijafondacija.rs\/#organization\"},\"potentialAction\":[{\"@type\":\"SearchAction\",\"target\":{\"@type\":\"EntryPoint\",\"urlTemplate\":\"https:\/\/www.slavkocuruvijafondacija.rs\/?s={search_term_string}\"},\"query-input\":{\"@type\":\"PropertyValueSpecification\",\"valueRequired\":true,\"valueName\":\"search_term_string\"}}],\"inLanguage\":\"en-US\"},{\"@type\":\"Organization\",\"@id\":\"https:\/\/www.slavkocuruvijafondacija.rs\/#organization\",\"name\":\"Slavko Curuvija Foundation\",\"url\":\"https:\/\/www.slavkocuruvijafondacija.rs\/\",\"logo\":{\"@type\":\"ImageObject\",\"inLanguage\":\"en-US\",\"@id\":\"https:\/\/www.slavkocuruvijafondacija.rs\/#\/schema\/logo\/image\/\",\"url\":\"https:\/\/www.slavkocuruvijafondacija.rs\/wp-content\/uploads\/2021\/03\/SCF-Logo-900-600.jpg\",\"contentUrl\":\"https:\/\/www.slavkocuruvijafondacija.rs\/wp-content\/uploads\/2021\/03\/SCF-Logo-900-600.jpg\",\"width\":900,\"height\":600,\"caption\":\"Slavko Curuvija Foundation\"},\"image\":{\"@id\":\"https:\/\/www.slavkocuruvijafondacija.rs\/#\/schema\/logo\/image\/\"},\"sameAs\":[\"https:\/\/www.facebook.com\/slavkocuruvijafondacija\/\",\"https:\/\/x.com\/scfondacija\",\"https:\/\/www.instagram.com\/slavko_curuvija_fondacija\/\",\"https:\/\/www.linkedin.com\/company\/slavko-curuvija-foundation\/\",\"https:\/\/www.youtube.com\/channel\/UCEDcWS1sfG6qvaiBvVJJVRQ\"]},{\"@type\":\"Person\",\"@id\":\"https:\/\/www.slavkocuruvijafondacija.rs\/#\/schema\/person\/d235fc303ee4385f0d60f7be176eb741\",\"name\":\"Vojin Mitrovic\",\"image\":{\"@type\":\"ImageObject\",\"inLanguage\":\"en-US\",\"@id\":\"https:\/\/www.slavkocuruvijafondacija.rs\/#\/schema\/person\/image\/\",\"url\":\"https:\/\/secure.gravatar.com\/avatar\/ac7796564557f0f54e187b1b171f1796a9afbb07e218a2a28395548648bd49e1?s=96&d=mm&r=g\",\"contentUrl\":\"https:\/\/secure.gravatar.com\/avatar\/ac7796564557f0f54e187b1b171f1796a9afbb07e218a2a28395548648bd49e1?s=96&d=mm&r=g\",\"caption\":\"Vojin Mitrovic\"},\"url\":\"https:\/\/www.slavkocuruvijafondacija.rs\/en\/author\/vojin\/\"}]}<\/script>\n<!-- \/ Yoast SEO plugin. -->","yoast_head_json":{"title":"Channels N1 and Nova S suspend programming for 24 hours in protest","robots":{"index":"index","follow":"follow","max-snippet":"max-snippet:-1","max-image-preview":"max-image-preview:large","max-video-preview":"max-video-preview:-1"},"canonical":"https:\/\/www.slavkocuruvijafondacija.rs\/en\/channels-n1-and-nova-s-suspend-programming-for-24-hours-in-protest\/","og_locale":"en_US","og_type":"article","og_title":"Channels N1 and Nova S suspend programming for 24 hours in protest","og_description":"December 16, 2022 Television channels N1 and Nova S suspended their programming for 24 hours in protest, broadcasting only the words \u201cDarkness in Serbia without free media\u201d that appeared on screens in front of a black background. Alongside an apology to viewers for making such a move, these two television stations that are both owned by United Media explained that the protest was a response to constant pressure, attacks, threats and attempts to destroy the two media companies, but also [&hellip;]","og_url":"https:\/\/www.slavkocuruvijafondacija.rs\/en\/channels-n1-and-nova-s-suspend-programming-for-24-hours-in-protest\/","og_site_name":"Slavko \u0106uruvija fondacija","article_publisher":"https:\/\/www.facebook.com\/slavkocuruvijafondacija\/","article_published_time":"2022-12-16T11:45:55+00:00","article_modified_time":"2022-12-23T11:47:21+00:00","og_image":[{"width":1000,"height":560,"url":"https:\/\/www.slavkocuruvijafondacija.rs\/wp-content\/uploads\/2022\/12\/mrak-n1-nova-35-EON-Kanali.png","type":"image\/png"}],"author":"Vojin Mitrovic","twitter_card":"summary_large_image","twitter_creator":"@scfondacija","twitter_site":"@scfondacija","twitter_misc":{"Written by":"Vojin Mitrovic","Est. reading time":"1 minute"},"schema":{"@context":"https:\/\/schema.org","@graph":[{"@type":"Article","@id":"https:\/\/www.slavkocuruvijafondacija.rs\/en\/channels-n1-and-nova-s-suspend-programming-for-24-hours-in-protest\/#article","isPartOf":{"@id":"https:\/\/www.slavkocuruvijafondacija.rs\/en\/channels-n1-and-nova-s-suspend-programming-for-24-hours-in-protest\/"},"author":{"name":"Vojin Mitrovic","@id":"https:\/\/www.slavkocuruvijafondacija.rs\/#\/schema\/person\/d235fc303ee4385f0d60f7be176eb741"},"headline":"Channels N1 and Nova S suspend programming for 24 hours in protest","datePublished":"2022-12-16T11:45:55+00:00","dateModified":"2022-12-23T11:47:21+00:00","mainEntityOfPage":{"@id":"https:\/\/www.slavkocuruvijafondacija.rs\/en\/channels-n1-and-nova-s-suspend-programming-for-24-hours-in-protest\/"},"wordCount":148,"publisher":{"@id":"https:\/\/www.slavkocuruvijafondacija.rs\/#organization"},"image":{"@id":"https:\/\/www.slavkocuruvijafondacija.rs\/en\/channels-n1-and-nova-s-suspend-programming-for-24-hours-in-protest\/#primaryimage"},"thumbnailUrl":"https:\/\/www.slavkocuruvijafondacija.rs\/wp-content\/uploads\/2022\/12\/mrak-n1-nova-35-EON-Kanali.png","articleSection":["News"],"inLanguage":"en-US"},{"@type":"WebPage","@id":"https:\/\/www.slavkocuruvijafondacija.rs\/en\/channels-n1-and-nova-s-suspend-programming-for-24-hours-in-protest\/","url":"https:\/\/www.slavkocuruvijafondacija.rs\/en\/channels-n1-and-nova-s-suspend-programming-for-24-hours-in-protest\/","name":"Channels N1 and Nova S suspend programming for 24 hours in protest","isPartOf":{"@id":"https:\/\/www.slavkocuruvijafondacija.rs\/#website"},"primaryImageOfPage":{"@id":"https:\/\/www.slavkocuruvijafondacija.rs\/en\/channels-n1-and-nova-s-suspend-programming-for-24-hours-in-protest\/#primaryimage"},"image":{"@id":"https:\/\/www.slavkocuruvijafondacija.rs\/en\/channels-n1-and-nova-s-suspend-programming-for-24-hours-in-protest\/#primaryimage"},"thumbnailUrl":"https:\/\/www.slavkocuruvijafondacija.rs\/wp-content\/uploads\/2022\/12\/mrak-n1-nova-35-EON-Kanali.png","datePublished":"2022-12-16T11:45:55+00:00","dateModified":"2022-12-23T11:47:21+00:00","inLanguage":"en-US","potentialAction":[{"@type":"ReadAction","target":["https:\/\/www.slavkocuruvijafondacija.rs\/en\/channels-n1-and-nova-s-suspend-programming-for-24-hours-in-protest\/"]}]},{"@type":"ImageObject","inLanguage":"en-US","@id":"https:\/\/www.slavkocuruvijafondacija.rs\/en\/channels-n1-and-nova-s-suspend-programming-for-24-hours-in-protest\/#primaryimage","url":"https:\/\/www.slavkocuruvijafondacija.rs\/wp-content\/uploads\/2022\/12\/mrak-n1-nova-35-EON-Kanali.png","contentUrl":"https:\/\/www.slavkocuruvijafondacija.rs\/wp-content\/uploads\/2022\/12\/mrak-n1-nova-35-EON-Kanali.png","width":1000,"height":560},{"@type":"WebSite","@id":"https:\/\/www.slavkocuruvijafondacija.rs\/#website","url":"https:\/\/www.slavkocuruvijafondacija.rs\/","name":"Slavko \u0106uruvija fondacija","description":"Slavko \u0106uruvija fondacija (S\u0106F) radi na promociji i unapre\u0111enju slobodnih, nezavisnih i odgovornih medija u Srbiji.","publisher":{"@id":"https:\/\/www.slavkocuruvijafondacija.rs\/#organization"},"potentialAction":[{"@type":"SearchAction","target":{"@type":"EntryPoint","urlTemplate":"https:\/\/www.slavkocuruvijafondacija.rs\/?s={search_term_string}"},"query-input":{"@type":"PropertyValueSpecification","valueRequired":true,"valueName":"search_term_string"}}],"inLanguage":"en-US"},{"@type":"Organization","@id":"https:\/\/www.slavkocuruvijafondacija.rs\/#organization","name":"Slavko Curuvija Foundation","url":"https:\/\/www.slavkocuruvijafondacija.rs\/","logo":{"@type":"ImageObject","inLanguage":"en-US","@id":"https:\/\/www.slavkocuruvijafondacija.rs\/#\/schema\/logo\/image\/","url":"https:\/\/www.slavkocuruvijafondacija.rs\/wp-content\/uploads\/2021\/03\/SCF-Logo-900-600.jpg","contentUrl":"https:\/\/www.slavkocuruvijafondacija.rs\/wp-content\/uploads\/2021\/03\/SCF-Logo-900-600.jpg","width":900,"height":600,"caption":"Slavko Curuvija Foundation"},"image":{"@id":"https:\/\/www.slavkocuruvijafondacija.rs\/#\/schema\/logo\/image\/"},"sameAs":["https:\/\/www.facebook.com\/slavkocuruvijafondacija\/","https:\/\/x.com\/scfondacija","https:\/\/www.instagram.com\/slavko_curuvija_fondacija\/","https:\/\/www.linkedin.com\/company\/slavko-curuvija-foundation\/","https:\/\/www.youtube.com\/channel\/UCEDcWS1sfG6qvaiBvVJJVRQ"]},{"@type":"Person","@id":"https:\/\/www.slavkocuruvijafondacija.rs\/#\/schema\/person\/d235fc303ee4385f0d60f7be176eb741","name":"Vojin Mitrovic","image":{"@type":"ImageObject","inLanguage":"en-US","@id":"https:\/\/www.slavkocuruvijafondacija.rs\/#\/schema\/person\/image\/","url":"https:\/\/secure.gravatar.com\/avatar\/ac7796564557f0f54e187b1b171f1796a9afbb07e218a2a28395548648bd49e1?s=96&d=mm&r=g","contentUrl":"https:\/\/secure.gravatar.com\/avatar\/ac7796564557f0f54e187b1b171f1796a9afbb07e218a2a28395548648bd49e1?s=96&d=mm&r=g","caption":"Vojin Mitrovic"},"url":"https:\/\/www.slavkocuruvijafondacija.rs\/en\/author\/vojin\/"}]}},"_links":{"self":[{"href":"https:\/\/www.slavkocuruvijafondacija.rs\/en\/wp-json\/wp\/v2\/posts\/8069","targetHints":{"allow":["GET"]}}],"collection":[{"href":"https:\/\/www.slavkocuruvijafondacija.rs\/en\/wp-json\/wp\/v2\/posts"}],"about":[{"href":"https:\/\/www.slavkocuruvijafondacija.rs\/en\/wp-json\/wp\/v2\/types\/post"}],"author":[{"embeddable":true,"href":"https:\/\/www.slavkocuruvijafondacija.rs\/en\/wp-json\/wp\/v2\/users\/4"}],"replies":[{"embeddable":true,"href":"https:\/\/www.slavkocuruvijafondacija.rs\/en\/wp-json\/wp\/v2\/comments?post=8069"}],"version-history":[{"count":1,"href":"https:\/\/www.slavkocuruvijafondacija.rs\/en\/wp-json\/wp\/v2\/posts\/8069\/revisions"}],"predecessor-version":[{"id":8072,"href":"https:\/\/www.slavkocuruvijafondacija.rs\/en\/wp-json\/wp\/v2\/posts\/8069\/revisions\/8072"}],"wp:featuredmedia":[{"embeddable":true,"href":"https:\/\/www.slavkocuruvijafondacija.rs\/en\/wp-json\/wp\/v2\/media\/8070"}],"wp:attachment":[{"href":"https:\/\/www.slavkocuruvijafondacija.rs\/en\/wp-json\/wp\/v2\/media?parent=8069"}],"wp:term":[{"taxonomy":"category","embeddable":true,"href":"https:\/\/www.slavkocuruvijafondacija.rs\/en\/wp-json\/wp\/v2\/categories?post=8069"},{"taxonomy":"post_tag","embeddable":true,"href":"https:\/\/www.slavkocuruvijafondacija.rs\/en\/wp-json\/wp\/v2\/tags?post=8069"}],"curies":[{"name":"wp","href":"https:\/\/api.w.org\/{rel}","templated":true}]}}