{"id":7974,"date":"2022-11-06T20:40:55","date_gmt":"2022-11-06T19:40:55","guid":{"rendered":"https:\/\/www.slavkocuruvijafondacija.rs\/?p=7974"},"modified":"2022-11-06T20:41:08","modified_gmt":"2022-11-06T19:41:08","slug":"coalition-for-media-freedom-and-safejournalists-network-dangerous-threats-to-danas-daily-journalists-to-be-urgently-investigated","status":"publish","type":"post","link":"https:\/\/www.slavkocuruvijafondacija.rs\/en\/coalition-for-media-freedom-and-safejournalists-network-dangerous-threats-to-danas-daily-journalists-to-be-urgently-investigated\/","title":{"rendered":"Coalition for Media Freedom and SafeJournalists Network: Dangerous Threats to Danas Daily Journalists to be Urgently Investigated"},"content":{"rendered":"<p>November 6, 2022<\/p>\n<hr \/>\n<h2>The Coalition for Media Freedom and SafeJournalists Network are requesting from the responsible institutions of the Republic of Serbia to act promptly and identify those who issued threats to daily Danas and its journalists.<\/h2>\n<p>The law enforcement authorities of the Republic of Serbia have proven many times that they are capable of promptly identifying persons who issue death threats. Most often, they have proven this in the case of threats to representatives of the authorities. We insist that the very dangerous practice of impunity for attackers on journalists and media workers be ended and that laws be equally implemented to all. Failure to sanction such threats incites the perpetrators to carry them out.<\/p>\n<p>The tone of the threatening email sent to the official email address of the Danas daily editor-in-chief is not an isolated impulsive action, but an extremely dangerous well-thought-out activity focused on individual names of journalists and the newsroom.<\/p>\n<p>We express full solidarity with the Danas daily newsroom and journalists threatened to have the same fate as the newsroom of the French satirical paper Charlie Hebdo whose journalists and other employees, along with two police officers, were killed by Islamic fundamentalists in the attack on the newsroom of 2015.<\/p>\n<p>We are justifiably worried that the threat involves a serious intention to organize a terrorist act with the newsroom and journalists as targets.<\/p>\n<p>All this is a logical consequence of the systematically created atmosphere of violence and generation of militant national-chauvinistic climate by the regime and social \u201celite\u201d.<\/p>\n<p>We call on the public to stand in solidarity with the Danas daily newsroom and the attacked journalists.<\/p>\n<p>The Coalition for Media Freedom and SafeJournalists network will acquaint the Serbian and international public with the threats.<\/p>\n<p><em><strong>Pri\u0161tina \u2013 Skopje \u2013 Sarajevo \u2013 Zagreb \u2013 Beograd \u2013 Podgorica<\/strong><\/em><\/p>\n<p>Coalition for Media Freedom:<br \/>\nAssociation of Media<br \/>\nAssociation of Online Media (AOM)<br \/>\nIndependent Association of Journalists of Vojvodina (NDNV)<br \/>\nIndependent Journalists\u2019 Association of Serbia (NUNS)<br \/>\nBusiness Association of the Association of Local and Independent Media \u201cLocal Press\u201d<br \/>\nSlavko Curuvija Foundation.<\/p>\n<p>SafeJournalists Network:<br \/>\nAssociation of Journalists of Kosovo<br \/>\nAssociation of Journalists of Macedonia<br \/>\nBH Journalists Association<br \/>\nCroatian Journalists\u2019 Association<br \/>\nIndependent Journalists Association of Serbia<br \/>\nTrade Union of Media of Montenegro<\/p>\n","protected":false},"excerpt":{"rendered":"<p>November 6, 2022 The Coalition for Media Freedom and SafeJournalists Network are requesting from the responsible institutions of the Republic of Serbia to act promptly and identify those who issued threats to daily Danas and its journalists. The law enforcement authorities of the Republic of Serbia have proven many times that they are capable of promptly identifying persons who issue death threats. Most often, they have proven this in the case of threats to representatives of the authorities. We insist [&hellip;]<\/p>\n","protected":false},"author":4,"featured_media":5153,"comment_status":"closed","ping_status":"open","sticky":false,"template":"","format":"standard","meta":{"footnotes":""},"categories":[8],"tags":[],"class_list":["post-7974","post","type-post","status-publish","format-standard","has-post-thumbnail","hentry","category-content-en"],"yoast_head":"<!-- This site is optimized with the Yoast SEO plugin v25.6 - https:\/\/yoast.com\/wordpress\/plugins\/seo\/ -->\n<title>Coalition for Media Freedom and SafeJournalists Network: Dangerous Threats to Danas Daily Journalists to be Urgently Investigated<\/title>\n<meta name=\"robots\" content=\"index, follow, max-snippet:-1, max-image-preview:large, max-video-preview:-1\" \/>\n<link rel=\"canonical\" href=\"https:\/\/www.slavkocuruvijafondacija.rs\/en\/coalition-for-media-freedom-and-safejournalists-network-dangerous-threats-to-danas-daily-journalists-to-be-urgently-investigated\/\" \/>\n<meta property=\"og:locale\" content=\"en_US\" \/>\n<meta property=\"og:type\" content=\"article\" \/>\n<meta property=\"og:title\" content=\"Coalition for Media Freedom and SafeJournalists Network: Dangerous Threats to Danas Daily Journalists to be Urgently Investigated\" \/>\n<meta property=\"og:description\" content=\"November 6, 2022 The Coalition for Media Freedom and SafeJournalists Network are requesting from the responsible institutions of the Republic of Serbia to act promptly and identify those who issued threats to daily Danas and its journalists. The law enforcement authorities of the Republic of Serbia have proven many times that they are capable of promptly identifying persons who issue death threats. Most often, they have proven this in the case of threats to representatives of the authorities. We insist [&hellip;]\" \/>\n<meta property=\"og:url\" content=\"https:\/\/www.slavkocuruvijafondacija.rs\/en\/coalition-for-media-freedom-and-safejournalists-network-dangerous-threats-to-danas-daily-journalists-to-be-urgently-investigated\/\" \/>\n<meta property=\"og:site_name\" content=\"Slavko \u0106uruvija fondacija\" \/>\n<meta property=\"article:publisher\" content=\"https:\/\/www.facebook.com\/slavkocuruvijafondacija\/\" \/>\n<meta property=\"article:published_time\" content=\"2022-11-06T19:40:55+00:00\" \/>\n<meta property=\"article:modified_time\" content=\"2022-11-06T19:41:08+00:00\" \/>\n<meta property=\"og:image\" content=\"https:\/\/www.slavkocuruvijafondacija.rs\/wp-content\/uploads\/2019\/12\/danas.jpg\" \/>\n\t<meta property=\"og:image:width\" content=\"925\" \/>\n\t<meta property=\"og:image:height\" content=\"521\" \/>\n\t<meta property=\"og:image:type\" content=\"image\/jpeg\" \/>\n<meta name=\"author\" content=\"Vojin Mitrovic\" \/>\n<meta name=\"twitter:card\" content=\"summary_large_image\" \/>\n<meta name=\"twitter:creator\" content=\"@scfondacija\" \/>\n<meta name=\"twitter:site\" content=\"@scfondacija\" \/>\n<meta name=\"twitter:label1\" content=\"Written by\" \/>\n\t<meta name=\"twitter:data1\" content=\"Vojin Mitrovic\" \/>\n\t<meta name=\"twitter:label2\" content=\"Est. reading time\" \/>\n\t<meta name=\"twitter:data2\" content=\"2 minutes\" \/>\n<script type=\"application\/ld+json\" class=\"yoast-schema-graph\">{\"@context\":\"https:\/\/schema.org\",\"@graph\":[{\"@type\":\"Article\",\"@id\":\"https:\/\/www.slavkocuruvijafondacija.rs\/en\/coalition-for-media-freedom-and-safejournalists-network-dangerous-threats-to-danas-daily-journalists-to-be-urgently-investigated\/#article\",\"isPartOf\":{\"@id\":\"https:\/\/www.slavkocuruvijafondacija.rs\/en\/coalition-for-media-freedom-and-safejournalists-network-dangerous-threats-to-danas-daily-journalists-to-be-urgently-investigated\/\"},\"author\":{\"name\":\"Vojin Mitrovic\",\"@id\":\"https:\/\/www.slavkocuruvijafondacija.rs\/#\/schema\/person\/d235fc303ee4385f0d60f7be176eb741\"},\"headline\":\"Coalition for Media Freedom and SafeJournalists Network: Dangerous Threats to Danas Daily Journalists to be Urgently Investigated\",\"datePublished\":\"2022-11-06T19:40:55+00:00\",\"dateModified\":\"2022-11-06T19:41:08+00:00\",\"mainEntityOfPage\":{\"@id\":\"https:\/\/www.slavkocuruvijafondacija.rs\/en\/coalition-for-media-freedom-and-safejournalists-network-dangerous-threats-to-danas-daily-journalists-to-be-urgently-investigated\/\"},\"wordCount\":378,\"publisher\":{\"@id\":\"https:\/\/www.slavkocuruvijafondacija.rs\/#organization\"},\"image\":{\"@id\":\"https:\/\/www.slavkocuruvijafondacija.rs\/en\/coalition-for-media-freedom-and-safejournalists-network-dangerous-threats-to-danas-daily-journalists-to-be-urgently-investigated\/#primaryimage\"},\"thumbnailUrl\":\"https:\/\/www.slavkocuruvijafondacija.rs\/wp-content\/uploads\/2019\/12\/danas.jpg\",\"articleSection\":[\"News\"],\"inLanguage\":\"en-US\"},{\"@type\":\"WebPage\",\"@id\":\"https:\/\/www.slavkocuruvijafondacija.rs\/en\/coalition-for-media-freedom-and-safejournalists-network-dangerous-threats-to-danas-daily-journalists-to-be-urgently-investigated\/\",\"url\":\"https:\/\/www.slavkocuruvijafondacija.rs\/en\/coalition-for-media-freedom-and-safejournalists-network-dangerous-threats-to-danas-daily-journalists-to-be-urgently-investigated\/\",\"name\":\"Coalition for Media Freedom and SafeJournalists Network: Dangerous Threats to Danas Daily Journalists to be Urgently Investigated\",\"isPartOf\":{\"@id\":\"https:\/\/www.slavkocuruvijafondacija.rs\/#website\"},\"primaryImageOfPage\":{\"@id\":\"https:\/\/www.slavkocuruvijafondacija.rs\/en\/coalition-for-media-freedom-and-safejournalists-network-dangerous-threats-to-danas-daily-journalists-to-be-urgently-investigated\/#primaryimage\"},\"image\":{\"@id\":\"https:\/\/www.slavkocuruvijafondacija.rs\/en\/coalition-for-media-freedom-and-safejournalists-network-dangerous-threats-to-danas-daily-journalists-to-be-urgently-investigated\/#primaryimage\"},\"thumbnailUrl\":\"https:\/\/www.slavkocuruvijafondacija.rs\/wp-content\/uploads\/2019\/12\/danas.jpg\",\"datePublished\":\"2022-11-06T19:40:55+00:00\",\"dateModified\":\"2022-11-06T19:41:08+00:00\",\"inLanguage\":\"en-US\",\"potentialAction\":[{\"@type\":\"ReadAction\",\"target\":[\"https:\/\/www.slavkocuruvijafondacija.rs\/en\/coalition-for-media-freedom-and-safejournalists-network-dangerous-threats-to-danas-daily-journalists-to-be-urgently-investigated\/\"]}]},{\"@type\":\"ImageObject\",\"inLanguage\":\"en-US\",\"@id\":\"https:\/\/www.slavkocuruvijafondacija.rs\/en\/coalition-for-media-freedom-and-safejournalists-network-dangerous-threats-to-danas-daily-journalists-to-be-urgently-investigated\/#primaryimage\",\"url\":\"https:\/\/www.slavkocuruvijafondacija.rs\/wp-content\/uploads\/2019\/12\/danas.jpg\",\"contentUrl\":\"https:\/\/www.slavkocuruvijafondacija.rs\/wp-content\/uploads\/2019\/12\/danas.jpg\",\"width\":925,\"height\":521},{\"@type\":\"WebSite\",\"@id\":\"https:\/\/www.slavkocuruvijafondacija.rs\/#website\",\"url\":\"https:\/\/www.slavkocuruvijafondacija.rs\/\",\"name\":\"Slavko \u0106uruvija fondacija\",\"description\":\"Slavko \u0106uruvija fondacija (S\u0106F) radi na promociji i unapre\u0111enju slobodnih, nezavisnih i odgovornih medija u Srbiji.\",\"publisher\":{\"@id\":\"https:\/\/www.slavkocuruvijafondacija.rs\/#organization\"},\"potentialAction\":[{\"@type\":\"SearchAction\",\"target\":{\"@type\":\"EntryPoint\",\"urlTemplate\":\"https:\/\/www.slavkocuruvijafondacija.rs\/?s={search_term_string}\"},\"query-input\":{\"@type\":\"PropertyValueSpecification\",\"valueRequired\":true,\"valueName\":\"search_term_string\"}}],\"inLanguage\":\"en-US\"},{\"@type\":\"Organization\",\"@id\":\"https:\/\/www.slavkocuruvijafondacija.rs\/#organization\",\"name\":\"Slavko Curuvija Foundation\",\"url\":\"https:\/\/www.slavkocuruvijafondacija.rs\/\",\"logo\":{\"@type\":\"ImageObject\",\"inLanguage\":\"en-US\",\"@id\":\"https:\/\/www.slavkocuruvijafondacija.rs\/#\/schema\/logo\/image\/\",\"url\":\"https:\/\/www.slavkocuruvijafondacija.rs\/wp-content\/uploads\/2021\/03\/SCF-Logo-900-600.jpg\",\"contentUrl\":\"https:\/\/www.slavkocuruvijafondacija.rs\/wp-content\/uploads\/2021\/03\/SCF-Logo-900-600.jpg\",\"width\":900,\"height\":600,\"caption\":\"Slavko Curuvija Foundation\"},\"image\":{\"@id\":\"https:\/\/www.slavkocuruvijafondacija.rs\/#\/schema\/logo\/image\/\"},\"sameAs\":[\"https:\/\/www.facebook.com\/slavkocuruvijafondacija\/\",\"https:\/\/x.com\/scfondacija\",\"https:\/\/www.instagram.com\/slavko_curuvija_fondacija\/\",\"https:\/\/www.linkedin.com\/company\/slavko-curuvija-foundation\/\",\"https:\/\/www.youtube.com\/channel\/UCEDcWS1sfG6qvaiBvVJJVRQ\"]},{\"@type\":\"Person\",\"@id\":\"https:\/\/www.slavkocuruvijafondacija.rs\/#\/schema\/person\/d235fc303ee4385f0d60f7be176eb741\",\"name\":\"Vojin Mitrovic\",\"image\":{\"@type\":\"ImageObject\",\"inLanguage\":\"en-US\",\"@id\":\"https:\/\/www.slavkocuruvijafondacija.rs\/#\/schema\/person\/image\/\",\"url\":\"https:\/\/secure.gravatar.com\/avatar\/ac7796564557f0f54e187b1b171f1796a9afbb07e218a2a28395548648bd49e1?s=96&d=mm&r=g\",\"contentUrl\":\"https:\/\/secure.gravatar.com\/avatar\/ac7796564557f0f54e187b1b171f1796a9afbb07e218a2a28395548648bd49e1?s=96&d=mm&r=g\",\"caption\":\"Vojin Mitrovic\"},\"url\":\"https:\/\/www.slavkocuruvijafondacija.rs\/en\/author\/vojin\/\"}]}<\/script>\n<!-- \/ Yoast SEO plugin. -->","yoast_head_json":{"title":"Coalition for Media Freedom and SafeJournalists Network: Dangerous Threats to Danas Daily Journalists to be Urgently Investigated","robots":{"index":"index","follow":"follow","max-snippet":"max-snippet:-1","max-image-preview":"max-image-preview:large","max-video-preview":"max-video-preview:-1"},"canonical":"https:\/\/www.slavkocuruvijafondacija.rs\/en\/coalition-for-media-freedom-and-safejournalists-network-dangerous-threats-to-danas-daily-journalists-to-be-urgently-investigated\/","og_locale":"en_US","og_type":"article","og_title":"Coalition for Media Freedom and SafeJournalists Network: Dangerous Threats to Danas Daily Journalists to be Urgently Investigated","og_description":"November 6, 2022 The Coalition for Media Freedom and SafeJournalists Network are requesting from the responsible institutions of the Republic of Serbia to act promptly and identify those who issued threats to daily Danas and its journalists. The law enforcement authorities of the Republic of Serbia have proven many times that they are capable of promptly identifying persons who issue death threats. Most often, they have proven this in the case of threats to representatives of the authorities. We insist [&hellip;]","og_url":"https:\/\/www.slavkocuruvijafondacija.rs\/en\/coalition-for-media-freedom-and-safejournalists-network-dangerous-threats-to-danas-daily-journalists-to-be-urgently-investigated\/","og_site_name":"Slavko \u0106uruvija fondacija","article_publisher":"https:\/\/www.facebook.com\/slavkocuruvijafondacija\/","article_published_time":"2022-11-06T19:40:55+00:00","article_modified_time":"2022-11-06T19:41:08+00:00","og_image":[{"width":925,"height":521,"url":"https:\/\/www.slavkocuruvijafondacija.rs\/wp-content\/uploads\/2019\/12\/danas.jpg","type":"image\/jpeg"}],"author":"Vojin Mitrovic","twitter_card":"summary_large_image","twitter_creator":"@scfondacija","twitter_site":"@scfondacija","twitter_misc":{"Written by":"Vojin Mitrovic","Est. reading time":"2 minutes"},"schema":{"@context":"https:\/\/schema.org","@graph":[{"@type":"Article","@id":"https:\/\/www.slavkocuruvijafondacija.rs\/en\/coalition-for-media-freedom-and-safejournalists-network-dangerous-threats-to-danas-daily-journalists-to-be-urgently-investigated\/#article","isPartOf":{"@id":"https:\/\/www.slavkocuruvijafondacija.rs\/en\/coalition-for-media-freedom-and-safejournalists-network-dangerous-threats-to-danas-daily-journalists-to-be-urgently-investigated\/"},"author":{"name":"Vojin Mitrovic","@id":"https:\/\/www.slavkocuruvijafondacija.rs\/#\/schema\/person\/d235fc303ee4385f0d60f7be176eb741"},"headline":"Coalition for Media Freedom and SafeJournalists Network: Dangerous Threats to Danas Daily Journalists to be Urgently Investigated","datePublished":"2022-11-06T19:40:55+00:00","dateModified":"2022-11-06T19:41:08+00:00","mainEntityOfPage":{"@id":"https:\/\/www.slavkocuruvijafondacija.rs\/en\/coalition-for-media-freedom-and-safejournalists-network-dangerous-threats-to-danas-daily-journalists-to-be-urgently-investigated\/"},"wordCount":378,"publisher":{"@id":"https:\/\/www.slavkocuruvijafondacija.rs\/#organization"},"image":{"@id":"https:\/\/www.slavkocuruvijafondacija.rs\/en\/coalition-for-media-freedom-and-safejournalists-network-dangerous-threats-to-danas-daily-journalists-to-be-urgently-investigated\/#primaryimage"},"thumbnailUrl":"https:\/\/www.slavkocuruvijafondacija.rs\/wp-content\/uploads\/2019\/12\/danas.jpg","articleSection":["News"],"inLanguage":"en-US"},{"@type":"WebPage","@id":"https:\/\/www.slavkocuruvijafondacija.rs\/en\/coalition-for-media-freedom-and-safejournalists-network-dangerous-threats-to-danas-daily-journalists-to-be-urgently-investigated\/","url":"https:\/\/www.slavkocuruvijafondacija.rs\/en\/coalition-for-media-freedom-and-safejournalists-network-dangerous-threats-to-danas-daily-journalists-to-be-urgently-investigated\/","name":"Coalition for Media Freedom and SafeJournalists Network: Dangerous Threats to Danas Daily Journalists to be Urgently Investigated","isPartOf":{"@id":"https:\/\/www.slavkocuruvijafondacija.rs\/#website"},"primaryImageOfPage":{"@id":"https:\/\/www.slavkocuruvijafondacija.rs\/en\/coalition-for-media-freedom-and-safejournalists-network-dangerous-threats-to-danas-daily-journalists-to-be-urgently-investigated\/#primaryimage"},"image":{"@id":"https:\/\/www.slavkocuruvijafondacija.rs\/en\/coalition-for-media-freedom-and-safejournalists-network-dangerous-threats-to-danas-daily-journalists-to-be-urgently-investigated\/#primaryimage"},"thumbnailUrl":"https:\/\/www.slavkocuruvijafondacija.rs\/wp-content\/uploads\/2019\/12\/danas.jpg","datePublished":"2022-11-06T19:40:55+00:00","dateModified":"2022-11-06T19:41:08+00:00","inLanguage":"en-US","potentialAction":[{"@type":"ReadAction","target":["https:\/\/www.slavkocuruvijafondacija.rs\/en\/coalition-for-media-freedom-and-safejournalists-network-dangerous-threats-to-danas-daily-journalists-to-be-urgently-investigated\/"]}]},{"@type":"ImageObject","inLanguage":"en-US","@id":"https:\/\/www.slavkocuruvijafondacija.rs\/en\/coalition-for-media-freedom-and-safejournalists-network-dangerous-threats-to-danas-daily-journalists-to-be-urgently-investigated\/#primaryimage","url":"https:\/\/www.slavkocuruvijafondacija.rs\/wp-content\/uploads\/2019\/12\/danas.jpg","contentUrl":"https:\/\/www.slavkocuruvijafondacija.rs\/wp-content\/uploads\/2019\/12\/danas.jpg","width":925,"height":521},{"@type":"WebSite","@id":"https:\/\/www.slavkocuruvijafondacija.rs\/#website","url":"https:\/\/www.slavkocuruvijafondacija.rs\/","name":"Slavko \u0106uruvija fondacija","description":"Slavko \u0106uruvija fondacija (S\u0106F) radi na promociji i unapre\u0111enju slobodnih, nezavisnih i odgovornih medija u Srbiji.","publisher":{"@id":"https:\/\/www.slavkocuruvijafondacija.rs\/#organization"},"potentialAction":[{"@type":"SearchAction","target":{"@type":"EntryPoint","urlTemplate":"https:\/\/www.slavkocuruvijafondacija.rs\/?s={search_term_string}"},"query-input":{"@type":"PropertyValueSpecification","valueRequired":true,"valueName":"search_term_string"}}],"inLanguage":"en-US"},{"@type":"Organization","@id":"https:\/\/www.slavkocuruvijafondacija.rs\/#organization","name":"Slavko Curuvija Foundation","url":"https:\/\/www.slavkocuruvijafondacija.rs\/","logo":{"@type":"ImageObject","inLanguage":"en-US","@id":"https:\/\/www.slavkocuruvijafondacija.rs\/#\/schema\/logo\/image\/","url":"https:\/\/www.slavkocuruvijafondacija.rs\/wp-content\/uploads\/2021\/03\/SCF-Logo-900-600.jpg","contentUrl":"https:\/\/www.slavkocuruvijafondacija.rs\/wp-content\/uploads\/2021\/03\/SCF-Logo-900-600.jpg","width":900,"height":600,"caption":"Slavko Curuvija Foundation"},"image":{"@id":"https:\/\/www.slavkocuruvijafondacija.rs\/#\/schema\/logo\/image\/"},"sameAs":["https:\/\/www.facebook.com\/slavkocuruvijafondacija\/","https:\/\/x.com\/scfondacija","https:\/\/www.instagram.com\/slavko_curuvija_fondacija\/","https:\/\/www.linkedin.com\/company\/slavko-curuvija-foundation\/","https:\/\/www.youtube.com\/channel\/UCEDcWS1sfG6qvaiBvVJJVRQ"]},{"@type":"Person","@id":"https:\/\/www.slavkocuruvijafondacija.rs\/#\/schema\/person\/d235fc303ee4385f0d60f7be176eb741","name":"Vojin Mitrovic","image":{"@type":"ImageObject","inLanguage":"en-US","@id":"https:\/\/www.slavkocuruvijafondacija.rs\/#\/schema\/person\/image\/","url":"https:\/\/secure.gravatar.com\/avatar\/ac7796564557f0f54e187b1b171f1796a9afbb07e218a2a28395548648bd49e1?s=96&d=mm&r=g","contentUrl":"https:\/\/secure.gravatar.com\/avatar\/ac7796564557f0f54e187b1b171f1796a9afbb07e218a2a28395548648bd49e1?s=96&d=mm&r=g","caption":"Vojin Mitrovic"},"url":"https:\/\/www.slavkocuruvijafondacija.rs\/en\/author\/vojin\/"}]}},"_links":{"self":[{"href":"https:\/\/www.slavkocuruvijafondacija.rs\/en\/wp-json\/wp\/v2\/posts\/7974","targetHints":{"allow":["GET"]}}],"collection":[{"href":"https:\/\/www.slavkocuruvijafondacija.rs\/en\/wp-json\/wp\/v2\/posts"}],"about":[{"href":"https:\/\/www.slavkocuruvijafondacija.rs\/en\/wp-json\/wp\/v2\/types\/post"}],"author":[{"embeddable":true,"href":"https:\/\/www.slavkocuruvijafondacija.rs\/en\/wp-json\/wp\/v2\/users\/4"}],"replies":[{"embeddable":true,"href":"https:\/\/www.slavkocuruvijafondacija.rs\/en\/wp-json\/wp\/v2\/comments?post=7974"}],"version-history":[{"count":3,"href":"https:\/\/www.slavkocuruvijafondacija.rs\/en\/wp-json\/wp\/v2\/posts\/7974\/revisions"}],"predecessor-version":[{"id":7977,"href":"https:\/\/www.slavkocuruvijafondacija.rs\/en\/wp-json\/wp\/v2\/posts\/7974\/revisions\/7977"}],"wp:featuredmedia":[{"embeddable":true,"href":"https:\/\/www.slavkocuruvijafondacija.rs\/en\/wp-json\/wp\/v2\/media\/5153"}],"wp:attachment":[{"href":"https:\/\/www.slavkocuruvijafondacija.rs\/en\/wp-json\/wp\/v2\/media?parent=7974"}],"wp:term":[{"taxonomy":"category","embeddable":true,"href":"https:\/\/www.slavkocuruvijafondacija.rs\/en\/wp-json\/wp\/v2\/categories?post=7974"},{"taxonomy":"post_tag","embeddable":true,"href":"https:\/\/www.slavkocuruvijafondacija.rs\/en\/wp-json\/wp\/v2\/tags?post=7974"}],"curies":[{"name":"wp","href":"https:\/\/api.w.org\/{rel}","templated":true}]}}