{"id":696,"date":"2014-12-12T15:20:59","date_gmt":"2014-12-12T15:20:59","guid":{"rendered":"http:\/\/www.slavkocuruvijafondacija.rs\/?p=696"},"modified":"2014-12-12T15:42:34","modified_gmt":"2014-12-12T15:42:34","slug":"embassy-denmark-serbia-slavko-curuvija-foundation-launched-advancing-media-freedom-serbia-project","status":"publish","type":"post","link":"https:\/\/www.slavkocuruvijafondacija.rs\/en\/embassy-denmark-serbia-slavko-curuvija-foundation-launched-advancing-media-freedom-serbia-project\/","title":{"rendered":"Embassy of Denmark in Serbia and Slavko Curuvija Foundation launched \u201cAdvancing Media Freedom in Serbia\u201d project"},"content":{"rendered":"<p>Date: December 1, 2014<\/p>\n<hr \/>\n<p>With the support from the Embassy of Denmark in Serbia, Slavko Curuvija Foundation (SCF) has just launched its \u201cAdvancing Media Freedom in Serbia\u201d project.<\/p>\n<p>Through this project, SCF will work on informing general public in Serbia about issues relevant to the freedom of media in Serbia \u2013 especially in regards to local media outlets.<\/p>\n<p>The main platform for this will be the \u201cCenzolovka\u201d website (<a href=\"http:\/\/www.cenzolovka.rs\/\" target=\"_blank\">www.cenzolovka.rs<\/a>).<\/p>\n<p>The website, initially supported by the embassy of Australia in Serbia, will provide news, study reports, analysis and expert opinions on different issues relevant to media freedom as well as processes that critically influence the level of media freedom in Serbia.<\/p>\n<p>A part of the grant will also be used to organize study trips for local media owners and managers to Denmark, where they will learn about business models that could help build economic sustainability of their own media outlets.<\/p>\n","protected":false},"excerpt":{"rendered":"<p>Date: December 1, 2014 With the support from the Embassy of Denmark in Serbia, Slavko Curuvija Foundation (SCF) has just launched its \u201cAdvancing Media Freedom in Serbia\u201d project. Through this project, SCF will work on informing general public in Serbia about issues relevant to the freedom of media in Serbia \u2013 especially in regards to local media outlets. The main platform for this will be the \u201cCenzolovka\u201d website (www.cenzolovka.rs). The website, initially supported by the embassy of Australia in Serbia, [&hellip;]<\/p>\n","protected":false},"author":4,"featured_media":700,"comment_status":"closed","ping_status":"open","sticky":false,"template":"","format":"standard","meta":{"footnotes":""},"categories":[8],"tags":[],"class_list":["post-696","post","type-post","status-publish","format-standard","has-post-thumbnail","hentry","category-content-en"],"yoast_head":"<!-- This site is optimized with the Yoast SEO plugin v25.6 - https:\/\/yoast.com\/wordpress\/plugins\/seo\/ -->\n<title>Embassy of Denmark in Serbia and Slavko Curuvija Foundation launched \u201cAdvancing Media Freedom in Serbia\u201d project<\/title>\n<meta name=\"robots\" content=\"index, follow, max-snippet:-1, max-image-preview:large, max-video-preview:-1\" \/>\n<link rel=\"canonical\" href=\"https:\/\/www.slavkocuruvijafondacija.rs\/en\/embassy-denmark-serbia-slavko-curuvija-foundation-launched-advancing-media-freedom-serbia-project\/\" \/>\n<meta property=\"og:locale\" content=\"en_US\" \/>\n<meta property=\"og:type\" content=\"article\" \/>\n<meta property=\"og:title\" content=\"Embassy of Denmark in Serbia and Slavko Curuvija Foundation launched \u201cAdvancing Media Freedom in Serbia\u201d project\" \/>\n<meta property=\"og:description\" content=\"Date: December 1, 2014 With the support from the Embassy of Denmark in Serbia, Slavko Curuvija Foundation (SCF) has just launched its \u201cAdvancing Media Freedom in Serbia\u201d project. Through this project, SCF will work on informing general public in Serbia about issues relevant to the freedom of media in Serbia \u2013 especially in regards to local media outlets. The main platform for this will be the \u201cCenzolovka\u201d website (www.cenzolovka.rs). The website, initially supported by the embassy of Australia in Serbia, [&hellip;]\" \/>\n<meta property=\"og:url\" content=\"https:\/\/www.slavkocuruvijafondacija.rs\/en\/embassy-denmark-serbia-slavko-curuvija-foundation-launched-advancing-media-freedom-serbia-project\/\" \/>\n<meta property=\"og:site_name\" content=\"Slavko \u0106uruvija fondacija\" \/>\n<meta property=\"article:publisher\" content=\"https:\/\/www.facebook.com\/slavkocuruvijafondacija\/\" \/>\n<meta property=\"article:published_time\" content=\"2014-12-12T15:20:59+00:00\" \/>\n<meta property=\"article:modified_time\" content=\"2014-12-12T15:42:34+00:00\" \/>\n<meta property=\"og:image\" content=\"https:\/\/www.slavkocuruvijafondacija.rs\/wp-content\/uploads\/2021\/03\/SCF-Logo-900-600.jpg\" \/>\n\t<meta property=\"og:image:width\" content=\"900\" \/>\n\t<meta property=\"og:image:height\" content=\"600\" \/>\n\t<meta property=\"og:image:type\" content=\"image\/jpeg\" \/>\n<meta name=\"author\" content=\"Vojin Mitrovic\" \/>\n<meta name=\"twitter:card\" content=\"summary_large_image\" \/>\n<meta name=\"twitter:creator\" content=\"@scfondacija\" \/>\n<meta name=\"twitter:site\" content=\"@scfondacija\" \/>\n<meta name=\"twitter:label1\" content=\"Written by\" \/>\n\t<meta name=\"twitter:data1\" content=\"Vojin Mitrovic\" \/>\n\t<meta name=\"twitter:label2\" content=\"Est. reading time\" \/>\n\t<meta name=\"twitter:data2\" content=\"1 minute\" \/>\n<script type=\"application\/ld+json\" class=\"yoast-schema-graph\">{\"@context\":\"https:\/\/schema.org\",\"@graph\":[{\"@type\":\"Article\",\"@id\":\"https:\/\/www.slavkocuruvijafondacija.rs\/en\/embassy-denmark-serbia-slavko-curuvija-foundation-launched-advancing-media-freedom-serbia-project\/#article\",\"isPartOf\":{\"@id\":\"https:\/\/www.slavkocuruvijafondacija.rs\/en\/embassy-denmark-serbia-slavko-curuvija-foundation-launched-advancing-media-freedom-serbia-project\/\"},\"author\":{\"name\":\"Vojin Mitrovic\",\"@id\":\"https:\/\/www.slavkocuruvijafondacija.rs\/#\/schema\/person\/d235fc303ee4385f0d60f7be176eb741\"},\"headline\":\"Embassy of Denmark in Serbia and Slavko Curuvija Foundation launched \u201cAdvancing Media Freedom in Serbia\u201d project\",\"datePublished\":\"2014-12-12T15:20:59+00:00\",\"dateModified\":\"2014-12-12T15:42:34+00:00\",\"mainEntityOfPage\":{\"@id\":\"https:\/\/www.slavkocuruvijafondacija.rs\/en\/embassy-denmark-serbia-slavko-curuvija-foundation-launched-advancing-media-freedom-serbia-project\/\"},\"wordCount\":164,\"publisher\":{\"@id\":\"https:\/\/www.slavkocuruvijafondacija.rs\/#organization\"},\"image\":{\"@id\":\"https:\/\/www.slavkocuruvijafondacija.rs\/en\/embassy-denmark-serbia-slavko-curuvija-foundation-launched-advancing-media-freedom-serbia-project\/#primaryimage\"},\"thumbnailUrl\":\"https:\/\/www.slavkocuruvijafondacija.rs\/wp-content\/uploads\/2014\/12\/cenzolovkainvert2.bmp\",\"articleSection\":[\"News\"],\"inLanguage\":\"en-US\"},{\"@type\":\"WebPage\",\"@id\":\"https:\/\/www.slavkocuruvijafondacija.rs\/en\/embassy-denmark-serbia-slavko-curuvija-foundation-launched-advancing-media-freedom-serbia-project\/\",\"url\":\"https:\/\/www.slavkocuruvijafondacija.rs\/en\/embassy-denmark-serbia-slavko-curuvija-foundation-launched-advancing-media-freedom-serbia-project\/\",\"name\":\"Embassy of Denmark in Serbia and Slavko Curuvija Foundation launched \u201cAdvancing Media Freedom in Serbia\u201d project\",\"isPartOf\":{\"@id\":\"https:\/\/www.slavkocuruvijafondacija.rs\/#website\"},\"primaryImageOfPage\":{\"@id\":\"https:\/\/www.slavkocuruvijafondacija.rs\/en\/embassy-denmark-serbia-slavko-curuvija-foundation-launched-advancing-media-freedom-serbia-project\/#primaryimage\"},\"image\":{\"@id\":\"https:\/\/www.slavkocuruvijafondacija.rs\/en\/embassy-denmark-serbia-slavko-curuvija-foundation-launched-advancing-media-freedom-serbia-project\/#primaryimage\"},\"thumbnailUrl\":\"https:\/\/www.slavkocuruvijafondacija.rs\/wp-content\/uploads\/2014\/12\/cenzolovkainvert2.bmp\",\"datePublished\":\"2014-12-12T15:20:59+00:00\",\"dateModified\":\"2014-12-12T15:42:34+00:00\",\"inLanguage\":\"en-US\",\"potentialAction\":[{\"@type\":\"ReadAction\",\"target\":[\"https:\/\/www.slavkocuruvijafondacija.rs\/en\/embassy-denmark-serbia-slavko-curuvija-foundation-launched-advancing-media-freedom-serbia-project\/\"]}]},{\"@type\":\"ImageObject\",\"inLanguage\":\"en-US\",\"@id\":\"https:\/\/www.slavkocuruvijafondacija.rs\/en\/embassy-denmark-serbia-slavko-curuvija-foundation-launched-advancing-media-freedom-serbia-project\/#primaryimage\",\"url\":\"https:\/\/www.slavkocuruvijafondacija.rs\/wp-content\/uploads\/2014\/12\/cenzolovkainvert2.bmp\",\"contentUrl\":\"https:\/\/www.slavkocuruvijafondacija.rs\/wp-content\/uploads\/2014\/12\/cenzolovkainvert2.bmp\",\"width\":1795,\"height\":966},{\"@type\":\"WebSite\",\"@id\":\"https:\/\/www.slavkocuruvijafondacija.rs\/#website\",\"url\":\"https:\/\/www.slavkocuruvijafondacija.rs\/\",\"name\":\"Slavko \u0106uruvija fondacija\",\"description\":\"Slavko \u0106uruvija fondacija (S\u0106F) radi na promociji i unapre\u0111enju slobodnih, nezavisnih i odgovornih medija u Srbiji.\",\"publisher\":{\"@id\":\"https:\/\/www.slavkocuruvijafondacija.rs\/#organization\"},\"potentialAction\":[{\"@type\":\"SearchAction\",\"target\":{\"@type\":\"EntryPoint\",\"urlTemplate\":\"https:\/\/www.slavkocuruvijafondacija.rs\/?s={search_term_string}\"},\"query-input\":{\"@type\":\"PropertyValueSpecification\",\"valueRequired\":true,\"valueName\":\"search_term_string\"}}],\"inLanguage\":\"en-US\"},{\"@type\":\"Organization\",\"@id\":\"https:\/\/www.slavkocuruvijafondacija.rs\/#organization\",\"name\":\"Slavko Curuvija Foundation\",\"url\":\"https:\/\/www.slavkocuruvijafondacija.rs\/\",\"logo\":{\"@type\":\"ImageObject\",\"inLanguage\":\"en-US\",\"@id\":\"https:\/\/www.slavkocuruvijafondacija.rs\/#\/schema\/logo\/image\/\",\"url\":\"https:\/\/www.slavkocuruvijafondacija.rs\/wp-content\/uploads\/2021\/03\/SCF-Logo-900-600.jpg\",\"contentUrl\":\"https:\/\/www.slavkocuruvijafondacija.rs\/wp-content\/uploads\/2021\/03\/SCF-Logo-900-600.jpg\",\"width\":900,\"height\":600,\"caption\":\"Slavko Curuvija Foundation\"},\"image\":{\"@id\":\"https:\/\/www.slavkocuruvijafondacija.rs\/#\/schema\/logo\/image\/\"},\"sameAs\":[\"https:\/\/www.facebook.com\/slavkocuruvijafondacija\/\",\"https:\/\/x.com\/scfondacija\",\"https:\/\/www.instagram.com\/slavko_curuvija_fondacija\/\",\"https:\/\/www.linkedin.com\/company\/slavko-curuvija-foundation\/\",\"https:\/\/www.youtube.com\/channel\/UCEDcWS1sfG6qvaiBvVJJVRQ\"]},{\"@type\":\"Person\",\"@id\":\"https:\/\/www.slavkocuruvijafondacija.rs\/#\/schema\/person\/d235fc303ee4385f0d60f7be176eb741\",\"name\":\"Vojin Mitrovic\",\"image\":{\"@type\":\"ImageObject\",\"inLanguage\":\"en-US\",\"@id\":\"https:\/\/www.slavkocuruvijafondacija.rs\/#\/schema\/person\/image\/\",\"url\":\"https:\/\/secure.gravatar.com\/avatar\/ac7796564557f0f54e187b1b171f1796a9afbb07e218a2a28395548648bd49e1?s=96&d=mm&r=g\",\"contentUrl\":\"https:\/\/secure.gravatar.com\/avatar\/ac7796564557f0f54e187b1b171f1796a9afbb07e218a2a28395548648bd49e1?s=96&d=mm&r=g\",\"caption\":\"Vojin Mitrovic\"},\"url\":\"https:\/\/www.slavkocuruvijafondacija.rs\/en\/author\/vojin\/\"}]}<\/script>\n<!-- \/ Yoast SEO plugin. -->","yoast_head_json":{"title":"Embassy of Denmark in Serbia and Slavko Curuvija Foundation launched \u201cAdvancing Media Freedom in Serbia\u201d project","robots":{"index":"index","follow":"follow","max-snippet":"max-snippet:-1","max-image-preview":"max-image-preview:large","max-video-preview":"max-video-preview:-1"},"canonical":"https:\/\/www.slavkocuruvijafondacija.rs\/en\/embassy-denmark-serbia-slavko-curuvija-foundation-launched-advancing-media-freedom-serbia-project\/","og_locale":"en_US","og_type":"article","og_title":"Embassy of Denmark in Serbia and Slavko Curuvija Foundation launched \u201cAdvancing Media Freedom in Serbia\u201d project","og_description":"Date: December 1, 2014 With the support from the Embassy of Denmark in Serbia, Slavko Curuvija Foundation (SCF) has just launched its \u201cAdvancing Media Freedom in Serbia\u201d project. Through this project, SCF will work on informing general public in Serbia about issues relevant to the freedom of media in Serbia \u2013 especially in regards to local media outlets. The main platform for this will be the \u201cCenzolovka\u201d website (www.cenzolovka.rs). The website, initially supported by the embassy of Australia in Serbia, [&hellip;]","og_url":"https:\/\/www.slavkocuruvijafondacija.rs\/en\/embassy-denmark-serbia-slavko-curuvija-foundation-launched-advancing-media-freedom-serbia-project\/","og_site_name":"Slavko \u0106uruvija fondacija","article_publisher":"https:\/\/www.facebook.com\/slavkocuruvijafondacija\/","article_published_time":"2014-12-12T15:20:59+00:00","article_modified_time":"2014-12-12T15:42:34+00:00","og_image":[{"width":900,"height":600,"url":"https:\/\/www.slavkocuruvijafondacija.rs\/wp-content\/uploads\/2021\/03\/SCF-Logo-900-600.jpg","type":"image\/jpeg"}],"author":"Vojin Mitrovic","twitter_card":"summary_large_image","twitter_creator":"@scfondacija","twitter_site":"@scfondacija","twitter_misc":{"Written by":"Vojin Mitrovic","Est. reading time":"1 minute"},"schema":{"@context":"https:\/\/schema.org","@graph":[{"@type":"Article","@id":"https:\/\/www.slavkocuruvijafondacija.rs\/en\/embassy-denmark-serbia-slavko-curuvija-foundation-launched-advancing-media-freedom-serbia-project\/#article","isPartOf":{"@id":"https:\/\/www.slavkocuruvijafondacija.rs\/en\/embassy-denmark-serbia-slavko-curuvija-foundation-launched-advancing-media-freedom-serbia-project\/"},"author":{"name":"Vojin Mitrovic","@id":"https:\/\/www.slavkocuruvijafondacija.rs\/#\/schema\/person\/d235fc303ee4385f0d60f7be176eb741"},"headline":"Embassy of Denmark in Serbia and Slavko Curuvija Foundation launched \u201cAdvancing Media Freedom in Serbia\u201d project","datePublished":"2014-12-12T15:20:59+00:00","dateModified":"2014-12-12T15:42:34+00:00","mainEntityOfPage":{"@id":"https:\/\/www.slavkocuruvijafondacija.rs\/en\/embassy-denmark-serbia-slavko-curuvija-foundation-launched-advancing-media-freedom-serbia-project\/"},"wordCount":164,"publisher":{"@id":"https:\/\/www.slavkocuruvijafondacija.rs\/#organization"},"image":{"@id":"https:\/\/www.slavkocuruvijafondacija.rs\/en\/embassy-denmark-serbia-slavko-curuvija-foundation-launched-advancing-media-freedom-serbia-project\/#primaryimage"},"thumbnailUrl":"https:\/\/www.slavkocuruvijafondacija.rs\/wp-content\/uploads\/2014\/12\/cenzolovkainvert2.bmp","articleSection":["News"],"inLanguage":"en-US"},{"@type":"WebPage","@id":"https:\/\/www.slavkocuruvijafondacija.rs\/en\/embassy-denmark-serbia-slavko-curuvija-foundation-launched-advancing-media-freedom-serbia-project\/","url":"https:\/\/www.slavkocuruvijafondacija.rs\/en\/embassy-denmark-serbia-slavko-curuvija-foundation-launched-advancing-media-freedom-serbia-project\/","name":"Embassy of Denmark in Serbia and Slavko Curuvija Foundation launched \u201cAdvancing Media Freedom in Serbia\u201d project","isPartOf":{"@id":"https:\/\/www.slavkocuruvijafondacija.rs\/#website"},"primaryImageOfPage":{"@id":"https:\/\/www.slavkocuruvijafondacija.rs\/en\/embassy-denmark-serbia-slavko-curuvija-foundation-launched-advancing-media-freedom-serbia-project\/#primaryimage"},"image":{"@id":"https:\/\/www.slavkocuruvijafondacija.rs\/en\/embassy-denmark-serbia-slavko-curuvija-foundation-launched-advancing-media-freedom-serbia-project\/#primaryimage"},"thumbnailUrl":"https:\/\/www.slavkocuruvijafondacija.rs\/wp-content\/uploads\/2014\/12\/cenzolovkainvert2.bmp","datePublished":"2014-12-12T15:20:59+00:00","dateModified":"2014-12-12T15:42:34+00:00","inLanguage":"en-US","potentialAction":[{"@type":"ReadAction","target":["https:\/\/www.slavkocuruvijafondacija.rs\/en\/embassy-denmark-serbia-slavko-curuvija-foundation-launched-advancing-media-freedom-serbia-project\/"]}]},{"@type":"ImageObject","inLanguage":"en-US","@id":"https:\/\/www.slavkocuruvijafondacija.rs\/en\/embassy-denmark-serbia-slavko-curuvija-foundation-launched-advancing-media-freedom-serbia-project\/#primaryimage","url":"https:\/\/www.slavkocuruvijafondacija.rs\/wp-content\/uploads\/2014\/12\/cenzolovkainvert2.bmp","contentUrl":"https:\/\/www.slavkocuruvijafondacija.rs\/wp-content\/uploads\/2014\/12\/cenzolovkainvert2.bmp","width":1795,"height":966},{"@type":"WebSite","@id":"https:\/\/www.slavkocuruvijafondacija.rs\/#website","url":"https:\/\/www.slavkocuruvijafondacija.rs\/","name":"Slavko \u0106uruvija fondacija","description":"Slavko \u0106uruvija fondacija (S\u0106F) radi na promociji i unapre\u0111enju slobodnih, nezavisnih i odgovornih medija u Srbiji.","publisher":{"@id":"https:\/\/www.slavkocuruvijafondacija.rs\/#organization"},"potentialAction":[{"@type":"SearchAction","target":{"@type":"EntryPoint","urlTemplate":"https:\/\/www.slavkocuruvijafondacija.rs\/?s={search_term_string}"},"query-input":{"@type":"PropertyValueSpecification","valueRequired":true,"valueName":"search_term_string"}}],"inLanguage":"en-US"},{"@type":"Organization","@id":"https:\/\/www.slavkocuruvijafondacija.rs\/#organization","name":"Slavko Curuvija Foundation","url":"https:\/\/www.slavkocuruvijafondacija.rs\/","logo":{"@type":"ImageObject","inLanguage":"en-US","@id":"https:\/\/www.slavkocuruvijafondacija.rs\/#\/schema\/logo\/image\/","url":"https:\/\/www.slavkocuruvijafondacija.rs\/wp-content\/uploads\/2021\/03\/SCF-Logo-900-600.jpg","contentUrl":"https:\/\/www.slavkocuruvijafondacija.rs\/wp-content\/uploads\/2021\/03\/SCF-Logo-900-600.jpg","width":900,"height":600,"caption":"Slavko Curuvija Foundation"},"image":{"@id":"https:\/\/www.slavkocuruvijafondacija.rs\/#\/schema\/logo\/image\/"},"sameAs":["https:\/\/www.facebook.com\/slavkocuruvijafondacija\/","https:\/\/x.com\/scfondacija","https:\/\/www.instagram.com\/slavko_curuvija_fondacija\/","https:\/\/www.linkedin.com\/company\/slavko-curuvija-foundation\/","https:\/\/www.youtube.com\/channel\/UCEDcWS1sfG6qvaiBvVJJVRQ"]},{"@type":"Person","@id":"https:\/\/www.slavkocuruvijafondacija.rs\/#\/schema\/person\/d235fc303ee4385f0d60f7be176eb741","name":"Vojin Mitrovic","image":{"@type":"ImageObject","inLanguage":"en-US","@id":"https:\/\/www.slavkocuruvijafondacija.rs\/#\/schema\/person\/image\/","url":"https:\/\/secure.gravatar.com\/avatar\/ac7796564557f0f54e187b1b171f1796a9afbb07e218a2a28395548648bd49e1?s=96&d=mm&r=g","contentUrl":"https:\/\/secure.gravatar.com\/avatar\/ac7796564557f0f54e187b1b171f1796a9afbb07e218a2a28395548648bd49e1?s=96&d=mm&r=g","caption":"Vojin Mitrovic"},"url":"https:\/\/www.slavkocuruvijafondacija.rs\/en\/author\/vojin\/"}]}},"_links":{"self":[{"href":"https:\/\/www.slavkocuruvijafondacija.rs\/en\/wp-json\/wp\/v2\/posts\/696","targetHints":{"allow":["GET"]}}],"collection":[{"href":"https:\/\/www.slavkocuruvijafondacija.rs\/en\/wp-json\/wp\/v2\/posts"}],"about":[{"href":"https:\/\/www.slavkocuruvijafondacija.rs\/en\/wp-json\/wp\/v2\/types\/post"}],"author":[{"embeddable":true,"href":"https:\/\/www.slavkocuruvijafondacija.rs\/en\/wp-json\/wp\/v2\/users\/4"}],"replies":[{"embeddable":true,"href":"https:\/\/www.slavkocuruvijafondacija.rs\/en\/wp-json\/wp\/v2\/comments?post=696"}],"version-history":[{"count":2,"href":"https:\/\/www.slavkocuruvijafondacija.rs\/en\/wp-json\/wp\/v2\/posts\/696\/revisions"}],"predecessor-version":[{"id":698,"href":"https:\/\/www.slavkocuruvijafondacija.rs\/en\/wp-json\/wp\/v2\/posts\/696\/revisions\/698"}],"wp:featuredmedia":[{"embeddable":true,"href":"https:\/\/www.slavkocuruvijafondacija.rs\/en\/wp-json\/wp\/v2\/media\/700"}],"wp:attachment":[{"href":"https:\/\/www.slavkocuruvijafondacija.rs\/en\/wp-json\/wp\/v2\/media?parent=696"}],"wp:term":[{"taxonomy":"category","embeddable":true,"href":"https:\/\/www.slavkocuruvijafondacija.rs\/en\/wp-json\/wp\/v2\/categories?post=696"},{"taxonomy":"post_tag","embeddable":true,"href":"https:\/\/www.slavkocuruvijafondacija.rs\/en\/wp-json\/wp\/v2\/tags?post=696"}],"curies":[{"name":"wp","href":"https:\/\/api.w.org\/{rel}","templated":true}]}}