{"id":6897,"date":"2021-11-09T12:24:42","date_gmt":"2021-11-09T11:24:42","guid":{"rendered":"https:\/\/www.slavkocuruvijafondacija.rs\/?p=6897"},"modified":"2021-11-12T12:26:02","modified_gmt":"2021-11-12T11:26:02","slug":"we-condemn-the-arrest-of-peace-activists-aida-corovic-and-jelena-jacimovic","status":"publish","type":"post","link":"https:\/\/www.slavkocuruvijafondacija.rs\/en\/we-condemn-the-arrest-of-peace-activists-aida-corovic-and-jelena-jacimovic\/","title":{"rendered":"WE CONDEMN THE ARREST OF PEACE ACTIVISTS AIDA \u0106OROVI\u0106 AND JELENA JA\u0106IMOVI\u0106"},"content":{"rendered":"<p>November 9, 2021<\/p>\n<hr \/>\n<h2>Organizations gathered around the Three Freedoms Platform strongly condemn the arrest of peace activists Aida \u0106orovi\u0107 and Jelena Ja\u0107imovi\u0107, who were brutally detained by plainclothes police while protesting against the mural of convicted war criminal Ratko Mladi\u0107. On International Day Against Fascism and Antisemitism, the arrest of human rights activists and taking the side of convicted war criminals shows the true political orientation of the authorities in Serbia.<\/h2>\n<p>We remind you that a gathering organized by the Youth Initiative for Human Rights in order to remove the mural of Ratko Mladi\u0107 was <a href=\"https:\/\/www.yihr.rs\/bhs\/zabranom-skupa-za-9-novembar-mup-srbije-brani-zlocinca-mladica\/?fbclid=IwAR3ZShjdE4PjbPOAR14r5rj8reDa8hMPAPCMnVFmdBKURxdZ5Ko4Xrp1Uyo\">illegally banned<\/a> by the Ministry of Internal Affairs due to alleged danger to the safety of people and property. Minister Aleksandar Vulin then issued a <a href=\"http:\/\/www.mup.gov.rs\/wps\/portal\/sr\/aktuelno\/aktivnosti\/f07bfff2-6c18-40a6-b256-300d50f9766a\">statement<\/a> in which he characterized the planned removal as &#8220;hypocritical, vile and driven by evil intentions&#8221;. On the day of the originally scheduled protest, and according to eyewitnesses, members of the Ministry of the Interior <a href=\"https:\/\/rs.n1info.com\/vesti\/policija-u-njegosevoj-preko-puta-murala-mladicu-legitimise-one-koji-se-zaustave\/\">stopped and identified<\/a> citizens who found themselves in the immediate vicinity of the mural.<\/p>\n<p>We remind you that the <a href=\"https:\/\/www.amnesty.org\/en\/documents\/EUR70\/012\/2007\/en\/\">arrest<\/a> of Maja Stojanovi\u0107, now the executive director of Civic Initiatives, which took place 14 years ago after a similar action against Ratko Mladi\u0107, ended with her being declared a prisoner of conscience by Amnesty International, and the President of Serbia paying the then imposed misdemeanor fine. The repetition of such catastrophic mistakes by Serbian authorities represents a step backwards, and shows that Serbia is moving in the direction of celebrating crimes, not democratization.<\/p>\n<p><strong>In its <\/strong><a href=\"http:\/\/www.mup.gov.rs\/wps\/portal\/sr\/!ut\/p\/z1\/dYzBCoJAFEU_JlzmeymYthMUI40oF9rbDGNMo2QzMk4JfX1Cq6Du7lzOvUBQAyn-7CS3nVa8n_lMATtE-2CVoZdnQephfFxHSZ6GfrhFqICAZgX_JEbYAcleN5-3WDV-KIGMuAojjPswc91aO4wbBx2cpsmVWsteuBd9d_DXpNWjhfrbhHI07FSyRcGtguGmXoWolm_WYM0z\/?1dmy&amp;urile=wcm%3apath%3a%2Fpublic_latin%2Fpocetna%2Faktuelno%2Fsaopstenja%2Fa2fbe481-7fef-4936-a05d-dd39412b807d\"><strong>statement<\/strong><\/a><strong>, the Ministry of the Interior stated that &#8220;there are many who would like to see pictures of broken Serb heads coming from Belgrade.&#8221; Instead, tonight in Belgrade, we are witnessing a brutal demonstration of force against peace activists by non-uniformed persons, in order to defend the politics of war-mongering.<\/strong><\/p>\n<ol>\n<li>Civic Initiatives<\/li>\n<li>Youth Initiative for Human Rights<\/li>\n<li>Center for Cultural Decontamination<\/li>\n<li>Initiative for Social and Economic Rights &#8211; A11<\/li>\n<li>Belgrade Center for Security Policy<\/li>\n<li>Trag Foundation<\/li>\n<li>Slavko Curuvija Foundation<\/li>\n<li>Helsinki Committee for Human Rights in Serbia<\/li>\n<li>Belgrade Center for Human Rights<\/li>\n<li>Partners Serbia<\/li>\n<li>Lawyers\u2019 Committee for Human Rights &#8211; YUCOM<\/li>\n<li>Women in Black<\/li>\n<li>Autonomous Women\u2019s Center<\/li>\n<li>New Optimism<\/li>\n<li>Policy Center<\/li>\n<li>Serbia on the Move<\/li>\n<li>Center for Research, Transparency and Accountability &#8211; CRTA<\/li>\n<li>Our Endowment (Na\u0161a zadu\u017ebina)<\/li>\n<li>Catalyst Balkans<\/li>\n<li>National Coalition for Decentralization<\/li>\n<li>Transparency Serbia<\/li>\n<\/ol>\n","protected":false},"excerpt":{"rendered":"<p>November 9, 2021 Organizations gathered around the Three Freedoms Platform strongly condemn the arrest of peace activists Aida \u0106orovi\u0107 and Jelena Ja\u0107imovi\u0107, who were brutally detained by plainclothes police while protesting against the mural of convicted war criminal Ratko Mladi\u0107. On International Day Against Fascism and Antisemitism, the arrest of human rights activists and taking the side of convicted war criminals shows the true political orientation of the authorities in Serbia. We remind you that a gathering organized by the [&hellip;]<\/p>\n","protected":false},"author":4,"featured_media":6894,"comment_status":"closed","ping_status":"open","sticky":false,"template":"","format":"standard","meta":{"footnotes":""},"categories":[8],"tags":[55],"class_list":["post-6897","post","type-post","status-publish","format-standard","has-post-thumbnail","hentry","category-content-en","tag-slavko-curuvija-foundation"],"yoast_head":"<!-- This site is optimized with the Yoast SEO plugin v25.6 - https:\/\/yoast.com\/wordpress\/plugins\/seo\/ -->\n<title>WE CONDEMN THE ARREST OF PEACE ACTIVISTS AIDA \u0106OROVI\u0106 AND JELENA JA\u0106IMOVI\u0106<\/title>\n<meta name=\"robots\" content=\"index, follow, max-snippet:-1, max-image-preview:large, max-video-preview:-1\" \/>\n<link rel=\"canonical\" href=\"https:\/\/www.slavkocuruvijafondacija.rs\/en\/we-condemn-the-arrest-of-peace-activists-aida-corovic-and-jelena-jacimovic\/\" \/>\n<meta property=\"og:locale\" content=\"en_US\" \/>\n<meta property=\"og:type\" content=\"article\" \/>\n<meta property=\"og:title\" content=\"WE CONDEMN THE ARREST OF PEACE ACTIVISTS AIDA \u0106OROVI\u0106 AND JELENA JA\u0106IMOVI\u0106\" \/>\n<meta property=\"og:description\" content=\"November 9, 2021 Organizations gathered around the Three Freedoms Platform strongly condemn the arrest of peace activists Aida \u0106orovi\u0107 and Jelena Ja\u0107imovi\u0107, who were brutally detained by plainclothes police while protesting against the mural of convicted war criminal Ratko Mladi\u0107. On International Day Against Fascism and Antisemitism, the arrest of human rights activists and taking the side of convicted war criminals shows the true political orientation of the authorities in Serbia. We remind you that a gathering organized by the [&hellip;]\" \/>\n<meta property=\"og:url\" content=\"https:\/\/www.slavkocuruvijafondacija.rs\/en\/we-condemn-the-arrest-of-peace-activists-aida-corovic-and-jelena-jacimovic\/\" \/>\n<meta property=\"og:site_name\" content=\"Slavko \u0106uruvija fondacija\" \/>\n<meta property=\"article:publisher\" content=\"https:\/\/www.facebook.com\/slavkocuruvijafondacija\/\" \/>\n<meta property=\"article:published_time\" content=\"2021-11-09T11:24:42+00:00\" \/>\n<meta property=\"article:modified_time\" content=\"2021-11-12T11:26:02+00:00\" \/>\n<meta property=\"og:image\" content=\"https:\/\/www.slavkocuruvijafondacija.rs\/wp-content\/uploads\/2021\/11\/Screenshot_20211109-1927563682.jpg\" \/>\n\t<meta property=\"og:image:width\" content=\"1080\" \/>\n\t<meta property=\"og:image:height\" content=\"726\" \/>\n\t<meta property=\"og:image:type\" content=\"image\/jpeg\" \/>\n<meta name=\"author\" content=\"Vojin Mitrovic\" \/>\n<meta name=\"twitter:card\" content=\"summary_large_image\" \/>\n<meta name=\"twitter:creator\" content=\"@scfondacija\" \/>\n<meta name=\"twitter:site\" content=\"@scfondacija\" \/>\n<meta name=\"twitter:label1\" content=\"Written by\" \/>\n\t<meta name=\"twitter:data1\" content=\"Vojin Mitrovic\" \/>\n\t<meta name=\"twitter:label2\" content=\"Est. reading time\" \/>\n\t<meta name=\"twitter:data2\" content=\"2 minutes\" \/>\n<script type=\"application\/ld+json\" class=\"yoast-schema-graph\">{\"@context\":\"https:\/\/schema.org\",\"@graph\":[{\"@type\":\"Article\",\"@id\":\"https:\/\/www.slavkocuruvijafondacija.rs\/en\/we-condemn-the-arrest-of-peace-activists-aida-corovic-and-jelena-jacimovic\/#article\",\"isPartOf\":{\"@id\":\"https:\/\/www.slavkocuruvijafondacija.rs\/en\/we-condemn-the-arrest-of-peace-activists-aida-corovic-and-jelena-jacimovic\/\"},\"author\":{\"name\":\"Vojin Mitrovic\",\"@id\":\"https:\/\/www.slavkocuruvijafondacija.rs\/#\/schema\/person\/d235fc303ee4385f0d60f7be176eb741\"},\"headline\":\"WE CONDEMN THE ARREST OF PEACE ACTIVISTS AIDA \u0106OROVI\u0106 AND JELENA JA\u0106IMOVI\u0106\",\"datePublished\":\"2021-11-09T11:24:42+00:00\",\"dateModified\":\"2021-11-12T11:26:02+00:00\",\"mainEntityOfPage\":{\"@id\":\"https:\/\/www.slavkocuruvijafondacija.rs\/en\/we-condemn-the-arrest-of-peace-activists-aida-corovic-and-jelena-jacimovic\/\"},\"wordCount\":398,\"publisher\":{\"@id\":\"https:\/\/www.slavkocuruvijafondacija.rs\/#organization\"},\"image\":{\"@id\":\"https:\/\/www.slavkocuruvijafondacija.rs\/en\/we-condemn-the-arrest-of-peace-activists-aida-corovic-and-jelena-jacimovic\/#primaryimage\"},\"thumbnailUrl\":\"https:\/\/www.slavkocuruvijafondacija.rs\/wp-content\/uploads\/2021\/11\/Screenshot_20211109-1927563682.jpg\",\"keywords\":[\"Slavko \u0106uruvija Foundation\"],\"articleSection\":[\"News\"],\"inLanguage\":\"en-US\"},{\"@type\":\"WebPage\",\"@id\":\"https:\/\/www.slavkocuruvijafondacija.rs\/en\/we-condemn-the-arrest-of-peace-activists-aida-corovic-and-jelena-jacimovic\/\",\"url\":\"https:\/\/www.slavkocuruvijafondacija.rs\/en\/we-condemn-the-arrest-of-peace-activists-aida-corovic-and-jelena-jacimovic\/\",\"name\":\"WE CONDEMN THE ARREST OF PEACE ACTIVISTS AIDA \u0106OROVI\u0106 AND JELENA JA\u0106IMOVI\u0106\",\"isPartOf\":{\"@id\":\"https:\/\/www.slavkocuruvijafondacija.rs\/#website\"},\"primaryImageOfPage\":{\"@id\":\"https:\/\/www.slavkocuruvijafondacija.rs\/en\/we-condemn-the-arrest-of-peace-activists-aida-corovic-and-jelena-jacimovic\/#primaryimage\"},\"image\":{\"@id\":\"https:\/\/www.slavkocuruvijafondacija.rs\/en\/we-condemn-the-arrest-of-peace-activists-aida-corovic-and-jelena-jacimovic\/#primaryimage\"},\"thumbnailUrl\":\"https:\/\/www.slavkocuruvijafondacija.rs\/wp-content\/uploads\/2021\/11\/Screenshot_20211109-1927563682.jpg\",\"datePublished\":\"2021-11-09T11:24:42+00:00\",\"dateModified\":\"2021-11-12T11:26:02+00:00\",\"inLanguage\":\"en-US\",\"potentialAction\":[{\"@type\":\"ReadAction\",\"target\":[\"https:\/\/www.slavkocuruvijafondacija.rs\/en\/we-condemn-the-arrest-of-peace-activists-aida-corovic-and-jelena-jacimovic\/\"]}]},{\"@type\":\"ImageObject\",\"inLanguage\":\"en-US\",\"@id\":\"https:\/\/www.slavkocuruvijafondacija.rs\/en\/we-condemn-the-arrest-of-peace-activists-aida-corovic-and-jelena-jacimovic\/#primaryimage\",\"url\":\"https:\/\/www.slavkocuruvijafondacija.rs\/wp-content\/uploads\/2021\/11\/Screenshot_20211109-1927563682.jpg\",\"contentUrl\":\"https:\/\/www.slavkocuruvijafondacija.rs\/wp-content\/uploads\/2021\/11\/Screenshot_20211109-1927563682.jpg\",\"width\":1080,\"height\":726},{\"@type\":\"WebSite\",\"@id\":\"https:\/\/www.slavkocuruvijafondacija.rs\/#website\",\"url\":\"https:\/\/www.slavkocuruvijafondacija.rs\/\",\"name\":\"Slavko \u0106uruvija fondacija\",\"description\":\"Slavko \u0106uruvija fondacija (S\u0106F) radi na promociji i unapre\u0111enju slobodnih, nezavisnih i odgovornih medija u Srbiji.\",\"publisher\":{\"@id\":\"https:\/\/www.slavkocuruvijafondacija.rs\/#organization\"},\"potentialAction\":[{\"@type\":\"SearchAction\",\"target\":{\"@type\":\"EntryPoint\",\"urlTemplate\":\"https:\/\/www.slavkocuruvijafondacija.rs\/?s={search_term_string}\"},\"query-input\":{\"@type\":\"PropertyValueSpecification\",\"valueRequired\":true,\"valueName\":\"search_term_string\"}}],\"inLanguage\":\"en-US\"},{\"@type\":\"Organization\",\"@id\":\"https:\/\/www.slavkocuruvijafondacija.rs\/#organization\",\"name\":\"Slavko Curuvija Foundation\",\"url\":\"https:\/\/www.slavkocuruvijafondacija.rs\/\",\"logo\":{\"@type\":\"ImageObject\",\"inLanguage\":\"en-US\",\"@id\":\"https:\/\/www.slavkocuruvijafondacija.rs\/#\/schema\/logo\/image\/\",\"url\":\"https:\/\/www.slavkocuruvijafondacija.rs\/wp-content\/uploads\/2021\/03\/SCF-Logo-900-600.jpg\",\"contentUrl\":\"https:\/\/www.slavkocuruvijafondacija.rs\/wp-content\/uploads\/2021\/03\/SCF-Logo-900-600.jpg\",\"width\":900,\"height\":600,\"caption\":\"Slavko Curuvija Foundation\"},\"image\":{\"@id\":\"https:\/\/www.slavkocuruvijafondacija.rs\/#\/schema\/logo\/image\/\"},\"sameAs\":[\"https:\/\/www.facebook.com\/slavkocuruvijafondacija\/\",\"https:\/\/x.com\/scfondacija\",\"https:\/\/www.instagram.com\/slavko_curuvija_fondacija\/\",\"https:\/\/www.linkedin.com\/company\/slavko-curuvija-foundation\/\",\"https:\/\/www.youtube.com\/channel\/UCEDcWS1sfG6qvaiBvVJJVRQ\"]},{\"@type\":\"Person\",\"@id\":\"https:\/\/www.slavkocuruvijafondacija.rs\/#\/schema\/person\/d235fc303ee4385f0d60f7be176eb741\",\"name\":\"Vojin Mitrovic\",\"image\":{\"@type\":\"ImageObject\",\"inLanguage\":\"en-US\",\"@id\":\"https:\/\/www.slavkocuruvijafondacija.rs\/#\/schema\/person\/image\/\",\"url\":\"https:\/\/secure.gravatar.com\/avatar\/ac7796564557f0f54e187b1b171f1796a9afbb07e218a2a28395548648bd49e1?s=96&d=mm&r=g\",\"contentUrl\":\"https:\/\/secure.gravatar.com\/avatar\/ac7796564557f0f54e187b1b171f1796a9afbb07e218a2a28395548648bd49e1?s=96&d=mm&r=g\",\"caption\":\"Vojin Mitrovic\"},\"url\":\"https:\/\/www.slavkocuruvijafondacija.rs\/en\/author\/vojin\/\"}]}<\/script>\n<!-- \/ Yoast SEO plugin. -->","yoast_head_json":{"title":"WE CONDEMN THE ARREST OF PEACE ACTIVISTS AIDA \u0106OROVI\u0106 AND JELENA JA\u0106IMOVI\u0106","robots":{"index":"index","follow":"follow","max-snippet":"max-snippet:-1","max-image-preview":"max-image-preview:large","max-video-preview":"max-video-preview:-1"},"canonical":"https:\/\/www.slavkocuruvijafondacija.rs\/en\/we-condemn-the-arrest-of-peace-activists-aida-corovic-and-jelena-jacimovic\/","og_locale":"en_US","og_type":"article","og_title":"WE CONDEMN THE ARREST OF PEACE ACTIVISTS AIDA \u0106OROVI\u0106 AND JELENA JA\u0106IMOVI\u0106","og_description":"November 9, 2021 Organizations gathered around the Three Freedoms Platform strongly condemn the arrest of peace activists Aida \u0106orovi\u0107 and Jelena Ja\u0107imovi\u0107, who were brutally detained by plainclothes police while protesting against the mural of convicted war criminal Ratko Mladi\u0107. On International Day Against Fascism and Antisemitism, the arrest of human rights activists and taking the side of convicted war criminals shows the true political orientation of the authorities in Serbia. We remind you that a gathering organized by the [&hellip;]","og_url":"https:\/\/www.slavkocuruvijafondacija.rs\/en\/we-condemn-the-arrest-of-peace-activists-aida-corovic-and-jelena-jacimovic\/","og_site_name":"Slavko \u0106uruvija fondacija","article_publisher":"https:\/\/www.facebook.com\/slavkocuruvijafondacija\/","article_published_time":"2021-11-09T11:24:42+00:00","article_modified_time":"2021-11-12T11:26:02+00:00","og_image":[{"width":1080,"height":726,"url":"https:\/\/www.slavkocuruvijafondacija.rs\/wp-content\/uploads\/2021\/11\/Screenshot_20211109-1927563682.jpg","type":"image\/jpeg"}],"author":"Vojin Mitrovic","twitter_card":"summary_large_image","twitter_creator":"@scfondacija","twitter_site":"@scfondacija","twitter_misc":{"Written by":"Vojin Mitrovic","Est. reading time":"2 minutes"},"schema":{"@context":"https:\/\/schema.org","@graph":[{"@type":"Article","@id":"https:\/\/www.slavkocuruvijafondacija.rs\/en\/we-condemn-the-arrest-of-peace-activists-aida-corovic-and-jelena-jacimovic\/#article","isPartOf":{"@id":"https:\/\/www.slavkocuruvijafondacija.rs\/en\/we-condemn-the-arrest-of-peace-activists-aida-corovic-and-jelena-jacimovic\/"},"author":{"name":"Vojin Mitrovic","@id":"https:\/\/www.slavkocuruvijafondacija.rs\/#\/schema\/person\/d235fc303ee4385f0d60f7be176eb741"},"headline":"WE CONDEMN THE ARREST OF PEACE ACTIVISTS AIDA \u0106OROVI\u0106 AND JELENA JA\u0106IMOVI\u0106","datePublished":"2021-11-09T11:24:42+00:00","dateModified":"2021-11-12T11:26:02+00:00","mainEntityOfPage":{"@id":"https:\/\/www.slavkocuruvijafondacija.rs\/en\/we-condemn-the-arrest-of-peace-activists-aida-corovic-and-jelena-jacimovic\/"},"wordCount":398,"publisher":{"@id":"https:\/\/www.slavkocuruvijafondacija.rs\/#organization"},"image":{"@id":"https:\/\/www.slavkocuruvijafondacija.rs\/en\/we-condemn-the-arrest-of-peace-activists-aida-corovic-and-jelena-jacimovic\/#primaryimage"},"thumbnailUrl":"https:\/\/www.slavkocuruvijafondacija.rs\/wp-content\/uploads\/2021\/11\/Screenshot_20211109-1927563682.jpg","keywords":["Slavko \u0106uruvija Foundation"],"articleSection":["News"],"inLanguage":"en-US"},{"@type":"WebPage","@id":"https:\/\/www.slavkocuruvijafondacija.rs\/en\/we-condemn-the-arrest-of-peace-activists-aida-corovic-and-jelena-jacimovic\/","url":"https:\/\/www.slavkocuruvijafondacija.rs\/en\/we-condemn-the-arrest-of-peace-activists-aida-corovic-and-jelena-jacimovic\/","name":"WE CONDEMN THE ARREST OF PEACE ACTIVISTS AIDA \u0106OROVI\u0106 AND JELENA JA\u0106IMOVI\u0106","isPartOf":{"@id":"https:\/\/www.slavkocuruvijafondacija.rs\/#website"},"primaryImageOfPage":{"@id":"https:\/\/www.slavkocuruvijafondacija.rs\/en\/we-condemn-the-arrest-of-peace-activists-aida-corovic-and-jelena-jacimovic\/#primaryimage"},"image":{"@id":"https:\/\/www.slavkocuruvijafondacija.rs\/en\/we-condemn-the-arrest-of-peace-activists-aida-corovic-and-jelena-jacimovic\/#primaryimage"},"thumbnailUrl":"https:\/\/www.slavkocuruvijafondacija.rs\/wp-content\/uploads\/2021\/11\/Screenshot_20211109-1927563682.jpg","datePublished":"2021-11-09T11:24:42+00:00","dateModified":"2021-11-12T11:26:02+00:00","inLanguage":"en-US","potentialAction":[{"@type":"ReadAction","target":["https:\/\/www.slavkocuruvijafondacija.rs\/en\/we-condemn-the-arrest-of-peace-activists-aida-corovic-and-jelena-jacimovic\/"]}]},{"@type":"ImageObject","inLanguage":"en-US","@id":"https:\/\/www.slavkocuruvijafondacija.rs\/en\/we-condemn-the-arrest-of-peace-activists-aida-corovic-and-jelena-jacimovic\/#primaryimage","url":"https:\/\/www.slavkocuruvijafondacija.rs\/wp-content\/uploads\/2021\/11\/Screenshot_20211109-1927563682.jpg","contentUrl":"https:\/\/www.slavkocuruvijafondacija.rs\/wp-content\/uploads\/2021\/11\/Screenshot_20211109-1927563682.jpg","width":1080,"height":726},{"@type":"WebSite","@id":"https:\/\/www.slavkocuruvijafondacija.rs\/#website","url":"https:\/\/www.slavkocuruvijafondacija.rs\/","name":"Slavko \u0106uruvija fondacija","description":"Slavko \u0106uruvija fondacija (S\u0106F) radi na promociji i unapre\u0111enju slobodnih, nezavisnih i odgovornih medija u Srbiji.","publisher":{"@id":"https:\/\/www.slavkocuruvijafondacija.rs\/#organization"},"potentialAction":[{"@type":"SearchAction","target":{"@type":"EntryPoint","urlTemplate":"https:\/\/www.slavkocuruvijafondacija.rs\/?s={search_term_string}"},"query-input":{"@type":"PropertyValueSpecification","valueRequired":true,"valueName":"search_term_string"}}],"inLanguage":"en-US"},{"@type":"Organization","@id":"https:\/\/www.slavkocuruvijafondacija.rs\/#organization","name":"Slavko Curuvija Foundation","url":"https:\/\/www.slavkocuruvijafondacija.rs\/","logo":{"@type":"ImageObject","inLanguage":"en-US","@id":"https:\/\/www.slavkocuruvijafondacija.rs\/#\/schema\/logo\/image\/","url":"https:\/\/www.slavkocuruvijafondacija.rs\/wp-content\/uploads\/2021\/03\/SCF-Logo-900-600.jpg","contentUrl":"https:\/\/www.slavkocuruvijafondacija.rs\/wp-content\/uploads\/2021\/03\/SCF-Logo-900-600.jpg","width":900,"height":600,"caption":"Slavko Curuvija Foundation"},"image":{"@id":"https:\/\/www.slavkocuruvijafondacija.rs\/#\/schema\/logo\/image\/"},"sameAs":["https:\/\/www.facebook.com\/slavkocuruvijafondacija\/","https:\/\/x.com\/scfondacija","https:\/\/www.instagram.com\/slavko_curuvija_fondacija\/","https:\/\/www.linkedin.com\/company\/slavko-curuvija-foundation\/","https:\/\/www.youtube.com\/channel\/UCEDcWS1sfG6qvaiBvVJJVRQ"]},{"@type":"Person","@id":"https:\/\/www.slavkocuruvijafondacija.rs\/#\/schema\/person\/d235fc303ee4385f0d60f7be176eb741","name":"Vojin Mitrovic","image":{"@type":"ImageObject","inLanguage":"en-US","@id":"https:\/\/www.slavkocuruvijafondacija.rs\/#\/schema\/person\/image\/","url":"https:\/\/secure.gravatar.com\/avatar\/ac7796564557f0f54e187b1b171f1796a9afbb07e218a2a28395548648bd49e1?s=96&d=mm&r=g","contentUrl":"https:\/\/secure.gravatar.com\/avatar\/ac7796564557f0f54e187b1b171f1796a9afbb07e218a2a28395548648bd49e1?s=96&d=mm&r=g","caption":"Vojin Mitrovic"},"url":"https:\/\/www.slavkocuruvijafondacija.rs\/en\/author\/vojin\/"}]}},"_links":{"self":[{"href":"https:\/\/www.slavkocuruvijafondacija.rs\/en\/wp-json\/wp\/v2\/posts\/6897","targetHints":{"allow":["GET"]}}],"collection":[{"href":"https:\/\/www.slavkocuruvijafondacija.rs\/en\/wp-json\/wp\/v2\/posts"}],"about":[{"href":"https:\/\/www.slavkocuruvijafondacija.rs\/en\/wp-json\/wp\/v2\/types\/post"}],"author":[{"embeddable":true,"href":"https:\/\/www.slavkocuruvijafondacija.rs\/en\/wp-json\/wp\/v2\/users\/4"}],"replies":[{"embeddable":true,"href":"https:\/\/www.slavkocuruvijafondacija.rs\/en\/wp-json\/wp\/v2\/comments?post=6897"}],"version-history":[{"count":1,"href":"https:\/\/www.slavkocuruvijafondacija.rs\/en\/wp-json\/wp\/v2\/posts\/6897\/revisions"}],"predecessor-version":[{"id":6898,"href":"https:\/\/www.slavkocuruvijafondacija.rs\/en\/wp-json\/wp\/v2\/posts\/6897\/revisions\/6898"}],"wp:featuredmedia":[{"embeddable":true,"href":"https:\/\/www.slavkocuruvijafondacija.rs\/en\/wp-json\/wp\/v2\/media\/6894"}],"wp:attachment":[{"href":"https:\/\/www.slavkocuruvijafondacija.rs\/en\/wp-json\/wp\/v2\/media?parent=6897"}],"wp:term":[{"taxonomy":"category","embeddable":true,"href":"https:\/\/www.slavkocuruvijafondacija.rs\/en\/wp-json\/wp\/v2\/categories?post=6897"},{"taxonomy":"post_tag","embeddable":true,"href":"https:\/\/www.slavkocuruvijafondacija.rs\/en\/wp-json\/wp\/v2\/tags?post=6897"}],"curies":[{"name":"wp","href":"https:\/\/api.w.org\/{rel}","templated":true}]}}