{"id":6739,"date":"2021-08-02T18:02:41","date_gmt":"2021-08-02T16:02:41","guid":{"rendered":"https:\/\/www.slavkocuruvijafondacija.rs\/?p=6739"},"modified":"2021-08-02T18:02:41","modified_gmt":"2021-08-02T16:02:41","slug":"prosecution-dealing-with-46-attacks-on-journalists-in-first-half-2021-alone","status":"publish","type":"post","link":"https:\/\/www.slavkocuruvijafondacija.rs\/en\/prosecution-dealing-with-46-attacks-on-journalists-in-first-half-2021-alone\/","title":{"rendered":"Prosecution dealing with 46 attacks on journalists in first half 2021 alone"},"content":{"rendered":"<p>August 2, 2021<\/p>\n<hr \/>\n<h2>Prosecutor&#8217;s offices in Serbia have established 46 cases on the basis of criminal charges filed in response to attacks against journalists in the first half of 2021 alone, compared to a total of just 56 such cases throughout the whole of 2020.<\/h2>\n<p>According to statistics published by the Standing Working Group for the Safety of Journalists, prosecutors resolved 15 cases of attacks against journalists in the first half of 2021. However, as many as 14 of those 15 cases were resolved in such a way that the prosecution issued a decision rejecting the criminal charges or compiling an official note that stated \u201cthere are no grounds to initiate criminal proceedings\u201d.<\/p>\n<p>Nonetheless, Branko Stamenkovi\u0107, deputy public prosecutor and head of the Special Prosecution Office for High Tech Crime, believes that the statistical data show that \u201cthe security situation of journalists [in Serbia] is good\u201d. He stresses that there has been a downward trend in attacks against journalists on a monthly basis since the start of this year.<\/p>\n","protected":false},"excerpt":{"rendered":"<p>August 2, 2021 Prosecutor&#8217;s offices in Serbia have established 46 cases on the basis of criminal charges filed in response to attacks against journalists in the first half of 2021 alone, compared to a total of just 56 such cases throughout the whole of 2020. According to statistics published by the Standing Working Group for the Safety of Journalists, prosecutors resolved 15 cases of attacks against journalists in the first half of 2021. However, as many as 14 of those [&hellip;]<\/p>\n","protected":false},"author":4,"featured_media":4092,"comment_status":"closed","ping_status":"open","sticky":false,"template":"","format":"standard","meta":{"footnotes":""},"categories":[8],"tags":[],"class_list":["post-6739","post","type-post","status-publish","format-standard","has-post-thumbnail","hentry","category-content-en"],"yoast_head":"<!-- This site is optimized with the Yoast SEO plugin v25.6 - https:\/\/yoast.com\/wordpress\/plugins\/seo\/ -->\n<title>Prosecution dealing with 46 attacks on journalists in first half 2021 alone<\/title>\n<meta name=\"robots\" content=\"index, follow, max-snippet:-1, max-image-preview:large, max-video-preview:-1\" \/>\n<link rel=\"canonical\" href=\"https:\/\/www.slavkocuruvijafondacija.rs\/en\/prosecution-dealing-with-46-attacks-on-journalists-in-first-half-2021-alone\/\" \/>\n<meta property=\"og:locale\" content=\"en_US\" \/>\n<meta property=\"og:type\" content=\"article\" \/>\n<meta property=\"og:title\" content=\"Prosecution dealing with 46 attacks on journalists in first half 2021 alone\" \/>\n<meta property=\"og:description\" content=\"August 2, 2021 Prosecutor&#8217;s offices in Serbia have established 46 cases on the basis of criminal charges filed in response to attacks against journalists in the first half of 2021 alone, compared to a total of just 56 such cases throughout the whole of 2020. According to statistics published by the Standing Working Group for the Safety of Journalists, prosecutors resolved 15 cases of attacks against journalists in the first half of 2021. However, as many as 14 of those [&hellip;]\" \/>\n<meta property=\"og:url\" content=\"https:\/\/www.slavkocuruvijafondacija.rs\/en\/prosecution-dealing-with-46-attacks-on-journalists-in-first-half-2021-alone\/\" \/>\n<meta property=\"og:site_name\" content=\"Slavko \u0106uruvija fondacija\" \/>\n<meta property=\"article:publisher\" content=\"https:\/\/www.facebook.com\/slavkocuruvijafondacija\/\" \/>\n<meta property=\"article:published_time\" content=\"2021-08-02T16:02:41+00:00\" \/>\n<meta property=\"og:image\" content=\"https:\/\/www.slavkocuruvijafondacija.rs\/wp-content\/uploads\/2017\/04\/sud_cekic_flickr.jpg\" \/>\n\t<meta property=\"og:image:width\" content=\"900\" \/>\n\t<meta property=\"og:image:height\" content=\"675\" \/>\n\t<meta property=\"og:image:type\" content=\"image\/jpeg\" \/>\n<meta name=\"author\" content=\"Vojin Mitrovic\" \/>\n<meta name=\"twitter:card\" content=\"summary_large_image\" \/>\n<meta name=\"twitter:creator\" content=\"@scfondacija\" \/>\n<meta name=\"twitter:site\" content=\"@scfondacija\" \/>\n<meta name=\"twitter:label1\" content=\"Written by\" \/>\n\t<meta name=\"twitter:data1\" content=\"Vojin Mitrovic\" \/>\n\t<meta name=\"twitter:label2\" content=\"Est. reading time\" \/>\n\t<meta name=\"twitter:data2\" content=\"1 minute\" \/>\n<script type=\"application\/ld+json\" class=\"yoast-schema-graph\">{\"@context\":\"https:\/\/schema.org\",\"@graph\":[{\"@type\":\"Article\",\"@id\":\"https:\/\/www.slavkocuruvijafondacija.rs\/en\/prosecution-dealing-with-46-attacks-on-journalists-in-first-half-2021-alone\/#article\",\"isPartOf\":{\"@id\":\"https:\/\/www.slavkocuruvijafondacija.rs\/en\/prosecution-dealing-with-46-attacks-on-journalists-in-first-half-2021-alone\/\"},\"author\":{\"name\":\"Vojin Mitrovic\",\"@id\":\"https:\/\/www.slavkocuruvijafondacija.rs\/#\/schema\/person\/d235fc303ee4385f0d60f7be176eb741\"},\"headline\":\"Prosecution dealing with 46 attacks on journalists in first half 2021 alone\",\"datePublished\":\"2021-08-02T16:02:41+00:00\",\"mainEntityOfPage\":{\"@id\":\"https:\/\/www.slavkocuruvijafondacija.rs\/en\/prosecution-dealing-with-46-attacks-on-journalists-in-first-half-2021-alone\/\"},\"wordCount\":170,\"publisher\":{\"@id\":\"https:\/\/www.slavkocuruvijafondacija.rs\/#organization\"},\"image\":{\"@id\":\"https:\/\/www.slavkocuruvijafondacija.rs\/en\/prosecution-dealing-with-46-attacks-on-journalists-in-first-half-2021-alone\/#primaryimage\"},\"thumbnailUrl\":\"https:\/\/www.slavkocuruvijafondacija.rs\/wp-content\/uploads\/2017\/04\/sud_cekic_flickr.jpg\",\"articleSection\":[\"News\"],\"inLanguage\":\"en-US\"},{\"@type\":\"WebPage\",\"@id\":\"https:\/\/www.slavkocuruvijafondacija.rs\/en\/prosecution-dealing-with-46-attacks-on-journalists-in-first-half-2021-alone\/\",\"url\":\"https:\/\/www.slavkocuruvijafondacija.rs\/en\/prosecution-dealing-with-46-attacks-on-journalists-in-first-half-2021-alone\/\",\"name\":\"Prosecution dealing with 46 attacks on journalists in first half 2021 alone\",\"isPartOf\":{\"@id\":\"https:\/\/www.slavkocuruvijafondacija.rs\/#website\"},\"primaryImageOfPage\":{\"@id\":\"https:\/\/www.slavkocuruvijafondacija.rs\/en\/prosecution-dealing-with-46-attacks-on-journalists-in-first-half-2021-alone\/#primaryimage\"},\"image\":{\"@id\":\"https:\/\/www.slavkocuruvijafondacija.rs\/en\/prosecution-dealing-with-46-attacks-on-journalists-in-first-half-2021-alone\/#primaryimage\"},\"thumbnailUrl\":\"https:\/\/www.slavkocuruvijafondacija.rs\/wp-content\/uploads\/2017\/04\/sud_cekic_flickr.jpg\",\"datePublished\":\"2021-08-02T16:02:41+00:00\",\"inLanguage\":\"en-US\",\"potentialAction\":[{\"@type\":\"ReadAction\",\"target\":[\"https:\/\/www.slavkocuruvijafondacija.rs\/en\/prosecution-dealing-with-46-attacks-on-journalists-in-first-half-2021-alone\/\"]}]},{\"@type\":\"ImageObject\",\"inLanguage\":\"en-US\",\"@id\":\"https:\/\/www.slavkocuruvijafondacija.rs\/en\/prosecution-dealing-with-46-attacks-on-journalists-in-first-half-2021-alone\/#primaryimage\",\"url\":\"https:\/\/www.slavkocuruvijafondacija.rs\/wp-content\/uploads\/2017\/04\/sud_cekic_flickr.jpg\",\"contentUrl\":\"https:\/\/www.slavkocuruvijafondacija.rs\/wp-content\/uploads\/2017\/04\/sud_cekic_flickr.jpg\",\"width\":900,\"height\":675,\"caption\":\"Photo: Flickr, Bloomsberies\"},{\"@type\":\"WebSite\",\"@id\":\"https:\/\/www.slavkocuruvijafondacija.rs\/#website\",\"url\":\"https:\/\/www.slavkocuruvijafondacija.rs\/\",\"name\":\"Slavko \u0106uruvija fondacija\",\"description\":\"Slavko \u0106uruvija fondacija (S\u0106F) radi na promociji i unapre\u0111enju slobodnih, nezavisnih i odgovornih medija u Srbiji.\",\"publisher\":{\"@id\":\"https:\/\/www.slavkocuruvijafondacija.rs\/#organization\"},\"potentialAction\":[{\"@type\":\"SearchAction\",\"target\":{\"@type\":\"EntryPoint\",\"urlTemplate\":\"https:\/\/www.slavkocuruvijafondacija.rs\/?s={search_term_string}\"},\"query-input\":{\"@type\":\"PropertyValueSpecification\",\"valueRequired\":true,\"valueName\":\"search_term_string\"}}],\"inLanguage\":\"en-US\"},{\"@type\":\"Organization\",\"@id\":\"https:\/\/www.slavkocuruvijafondacija.rs\/#organization\",\"name\":\"Slavko Curuvija Foundation\",\"url\":\"https:\/\/www.slavkocuruvijafondacija.rs\/\",\"logo\":{\"@type\":\"ImageObject\",\"inLanguage\":\"en-US\",\"@id\":\"https:\/\/www.slavkocuruvijafondacija.rs\/#\/schema\/logo\/image\/\",\"url\":\"https:\/\/www.slavkocuruvijafondacija.rs\/wp-content\/uploads\/2021\/03\/SCF-Logo-900-600.jpg\",\"contentUrl\":\"https:\/\/www.slavkocuruvijafondacija.rs\/wp-content\/uploads\/2021\/03\/SCF-Logo-900-600.jpg\",\"width\":900,\"height\":600,\"caption\":\"Slavko Curuvija Foundation\"},\"image\":{\"@id\":\"https:\/\/www.slavkocuruvijafondacija.rs\/#\/schema\/logo\/image\/\"},\"sameAs\":[\"https:\/\/www.facebook.com\/slavkocuruvijafondacija\/\",\"https:\/\/x.com\/scfondacija\",\"https:\/\/www.instagram.com\/slavko_curuvija_fondacija\/\",\"https:\/\/www.linkedin.com\/company\/slavko-curuvija-foundation\/\",\"https:\/\/www.youtube.com\/channel\/UCEDcWS1sfG6qvaiBvVJJVRQ\"]},{\"@type\":\"Person\",\"@id\":\"https:\/\/www.slavkocuruvijafondacija.rs\/#\/schema\/person\/d235fc303ee4385f0d60f7be176eb741\",\"name\":\"Vojin Mitrovic\",\"image\":{\"@type\":\"ImageObject\",\"inLanguage\":\"en-US\",\"@id\":\"https:\/\/www.slavkocuruvijafondacija.rs\/#\/schema\/person\/image\/\",\"url\":\"https:\/\/secure.gravatar.com\/avatar\/ac7796564557f0f54e187b1b171f1796a9afbb07e218a2a28395548648bd49e1?s=96&d=mm&r=g\",\"contentUrl\":\"https:\/\/secure.gravatar.com\/avatar\/ac7796564557f0f54e187b1b171f1796a9afbb07e218a2a28395548648bd49e1?s=96&d=mm&r=g\",\"caption\":\"Vojin Mitrovic\"},\"url\":\"https:\/\/www.slavkocuruvijafondacija.rs\/en\/author\/vojin\/\"}]}<\/script>\n<!-- \/ Yoast SEO plugin. -->","yoast_head_json":{"title":"Prosecution dealing with 46 attacks on journalists in first half 2021 alone","robots":{"index":"index","follow":"follow","max-snippet":"max-snippet:-1","max-image-preview":"max-image-preview:large","max-video-preview":"max-video-preview:-1"},"canonical":"https:\/\/www.slavkocuruvijafondacija.rs\/en\/prosecution-dealing-with-46-attacks-on-journalists-in-first-half-2021-alone\/","og_locale":"en_US","og_type":"article","og_title":"Prosecution dealing with 46 attacks on journalists in first half 2021 alone","og_description":"August 2, 2021 Prosecutor&#8217;s offices in Serbia have established 46 cases on the basis of criminal charges filed in response to attacks against journalists in the first half of 2021 alone, compared to a total of just 56 such cases throughout the whole of 2020. According to statistics published by the Standing Working Group for the Safety of Journalists, prosecutors resolved 15 cases of attacks against journalists in the first half of 2021. However, as many as 14 of those [&hellip;]","og_url":"https:\/\/www.slavkocuruvijafondacija.rs\/en\/prosecution-dealing-with-46-attacks-on-journalists-in-first-half-2021-alone\/","og_site_name":"Slavko \u0106uruvija fondacija","article_publisher":"https:\/\/www.facebook.com\/slavkocuruvijafondacija\/","article_published_time":"2021-08-02T16:02:41+00:00","og_image":[{"width":900,"height":675,"url":"https:\/\/www.slavkocuruvijafondacija.rs\/wp-content\/uploads\/2017\/04\/sud_cekic_flickr.jpg","type":"image\/jpeg"}],"author":"Vojin Mitrovic","twitter_card":"summary_large_image","twitter_creator":"@scfondacija","twitter_site":"@scfondacija","twitter_misc":{"Written by":"Vojin Mitrovic","Est. reading time":"1 minute"},"schema":{"@context":"https:\/\/schema.org","@graph":[{"@type":"Article","@id":"https:\/\/www.slavkocuruvijafondacija.rs\/en\/prosecution-dealing-with-46-attacks-on-journalists-in-first-half-2021-alone\/#article","isPartOf":{"@id":"https:\/\/www.slavkocuruvijafondacija.rs\/en\/prosecution-dealing-with-46-attacks-on-journalists-in-first-half-2021-alone\/"},"author":{"name":"Vojin Mitrovic","@id":"https:\/\/www.slavkocuruvijafondacija.rs\/#\/schema\/person\/d235fc303ee4385f0d60f7be176eb741"},"headline":"Prosecution dealing with 46 attacks on journalists in first half 2021 alone","datePublished":"2021-08-02T16:02:41+00:00","mainEntityOfPage":{"@id":"https:\/\/www.slavkocuruvijafondacija.rs\/en\/prosecution-dealing-with-46-attacks-on-journalists-in-first-half-2021-alone\/"},"wordCount":170,"publisher":{"@id":"https:\/\/www.slavkocuruvijafondacija.rs\/#organization"},"image":{"@id":"https:\/\/www.slavkocuruvijafondacija.rs\/en\/prosecution-dealing-with-46-attacks-on-journalists-in-first-half-2021-alone\/#primaryimage"},"thumbnailUrl":"https:\/\/www.slavkocuruvijafondacija.rs\/wp-content\/uploads\/2017\/04\/sud_cekic_flickr.jpg","articleSection":["News"],"inLanguage":"en-US"},{"@type":"WebPage","@id":"https:\/\/www.slavkocuruvijafondacija.rs\/en\/prosecution-dealing-with-46-attacks-on-journalists-in-first-half-2021-alone\/","url":"https:\/\/www.slavkocuruvijafondacija.rs\/en\/prosecution-dealing-with-46-attacks-on-journalists-in-first-half-2021-alone\/","name":"Prosecution dealing with 46 attacks on journalists in first half 2021 alone","isPartOf":{"@id":"https:\/\/www.slavkocuruvijafondacija.rs\/#website"},"primaryImageOfPage":{"@id":"https:\/\/www.slavkocuruvijafondacija.rs\/en\/prosecution-dealing-with-46-attacks-on-journalists-in-first-half-2021-alone\/#primaryimage"},"image":{"@id":"https:\/\/www.slavkocuruvijafondacija.rs\/en\/prosecution-dealing-with-46-attacks-on-journalists-in-first-half-2021-alone\/#primaryimage"},"thumbnailUrl":"https:\/\/www.slavkocuruvijafondacija.rs\/wp-content\/uploads\/2017\/04\/sud_cekic_flickr.jpg","datePublished":"2021-08-02T16:02:41+00:00","inLanguage":"en-US","potentialAction":[{"@type":"ReadAction","target":["https:\/\/www.slavkocuruvijafondacija.rs\/en\/prosecution-dealing-with-46-attacks-on-journalists-in-first-half-2021-alone\/"]}]},{"@type":"ImageObject","inLanguage":"en-US","@id":"https:\/\/www.slavkocuruvijafondacija.rs\/en\/prosecution-dealing-with-46-attacks-on-journalists-in-first-half-2021-alone\/#primaryimage","url":"https:\/\/www.slavkocuruvijafondacija.rs\/wp-content\/uploads\/2017\/04\/sud_cekic_flickr.jpg","contentUrl":"https:\/\/www.slavkocuruvijafondacija.rs\/wp-content\/uploads\/2017\/04\/sud_cekic_flickr.jpg","width":900,"height":675,"caption":"Photo: Flickr, Bloomsberies"},{"@type":"WebSite","@id":"https:\/\/www.slavkocuruvijafondacija.rs\/#website","url":"https:\/\/www.slavkocuruvijafondacija.rs\/","name":"Slavko \u0106uruvija fondacija","description":"Slavko \u0106uruvija fondacija (S\u0106F) radi na promociji i unapre\u0111enju slobodnih, nezavisnih i odgovornih medija u Srbiji.","publisher":{"@id":"https:\/\/www.slavkocuruvijafondacija.rs\/#organization"},"potentialAction":[{"@type":"SearchAction","target":{"@type":"EntryPoint","urlTemplate":"https:\/\/www.slavkocuruvijafondacija.rs\/?s={search_term_string}"},"query-input":{"@type":"PropertyValueSpecification","valueRequired":true,"valueName":"search_term_string"}}],"inLanguage":"en-US"},{"@type":"Organization","@id":"https:\/\/www.slavkocuruvijafondacija.rs\/#organization","name":"Slavko Curuvija Foundation","url":"https:\/\/www.slavkocuruvijafondacija.rs\/","logo":{"@type":"ImageObject","inLanguage":"en-US","@id":"https:\/\/www.slavkocuruvijafondacija.rs\/#\/schema\/logo\/image\/","url":"https:\/\/www.slavkocuruvijafondacija.rs\/wp-content\/uploads\/2021\/03\/SCF-Logo-900-600.jpg","contentUrl":"https:\/\/www.slavkocuruvijafondacija.rs\/wp-content\/uploads\/2021\/03\/SCF-Logo-900-600.jpg","width":900,"height":600,"caption":"Slavko Curuvija Foundation"},"image":{"@id":"https:\/\/www.slavkocuruvijafondacija.rs\/#\/schema\/logo\/image\/"},"sameAs":["https:\/\/www.facebook.com\/slavkocuruvijafondacija\/","https:\/\/x.com\/scfondacija","https:\/\/www.instagram.com\/slavko_curuvija_fondacija\/","https:\/\/www.linkedin.com\/company\/slavko-curuvija-foundation\/","https:\/\/www.youtube.com\/channel\/UCEDcWS1sfG6qvaiBvVJJVRQ"]},{"@type":"Person","@id":"https:\/\/www.slavkocuruvijafondacija.rs\/#\/schema\/person\/d235fc303ee4385f0d60f7be176eb741","name":"Vojin Mitrovic","image":{"@type":"ImageObject","inLanguage":"en-US","@id":"https:\/\/www.slavkocuruvijafondacija.rs\/#\/schema\/person\/image\/","url":"https:\/\/secure.gravatar.com\/avatar\/ac7796564557f0f54e187b1b171f1796a9afbb07e218a2a28395548648bd49e1?s=96&d=mm&r=g","contentUrl":"https:\/\/secure.gravatar.com\/avatar\/ac7796564557f0f54e187b1b171f1796a9afbb07e218a2a28395548648bd49e1?s=96&d=mm&r=g","caption":"Vojin Mitrovic"},"url":"https:\/\/www.slavkocuruvijafondacija.rs\/en\/author\/vojin\/"}]}},"_links":{"self":[{"href":"https:\/\/www.slavkocuruvijafondacija.rs\/en\/wp-json\/wp\/v2\/posts\/6739","targetHints":{"allow":["GET"]}}],"collection":[{"href":"https:\/\/www.slavkocuruvijafondacija.rs\/en\/wp-json\/wp\/v2\/posts"}],"about":[{"href":"https:\/\/www.slavkocuruvijafondacija.rs\/en\/wp-json\/wp\/v2\/types\/post"}],"author":[{"embeddable":true,"href":"https:\/\/www.slavkocuruvijafondacija.rs\/en\/wp-json\/wp\/v2\/users\/4"}],"replies":[{"embeddable":true,"href":"https:\/\/www.slavkocuruvijafondacija.rs\/en\/wp-json\/wp\/v2\/comments?post=6739"}],"version-history":[{"count":1,"href":"https:\/\/www.slavkocuruvijafondacija.rs\/en\/wp-json\/wp\/v2\/posts\/6739\/revisions"}],"predecessor-version":[{"id":6740,"href":"https:\/\/www.slavkocuruvijafondacija.rs\/en\/wp-json\/wp\/v2\/posts\/6739\/revisions\/6740"}],"wp:featuredmedia":[{"embeddable":true,"href":"https:\/\/www.slavkocuruvijafondacija.rs\/en\/wp-json\/wp\/v2\/media\/4092"}],"wp:attachment":[{"href":"https:\/\/www.slavkocuruvijafondacija.rs\/en\/wp-json\/wp\/v2\/media?parent=6739"}],"wp:term":[{"taxonomy":"category","embeddable":true,"href":"https:\/\/www.slavkocuruvijafondacija.rs\/en\/wp-json\/wp\/v2\/categories?post=6739"},{"taxonomy":"post_tag","embeddable":true,"href":"https:\/\/www.slavkocuruvijafondacija.rs\/en\/wp-json\/wp\/v2\/tags?post=6739"}],"curies":[{"name":"wp","href":"https:\/\/api.w.org\/{rel}","templated":true}]}}