{"id":6661,"date":"2021-04-15T12:59:13","date_gmt":"2021-04-15T10:59:13","guid":{"rendered":"https:\/\/www.slavkocuruvijafondacija.rs\/?p=6661"},"modified":"2021-07-21T13:10:24","modified_gmt":"2021-07-21T11:10:24","slug":"22nd-anniversary-of-slavko-curuvija-murder-commemorated","status":"publish","type":"post","link":"https:\/\/www.slavkocuruvijafondacija.rs\/en\/22nd-anniversary-of-slavko-curuvija-murder-commemorated\/","title":{"rendered":"22nd anniversary of Slavko \u0106uruvija murder commemorated"},"content":{"rendered":"<p>April 15, 2021<\/p>\n<hr \/>\n<h2>The 22nd anniversary of the murder of Slavko \u0106uruvija, a journalist and then owner of the newspapers Dnevni telegraf [Daily Telegraph] and Evropljanin [The European], was commemorated with the laying of wreaths in Belgrade&#8217;s Svetogorska Street, at the spot where \u0106uruvija was gunned down on 11th April 1999.<\/h2>\n<p>Wreaths were laid by \u017deljko Bodro\u017ei\u0107, president of the Independent Association of Journalists of Serbia (NUNS), Vladimir Radomirovi\u0107, president of the Association of Journalists of Serbia (UNS), and Veran Mati\u0107, president of the Association of Independent Electronic Media (ANEM) and president of the Commission for Investigating Killings of Journalists.<\/p>\n<p>They provided a reminder that justice for \u0106uruvija&#8217;s murder is still pending, given that there has still been no final verdict \u2013 the retrial of four former members of the State Security service is underway \u2013 and called on government leaders to ensure that punishment also awaits those who ordered the killing and their network of helpers, because \u201cthe murder was organised by the state\u201d.<\/p>\n<p>A few days prior to this ceremony, the 27th anniversary of the still mysterious death of Duga magazine journalist Dada Vujasinovi\u0107 was also marked. And even after so many years it is still unknown whether this journalist, who wrote about organised crime, was murdered or committed suicide. Speaking as president of the Commission for Investigating Killings of Journalists, Mati\u0107 said that no progress has been made when it comes to resolving this case.<\/p>\n<p>The murder of Ve\u010dernji Novosti correspondent Milan Panti\u0107, who was killed on 11th June 2001, has also yet to be resolved. Mati\u0107 stated that the names of the direct perpetrators of that killing are known, but that they remain free because the prosecution lacks sufficient evidence for the court.<\/p>\n","protected":false},"excerpt":{"rendered":"<p>April 15, 2021 The 22nd anniversary of the murder of Slavko \u0106uruvija, a journalist and then owner of the newspapers Dnevni telegraf [Daily Telegraph] and Evropljanin [The European], was commemorated with the laying of wreaths in Belgrade&#8217;s Svetogorska Street, at the spot where \u0106uruvija was gunned down on 11th April 1999. Wreaths were laid by \u017deljko Bodro\u017ei\u0107, president of the Independent Association of Journalists of Serbia (NUNS), Vladimir Radomirovi\u0107, president of the Association of Journalists of Serbia (UNS), and Veran [&hellip;]<\/p>\n","protected":false},"author":4,"featured_media":4587,"comment_status":"closed","ping_status":"open","sticky":false,"template":"","format":"standard","meta":{"footnotes":""},"categories":[8],"tags":[52],"class_list":["post-6661","post","type-post","status-publish","format-standard","has-post-thumbnail","hentry","category-content-en","tag-trial-for-the-murder-of-slavko-curuvija"],"yoast_head":"<!-- This site is optimized with the Yoast SEO plugin v25.6 - https:\/\/yoast.com\/wordpress\/plugins\/seo\/ -->\n<title>22nd anniversary of Slavko \u0106uruvija murder commemorated<\/title>\n<meta name=\"robots\" content=\"index, follow, max-snippet:-1, max-image-preview:large, max-video-preview:-1\" \/>\n<link rel=\"canonical\" href=\"https:\/\/www.slavkocuruvijafondacija.rs\/en\/22nd-anniversary-of-slavko-curuvija-murder-commemorated\/\" \/>\n<meta property=\"og:locale\" content=\"en_US\" \/>\n<meta property=\"og:type\" content=\"article\" \/>\n<meta property=\"og:title\" content=\"22nd anniversary of Slavko \u0106uruvija murder commemorated\" \/>\n<meta property=\"og:description\" content=\"April 15, 2021 The 22nd anniversary of the murder of Slavko \u0106uruvija, a journalist and then owner of the newspapers Dnevni telegraf [Daily Telegraph] and Evropljanin [The European], was commemorated with the laying of wreaths in Belgrade&#8217;s Svetogorska Street, at the spot where \u0106uruvija was gunned down on 11th April 1999. Wreaths were laid by \u017deljko Bodro\u017ei\u0107, president of the Independent Association of Journalists of Serbia (NUNS), Vladimir Radomirovi\u0107, president of the Association of Journalists of Serbia (UNS), and Veran [&hellip;]\" \/>\n<meta property=\"og:url\" content=\"https:\/\/www.slavkocuruvijafondacija.rs\/en\/22nd-anniversary-of-slavko-curuvija-murder-commemorated\/\" \/>\n<meta property=\"og:site_name\" content=\"Slavko \u0106uruvija fondacija\" \/>\n<meta property=\"article:publisher\" content=\"https:\/\/www.facebook.com\/slavkocuruvijafondacija\/\" \/>\n<meta property=\"article:published_time\" content=\"2021-04-15T10:59:13+00:00\" \/>\n<meta property=\"article:modified_time\" content=\"2021-07-21T11:10:24+00:00\" \/>\n<meta property=\"og:image\" content=\"https:\/\/www.slavkocuruvijafondacija.rs\/wp-content\/uploads\/2019\/04\/curuvija_mcrs.jpg\" \/>\n\t<meta property=\"og:image:width\" content=\"1200\" \/>\n\t<meta property=\"og:image:height\" content=\"690\" \/>\n\t<meta property=\"og:image:type\" content=\"image\/jpeg\" \/>\n<meta name=\"author\" content=\"Vojin Mitrovic\" \/>\n<meta name=\"twitter:card\" content=\"summary_large_image\" \/>\n<meta name=\"twitter:creator\" content=\"@scfondacija\" \/>\n<meta name=\"twitter:site\" content=\"@scfondacija\" \/>\n<meta name=\"twitter:label1\" content=\"Written by\" \/>\n\t<meta name=\"twitter:data1\" content=\"Vojin Mitrovic\" \/>\n\t<meta name=\"twitter:label2\" content=\"Est. reading time\" \/>\n\t<meta name=\"twitter:data2\" content=\"2 minutes\" \/>\n<script type=\"application\/ld+json\" class=\"yoast-schema-graph\">{\"@context\":\"https:\/\/schema.org\",\"@graph\":[{\"@type\":\"Article\",\"@id\":\"https:\/\/www.slavkocuruvijafondacija.rs\/en\/22nd-anniversary-of-slavko-curuvija-murder-commemorated\/#article\",\"isPartOf\":{\"@id\":\"https:\/\/www.slavkocuruvijafondacija.rs\/en\/22nd-anniversary-of-slavko-curuvija-murder-commemorated\/\"},\"author\":{\"name\":\"Vojin Mitrovic\",\"@id\":\"https:\/\/www.slavkocuruvijafondacija.rs\/#\/schema\/person\/d235fc303ee4385f0d60f7be176eb741\"},\"headline\":\"22nd anniversary of Slavko \u0106uruvija murder commemorated\",\"datePublished\":\"2021-04-15T10:59:13+00:00\",\"dateModified\":\"2021-07-21T11:10:24+00:00\",\"mainEntityOfPage\":{\"@id\":\"https:\/\/www.slavkocuruvijafondacija.rs\/en\/22nd-anniversary-of-slavko-curuvija-murder-commemorated\/\"},\"wordCount\":292,\"publisher\":{\"@id\":\"https:\/\/www.slavkocuruvijafondacija.rs\/#organization\"},\"image\":{\"@id\":\"https:\/\/www.slavkocuruvijafondacija.rs\/en\/22nd-anniversary-of-slavko-curuvija-murder-commemorated\/#primaryimage\"},\"thumbnailUrl\":\"https:\/\/www.slavkocuruvijafondacija.rs\/wp-content\/uploads\/2019\/04\/curuvija_mcrs.jpg\",\"keywords\":[\"Trial for the murder of Slavko \u0106uruvija\"],\"articleSection\":[\"News\"],\"inLanguage\":\"en-US\"},{\"@type\":\"WebPage\",\"@id\":\"https:\/\/www.slavkocuruvijafondacija.rs\/en\/22nd-anniversary-of-slavko-curuvija-murder-commemorated\/\",\"url\":\"https:\/\/www.slavkocuruvijafondacija.rs\/en\/22nd-anniversary-of-slavko-curuvija-murder-commemorated\/\",\"name\":\"22nd anniversary of Slavko \u0106uruvija murder commemorated\",\"isPartOf\":{\"@id\":\"https:\/\/www.slavkocuruvijafondacija.rs\/#website\"},\"primaryImageOfPage\":{\"@id\":\"https:\/\/www.slavkocuruvijafondacija.rs\/en\/22nd-anniversary-of-slavko-curuvija-murder-commemorated\/#primaryimage\"},\"image\":{\"@id\":\"https:\/\/www.slavkocuruvijafondacija.rs\/en\/22nd-anniversary-of-slavko-curuvija-murder-commemorated\/#primaryimage\"},\"thumbnailUrl\":\"https:\/\/www.slavkocuruvijafondacija.rs\/wp-content\/uploads\/2019\/04\/curuvija_mcrs.jpg\",\"datePublished\":\"2021-04-15T10:59:13+00:00\",\"dateModified\":\"2021-07-21T11:10:24+00:00\",\"inLanguage\":\"en-US\",\"potentialAction\":[{\"@type\":\"ReadAction\",\"target\":[\"https:\/\/www.slavkocuruvijafondacija.rs\/en\/22nd-anniversary-of-slavko-curuvija-murder-commemorated\/\"]}]},{\"@type\":\"ImageObject\",\"inLanguage\":\"en-US\",\"@id\":\"https:\/\/www.slavkocuruvijafondacija.rs\/en\/22nd-anniversary-of-slavko-curuvija-murder-commemorated\/#primaryimage\",\"url\":\"https:\/\/www.slavkocuruvijafondacija.rs\/wp-content\/uploads\/2019\/04\/curuvija_mcrs.jpg\",\"contentUrl\":\"https:\/\/www.slavkocuruvijafondacija.rs\/wp-content\/uploads\/2019\/04\/curuvija_mcrs.jpg\",\"width\":1200,\"height\":690},{\"@type\":\"WebSite\",\"@id\":\"https:\/\/www.slavkocuruvijafondacija.rs\/#website\",\"url\":\"https:\/\/www.slavkocuruvijafondacija.rs\/\",\"name\":\"Slavko \u0106uruvija fondacija\",\"description\":\"Slavko \u0106uruvija fondacija (S\u0106F) radi na promociji i unapre\u0111enju slobodnih, nezavisnih i odgovornih medija u Srbiji.\",\"publisher\":{\"@id\":\"https:\/\/www.slavkocuruvijafondacija.rs\/#organization\"},\"potentialAction\":[{\"@type\":\"SearchAction\",\"target\":{\"@type\":\"EntryPoint\",\"urlTemplate\":\"https:\/\/www.slavkocuruvijafondacija.rs\/?s={search_term_string}\"},\"query-input\":{\"@type\":\"PropertyValueSpecification\",\"valueRequired\":true,\"valueName\":\"search_term_string\"}}],\"inLanguage\":\"en-US\"},{\"@type\":\"Organization\",\"@id\":\"https:\/\/www.slavkocuruvijafondacija.rs\/#organization\",\"name\":\"Slavko Curuvija Foundation\",\"url\":\"https:\/\/www.slavkocuruvijafondacija.rs\/\",\"logo\":{\"@type\":\"ImageObject\",\"inLanguage\":\"en-US\",\"@id\":\"https:\/\/www.slavkocuruvijafondacija.rs\/#\/schema\/logo\/image\/\",\"url\":\"https:\/\/www.slavkocuruvijafondacija.rs\/wp-content\/uploads\/2021\/03\/SCF-Logo-900-600.jpg\",\"contentUrl\":\"https:\/\/www.slavkocuruvijafondacija.rs\/wp-content\/uploads\/2021\/03\/SCF-Logo-900-600.jpg\",\"width\":900,\"height\":600,\"caption\":\"Slavko Curuvija Foundation\"},\"image\":{\"@id\":\"https:\/\/www.slavkocuruvijafondacija.rs\/#\/schema\/logo\/image\/\"},\"sameAs\":[\"https:\/\/www.facebook.com\/slavkocuruvijafondacija\/\",\"https:\/\/x.com\/scfondacija\",\"https:\/\/www.instagram.com\/slavko_curuvija_fondacija\/\",\"https:\/\/www.linkedin.com\/company\/slavko-curuvija-foundation\/\",\"https:\/\/www.youtube.com\/channel\/UCEDcWS1sfG6qvaiBvVJJVRQ\"]},{\"@type\":\"Person\",\"@id\":\"https:\/\/www.slavkocuruvijafondacija.rs\/#\/schema\/person\/d235fc303ee4385f0d60f7be176eb741\",\"name\":\"Vojin Mitrovic\",\"image\":{\"@type\":\"ImageObject\",\"inLanguage\":\"en-US\",\"@id\":\"https:\/\/www.slavkocuruvijafondacija.rs\/#\/schema\/person\/image\/\",\"url\":\"https:\/\/secure.gravatar.com\/avatar\/ac7796564557f0f54e187b1b171f1796a9afbb07e218a2a28395548648bd49e1?s=96&d=mm&r=g\",\"contentUrl\":\"https:\/\/secure.gravatar.com\/avatar\/ac7796564557f0f54e187b1b171f1796a9afbb07e218a2a28395548648bd49e1?s=96&d=mm&r=g\",\"caption\":\"Vojin Mitrovic\"},\"url\":\"https:\/\/www.slavkocuruvijafondacija.rs\/en\/author\/vojin\/\"}]}<\/script>\n<!-- \/ Yoast SEO plugin. -->","yoast_head_json":{"title":"22nd anniversary of Slavko \u0106uruvija murder commemorated","robots":{"index":"index","follow":"follow","max-snippet":"max-snippet:-1","max-image-preview":"max-image-preview:large","max-video-preview":"max-video-preview:-1"},"canonical":"https:\/\/www.slavkocuruvijafondacija.rs\/en\/22nd-anniversary-of-slavko-curuvija-murder-commemorated\/","og_locale":"en_US","og_type":"article","og_title":"22nd anniversary of Slavko \u0106uruvija murder commemorated","og_description":"April 15, 2021 The 22nd anniversary of the murder of Slavko \u0106uruvija, a journalist and then owner of the newspapers Dnevni telegraf [Daily Telegraph] and Evropljanin [The European], was commemorated with the laying of wreaths in Belgrade&#8217;s Svetogorska Street, at the spot where \u0106uruvija was gunned down on 11th April 1999. Wreaths were laid by \u017deljko Bodro\u017ei\u0107, president of the Independent Association of Journalists of Serbia (NUNS), Vladimir Radomirovi\u0107, president of the Association of Journalists of Serbia (UNS), and Veran [&hellip;]","og_url":"https:\/\/www.slavkocuruvijafondacija.rs\/en\/22nd-anniversary-of-slavko-curuvija-murder-commemorated\/","og_site_name":"Slavko \u0106uruvija fondacija","article_publisher":"https:\/\/www.facebook.com\/slavkocuruvijafondacija\/","article_published_time":"2021-04-15T10:59:13+00:00","article_modified_time":"2021-07-21T11:10:24+00:00","og_image":[{"width":1200,"height":690,"url":"https:\/\/www.slavkocuruvijafondacija.rs\/wp-content\/uploads\/2019\/04\/curuvija_mcrs.jpg","type":"image\/jpeg"}],"author":"Vojin Mitrovic","twitter_card":"summary_large_image","twitter_creator":"@scfondacija","twitter_site":"@scfondacija","twitter_misc":{"Written by":"Vojin Mitrovic","Est. reading time":"2 minutes"},"schema":{"@context":"https:\/\/schema.org","@graph":[{"@type":"Article","@id":"https:\/\/www.slavkocuruvijafondacija.rs\/en\/22nd-anniversary-of-slavko-curuvija-murder-commemorated\/#article","isPartOf":{"@id":"https:\/\/www.slavkocuruvijafondacija.rs\/en\/22nd-anniversary-of-slavko-curuvija-murder-commemorated\/"},"author":{"name":"Vojin Mitrovic","@id":"https:\/\/www.slavkocuruvijafondacija.rs\/#\/schema\/person\/d235fc303ee4385f0d60f7be176eb741"},"headline":"22nd anniversary of Slavko \u0106uruvija murder commemorated","datePublished":"2021-04-15T10:59:13+00:00","dateModified":"2021-07-21T11:10:24+00:00","mainEntityOfPage":{"@id":"https:\/\/www.slavkocuruvijafondacija.rs\/en\/22nd-anniversary-of-slavko-curuvija-murder-commemorated\/"},"wordCount":292,"publisher":{"@id":"https:\/\/www.slavkocuruvijafondacija.rs\/#organization"},"image":{"@id":"https:\/\/www.slavkocuruvijafondacija.rs\/en\/22nd-anniversary-of-slavko-curuvija-murder-commemorated\/#primaryimage"},"thumbnailUrl":"https:\/\/www.slavkocuruvijafondacija.rs\/wp-content\/uploads\/2019\/04\/curuvija_mcrs.jpg","keywords":["Trial for the murder of Slavko \u0106uruvija"],"articleSection":["News"],"inLanguage":"en-US"},{"@type":"WebPage","@id":"https:\/\/www.slavkocuruvijafondacija.rs\/en\/22nd-anniversary-of-slavko-curuvija-murder-commemorated\/","url":"https:\/\/www.slavkocuruvijafondacija.rs\/en\/22nd-anniversary-of-slavko-curuvija-murder-commemorated\/","name":"22nd anniversary of Slavko \u0106uruvija murder commemorated","isPartOf":{"@id":"https:\/\/www.slavkocuruvijafondacija.rs\/#website"},"primaryImageOfPage":{"@id":"https:\/\/www.slavkocuruvijafondacija.rs\/en\/22nd-anniversary-of-slavko-curuvija-murder-commemorated\/#primaryimage"},"image":{"@id":"https:\/\/www.slavkocuruvijafondacija.rs\/en\/22nd-anniversary-of-slavko-curuvija-murder-commemorated\/#primaryimage"},"thumbnailUrl":"https:\/\/www.slavkocuruvijafondacija.rs\/wp-content\/uploads\/2019\/04\/curuvija_mcrs.jpg","datePublished":"2021-04-15T10:59:13+00:00","dateModified":"2021-07-21T11:10:24+00:00","inLanguage":"en-US","potentialAction":[{"@type":"ReadAction","target":["https:\/\/www.slavkocuruvijafondacija.rs\/en\/22nd-anniversary-of-slavko-curuvija-murder-commemorated\/"]}]},{"@type":"ImageObject","inLanguage":"en-US","@id":"https:\/\/www.slavkocuruvijafondacija.rs\/en\/22nd-anniversary-of-slavko-curuvija-murder-commemorated\/#primaryimage","url":"https:\/\/www.slavkocuruvijafondacija.rs\/wp-content\/uploads\/2019\/04\/curuvija_mcrs.jpg","contentUrl":"https:\/\/www.slavkocuruvijafondacija.rs\/wp-content\/uploads\/2019\/04\/curuvija_mcrs.jpg","width":1200,"height":690},{"@type":"WebSite","@id":"https:\/\/www.slavkocuruvijafondacija.rs\/#website","url":"https:\/\/www.slavkocuruvijafondacija.rs\/","name":"Slavko \u0106uruvija fondacija","description":"Slavko \u0106uruvija fondacija (S\u0106F) radi na promociji i unapre\u0111enju slobodnih, nezavisnih i odgovornih medija u Srbiji.","publisher":{"@id":"https:\/\/www.slavkocuruvijafondacija.rs\/#organization"},"potentialAction":[{"@type":"SearchAction","target":{"@type":"EntryPoint","urlTemplate":"https:\/\/www.slavkocuruvijafondacija.rs\/?s={search_term_string}"},"query-input":{"@type":"PropertyValueSpecification","valueRequired":true,"valueName":"search_term_string"}}],"inLanguage":"en-US"},{"@type":"Organization","@id":"https:\/\/www.slavkocuruvijafondacija.rs\/#organization","name":"Slavko Curuvija Foundation","url":"https:\/\/www.slavkocuruvijafondacija.rs\/","logo":{"@type":"ImageObject","inLanguage":"en-US","@id":"https:\/\/www.slavkocuruvijafondacija.rs\/#\/schema\/logo\/image\/","url":"https:\/\/www.slavkocuruvijafondacija.rs\/wp-content\/uploads\/2021\/03\/SCF-Logo-900-600.jpg","contentUrl":"https:\/\/www.slavkocuruvijafondacija.rs\/wp-content\/uploads\/2021\/03\/SCF-Logo-900-600.jpg","width":900,"height":600,"caption":"Slavko Curuvija Foundation"},"image":{"@id":"https:\/\/www.slavkocuruvijafondacija.rs\/#\/schema\/logo\/image\/"},"sameAs":["https:\/\/www.facebook.com\/slavkocuruvijafondacija\/","https:\/\/x.com\/scfondacija","https:\/\/www.instagram.com\/slavko_curuvija_fondacija\/","https:\/\/www.linkedin.com\/company\/slavko-curuvija-foundation\/","https:\/\/www.youtube.com\/channel\/UCEDcWS1sfG6qvaiBvVJJVRQ"]},{"@type":"Person","@id":"https:\/\/www.slavkocuruvijafondacija.rs\/#\/schema\/person\/d235fc303ee4385f0d60f7be176eb741","name":"Vojin Mitrovic","image":{"@type":"ImageObject","inLanguage":"en-US","@id":"https:\/\/www.slavkocuruvijafondacija.rs\/#\/schema\/person\/image\/","url":"https:\/\/secure.gravatar.com\/avatar\/ac7796564557f0f54e187b1b171f1796a9afbb07e218a2a28395548648bd49e1?s=96&d=mm&r=g","contentUrl":"https:\/\/secure.gravatar.com\/avatar\/ac7796564557f0f54e187b1b171f1796a9afbb07e218a2a28395548648bd49e1?s=96&d=mm&r=g","caption":"Vojin Mitrovic"},"url":"https:\/\/www.slavkocuruvijafondacija.rs\/en\/author\/vojin\/"}]}},"_links":{"self":[{"href":"https:\/\/www.slavkocuruvijafondacija.rs\/en\/wp-json\/wp\/v2\/posts\/6661","targetHints":{"allow":["GET"]}}],"collection":[{"href":"https:\/\/www.slavkocuruvijafondacija.rs\/en\/wp-json\/wp\/v2\/posts"}],"about":[{"href":"https:\/\/www.slavkocuruvijafondacija.rs\/en\/wp-json\/wp\/v2\/types\/post"}],"author":[{"embeddable":true,"href":"https:\/\/www.slavkocuruvijafondacija.rs\/en\/wp-json\/wp\/v2\/users\/4"}],"replies":[{"embeddable":true,"href":"https:\/\/www.slavkocuruvijafondacija.rs\/en\/wp-json\/wp\/v2\/comments?post=6661"}],"version-history":[{"count":1,"href":"https:\/\/www.slavkocuruvijafondacija.rs\/en\/wp-json\/wp\/v2\/posts\/6661\/revisions"}],"predecessor-version":[{"id":6662,"href":"https:\/\/www.slavkocuruvijafondacija.rs\/en\/wp-json\/wp\/v2\/posts\/6661\/revisions\/6662"}],"wp:featuredmedia":[{"embeddable":true,"href":"https:\/\/www.slavkocuruvijafondacija.rs\/en\/wp-json\/wp\/v2\/media\/4587"}],"wp:attachment":[{"href":"https:\/\/www.slavkocuruvijafondacija.rs\/en\/wp-json\/wp\/v2\/media?parent=6661"}],"wp:term":[{"taxonomy":"category","embeddable":true,"href":"https:\/\/www.slavkocuruvijafondacija.rs\/en\/wp-json\/wp\/v2\/categories?post=6661"},{"taxonomy":"post_tag","embeddable":true,"href":"https:\/\/www.slavkocuruvijafondacija.rs\/en\/wp-json\/wp\/v2\/tags?post=6661"}],"curies":[{"name":"wp","href":"https:\/\/api.w.org\/{rel}","templated":true}]}}