{"id":5750,"date":"2020-09-08T18:10:06","date_gmt":"2020-09-08T16:10:06","guid":{"rendered":"https:\/\/www.slavkocuruvijafondacija.rs\/?p=5750"},"modified":"2021-07-21T13:10:24","modified_gmt":"2021-07-21T11:10:24","slug":"scf-court-of-appeal-decision-surprising-we-expect-new-verdict-to-confirm-sentences-for-criminals","status":"publish","type":"post","link":"https:\/\/www.slavkocuruvijafondacija.rs\/en\/scf-court-of-appeal-decision-surprising-we-expect-new-verdict-to-confirm-sentences-for-criminals\/","title":{"rendered":"S\u0106F: Court of Appeal decision surprising, we expect new verdict to confirm sentences for criminals"},"content":{"rendered":"<p>September 8, 2020<\/p>\n<hr \/>\n<h2>The Slavko \u0106uruvija Foundation was unpleasantly surprised with the decision of the Court of Appeal \u2013 five and a half years after the start of this process \u2013 to overturn the first-instance verdicts in the murder of journalist Slavko \u0106uruvija and to return the case for a new trial.<\/h2>\n<p>With this decision the genuine agony continues for the family, friends and admirers of the murdered journalist, who have already been awaiting justice for more than 21 years.<\/p>\n<p>Given that the first-instance court, after a trail lasting four years and filled with controversial decisions, adopted its verdict in April last year, almost a year and a half has been spent awaiting the decision of the Court of Appeal.<\/p>\n<p>As a reminder, the two members of the State Security Service who were convicted in the first-instance court are still under so-called house arrest, while the state has not shown any initiative regarding the extradition of the accused Miroslav Kurak, who is on the run.<\/p>\n<p>We expect the first instance court to consider this case as a priority and to act effectively, and for the new verdict to confirm the sentences already received by the organisers and perpetrators of this crime.<\/p>\n<p>We once again highlight the importance of this process for the security of journalists and freedom of expression in a country where journalists have been murdered, had bombs planted on them and their houses firebombed, and we call on domestic and international institutions, as well as the public, to follow this process to its conclusion.<\/p>\n","protected":false},"excerpt":{"rendered":"<p>September 8, 2020 The Slavko \u0106uruvija Foundation was unpleasantly surprised with the decision of the Court of Appeal \u2013 five and a half years after the start of this process \u2013 to overturn the first-instance verdicts in the murder of journalist Slavko \u0106uruvija and to return the case for a new trial. With this decision the genuine agony continues for the family, friends and admirers of the murdered journalist, who have already been awaiting justice for more than 21 years. [&hellip;]<\/p>\n","protected":false},"author":4,"featured_media":3989,"comment_status":"closed","ping_status":"open","sticky":false,"template":"","format":"standard","meta":{"footnotes":""},"categories":[8],"tags":[52],"class_list":["post-5750","post","type-post","status-publish","format-standard","has-post-thumbnail","hentry","category-content-en","tag-trial-for-the-murder-of-slavko-curuvija"],"yoast_head":"<!-- This site is optimized with the Yoast SEO plugin v25.6 - https:\/\/yoast.com\/wordpress\/plugins\/seo\/ -->\n<title>S\u0106F: Court of Appeal decision surprising, we expect new verdict to confirm sentences for criminals<\/title>\n<meta name=\"robots\" content=\"index, follow, max-snippet:-1, max-image-preview:large, max-video-preview:-1\" \/>\n<link rel=\"canonical\" href=\"https:\/\/www.slavkocuruvijafondacija.rs\/en\/scf-court-of-appeal-decision-surprising-we-expect-new-verdict-to-confirm-sentences-for-criminals\/\" \/>\n<meta property=\"og:locale\" content=\"en_US\" \/>\n<meta property=\"og:type\" content=\"article\" \/>\n<meta property=\"og:title\" content=\"S\u0106F: Court of Appeal decision surprising, we expect new verdict to confirm sentences for criminals\" \/>\n<meta property=\"og:description\" content=\"September 8, 2020 The Slavko \u0106uruvija Foundation was unpleasantly surprised with the decision of the Court of Appeal \u2013 five and a half years after the start of this process \u2013 to overturn the first-instance verdicts in the murder of journalist Slavko \u0106uruvija and to return the case for a new trial. With this decision the genuine agony continues for the family, friends and admirers of the murdered journalist, who have already been awaiting justice for more than 21 years. [&hellip;]\" \/>\n<meta property=\"og:url\" content=\"https:\/\/www.slavkocuruvijafondacija.rs\/en\/scf-court-of-appeal-decision-surprising-we-expect-new-verdict-to-confirm-sentences-for-criminals\/\" \/>\n<meta property=\"og:site_name\" content=\"Slavko \u0106uruvija fondacija\" \/>\n<meta property=\"article:publisher\" content=\"https:\/\/www.facebook.com\/slavkocuruvijafondacija\/\" \/>\n<meta property=\"article:published_time\" content=\"2020-09-08T16:10:06+00:00\" \/>\n<meta property=\"article:modified_time\" content=\"2021-07-21T11:10:24+00:00\" \/>\n<meta property=\"og:image\" content=\"https:\/\/www.slavkocuruvijafondacija.rs\/wp-content\/uploads\/2016\/04\/curuvija1_CROP.jpg\" \/>\n\t<meta property=\"og:image:width\" content=\"900\" \/>\n\t<meta property=\"og:image:height\" content=\"653\" \/>\n\t<meta property=\"og:image:type\" content=\"image\/jpeg\" \/>\n<meta name=\"author\" content=\"Vojin Mitrovic\" \/>\n<meta name=\"twitter:card\" content=\"summary_large_image\" \/>\n<meta name=\"twitter:creator\" content=\"@scfondacija\" \/>\n<meta name=\"twitter:site\" content=\"@scfondacija\" \/>\n<meta name=\"twitter:label1\" content=\"Written by\" \/>\n\t<meta name=\"twitter:data1\" content=\"Vojin Mitrovic\" \/>\n\t<meta name=\"twitter:label2\" content=\"Est. reading time\" \/>\n\t<meta name=\"twitter:data2\" content=\"1 minute\" \/>\n<script type=\"application\/ld+json\" class=\"yoast-schema-graph\">{\"@context\":\"https:\/\/schema.org\",\"@graph\":[{\"@type\":\"Article\",\"@id\":\"https:\/\/www.slavkocuruvijafondacija.rs\/en\/scf-court-of-appeal-decision-surprising-we-expect-new-verdict-to-confirm-sentences-for-criminals\/#article\",\"isPartOf\":{\"@id\":\"https:\/\/www.slavkocuruvijafondacija.rs\/en\/scf-court-of-appeal-decision-surprising-we-expect-new-verdict-to-confirm-sentences-for-criminals\/\"},\"author\":{\"name\":\"Vojin Mitrovic\",\"@id\":\"https:\/\/www.slavkocuruvijafondacija.rs\/#\/schema\/person\/d235fc303ee4385f0d60f7be176eb741\"},\"headline\":\"S\u0106F: Court of Appeal decision surprising, we expect new verdict to confirm sentences for criminals\",\"datePublished\":\"2020-09-08T16:10:06+00:00\",\"dateModified\":\"2021-07-21T11:10:24+00:00\",\"mainEntityOfPage\":{\"@id\":\"https:\/\/www.slavkocuruvijafondacija.rs\/en\/scf-court-of-appeal-decision-surprising-we-expect-new-verdict-to-confirm-sentences-for-criminals\/\"},\"wordCount\":267,\"publisher\":{\"@id\":\"https:\/\/www.slavkocuruvijafondacija.rs\/#organization\"},\"image\":{\"@id\":\"https:\/\/www.slavkocuruvijafondacija.rs\/en\/scf-court-of-appeal-decision-surprising-we-expect-new-verdict-to-confirm-sentences-for-criminals\/#primaryimage\"},\"thumbnailUrl\":\"https:\/\/www.slavkocuruvijafondacija.rs\/wp-content\/uploads\/2016\/04\/curuvija1_CROP.jpg\",\"keywords\":[\"Trial for the murder of Slavko \u0106uruvija\"],\"articleSection\":[\"News\"],\"inLanguage\":\"en-US\"},{\"@type\":\"WebPage\",\"@id\":\"https:\/\/www.slavkocuruvijafondacija.rs\/en\/scf-court-of-appeal-decision-surprising-we-expect-new-verdict-to-confirm-sentences-for-criminals\/\",\"url\":\"https:\/\/www.slavkocuruvijafondacija.rs\/en\/scf-court-of-appeal-decision-surprising-we-expect-new-verdict-to-confirm-sentences-for-criminals\/\",\"name\":\"S\u0106F: Court of Appeal decision surprising, we expect new verdict to confirm sentences for criminals\",\"isPartOf\":{\"@id\":\"https:\/\/www.slavkocuruvijafondacija.rs\/#website\"},\"primaryImageOfPage\":{\"@id\":\"https:\/\/www.slavkocuruvijafondacija.rs\/en\/scf-court-of-appeal-decision-surprising-we-expect-new-verdict-to-confirm-sentences-for-criminals\/#primaryimage\"},\"image\":{\"@id\":\"https:\/\/www.slavkocuruvijafondacija.rs\/en\/scf-court-of-appeal-decision-surprising-we-expect-new-verdict-to-confirm-sentences-for-criminals\/#primaryimage\"},\"thumbnailUrl\":\"https:\/\/www.slavkocuruvijafondacija.rs\/wp-content\/uploads\/2016\/04\/curuvija1_CROP.jpg\",\"datePublished\":\"2020-09-08T16:10:06+00:00\",\"dateModified\":\"2021-07-21T11:10:24+00:00\",\"inLanguage\":\"en-US\",\"potentialAction\":[{\"@type\":\"ReadAction\",\"target\":[\"https:\/\/www.slavkocuruvijafondacija.rs\/en\/scf-court-of-appeal-decision-surprising-we-expect-new-verdict-to-confirm-sentences-for-criminals\/\"]}]},{\"@type\":\"ImageObject\",\"inLanguage\":\"en-US\",\"@id\":\"https:\/\/www.slavkocuruvijafondacija.rs\/en\/scf-court-of-appeal-decision-surprising-we-expect-new-verdict-to-confirm-sentences-for-criminals\/#primaryimage\",\"url\":\"https:\/\/www.slavkocuruvijafondacija.rs\/wp-content\/uploads\/2016\/04\/curuvija1_CROP.jpg\",\"contentUrl\":\"https:\/\/www.slavkocuruvijafondacija.rs\/wp-content\/uploads\/2016\/04\/curuvija1_CROP.jpg\",\"width\":900,\"height\":653,\"caption\":\"Foto: Predrag Miti\u0107\"},{\"@type\":\"WebSite\",\"@id\":\"https:\/\/www.slavkocuruvijafondacija.rs\/#website\",\"url\":\"https:\/\/www.slavkocuruvijafondacija.rs\/\",\"name\":\"Slavko \u0106uruvija fondacija\",\"description\":\"Slavko \u0106uruvija fondacija (S\u0106F) radi na promociji i unapre\u0111enju slobodnih, nezavisnih i odgovornih medija u Srbiji.\",\"publisher\":{\"@id\":\"https:\/\/www.slavkocuruvijafondacija.rs\/#organization\"},\"potentialAction\":[{\"@type\":\"SearchAction\",\"target\":{\"@type\":\"EntryPoint\",\"urlTemplate\":\"https:\/\/www.slavkocuruvijafondacija.rs\/?s={search_term_string}\"},\"query-input\":{\"@type\":\"PropertyValueSpecification\",\"valueRequired\":true,\"valueName\":\"search_term_string\"}}],\"inLanguage\":\"en-US\"},{\"@type\":\"Organization\",\"@id\":\"https:\/\/www.slavkocuruvijafondacija.rs\/#organization\",\"name\":\"Slavko Curuvija Foundation\",\"url\":\"https:\/\/www.slavkocuruvijafondacija.rs\/\",\"logo\":{\"@type\":\"ImageObject\",\"inLanguage\":\"en-US\",\"@id\":\"https:\/\/www.slavkocuruvijafondacija.rs\/#\/schema\/logo\/image\/\",\"url\":\"https:\/\/www.slavkocuruvijafondacija.rs\/wp-content\/uploads\/2021\/03\/SCF-Logo-900-600.jpg\",\"contentUrl\":\"https:\/\/www.slavkocuruvijafondacija.rs\/wp-content\/uploads\/2021\/03\/SCF-Logo-900-600.jpg\",\"width\":900,\"height\":600,\"caption\":\"Slavko Curuvija Foundation\"},\"image\":{\"@id\":\"https:\/\/www.slavkocuruvijafondacija.rs\/#\/schema\/logo\/image\/\"},\"sameAs\":[\"https:\/\/www.facebook.com\/slavkocuruvijafondacija\/\",\"https:\/\/x.com\/scfondacija\",\"https:\/\/www.instagram.com\/slavko_curuvija_fondacija\/\",\"https:\/\/www.linkedin.com\/company\/slavko-curuvija-foundation\/\",\"https:\/\/www.youtube.com\/channel\/UCEDcWS1sfG6qvaiBvVJJVRQ\"]},{\"@type\":\"Person\",\"@id\":\"https:\/\/www.slavkocuruvijafondacija.rs\/#\/schema\/person\/d235fc303ee4385f0d60f7be176eb741\",\"name\":\"Vojin Mitrovic\",\"image\":{\"@type\":\"ImageObject\",\"inLanguage\":\"en-US\",\"@id\":\"https:\/\/www.slavkocuruvijafondacija.rs\/#\/schema\/person\/image\/\",\"url\":\"https:\/\/secure.gravatar.com\/avatar\/ac7796564557f0f54e187b1b171f1796a9afbb07e218a2a28395548648bd49e1?s=96&d=mm&r=g\",\"contentUrl\":\"https:\/\/secure.gravatar.com\/avatar\/ac7796564557f0f54e187b1b171f1796a9afbb07e218a2a28395548648bd49e1?s=96&d=mm&r=g\",\"caption\":\"Vojin Mitrovic\"},\"url\":\"https:\/\/www.slavkocuruvijafondacija.rs\/en\/author\/vojin\/\"}]}<\/script>\n<!-- \/ Yoast SEO plugin. -->","yoast_head_json":{"title":"S\u0106F: Court of Appeal decision surprising, we expect new verdict to confirm sentences for criminals","robots":{"index":"index","follow":"follow","max-snippet":"max-snippet:-1","max-image-preview":"max-image-preview:large","max-video-preview":"max-video-preview:-1"},"canonical":"https:\/\/www.slavkocuruvijafondacija.rs\/en\/scf-court-of-appeal-decision-surprising-we-expect-new-verdict-to-confirm-sentences-for-criminals\/","og_locale":"en_US","og_type":"article","og_title":"S\u0106F: Court of Appeal decision surprising, we expect new verdict to confirm sentences for criminals","og_description":"September 8, 2020 The Slavko \u0106uruvija Foundation was unpleasantly surprised with the decision of the Court of Appeal \u2013 five and a half years after the start of this process \u2013 to overturn the first-instance verdicts in the murder of journalist Slavko \u0106uruvija and to return the case for a new trial. With this decision the genuine agony continues for the family, friends and admirers of the murdered journalist, who have already been awaiting justice for more than 21 years. [&hellip;]","og_url":"https:\/\/www.slavkocuruvijafondacija.rs\/en\/scf-court-of-appeal-decision-surprising-we-expect-new-verdict-to-confirm-sentences-for-criminals\/","og_site_name":"Slavko \u0106uruvija fondacija","article_publisher":"https:\/\/www.facebook.com\/slavkocuruvijafondacija\/","article_published_time":"2020-09-08T16:10:06+00:00","article_modified_time":"2021-07-21T11:10:24+00:00","og_image":[{"width":900,"height":653,"url":"https:\/\/www.slavkocuruvijafondacija.rs\/wp-content\/uploads\/2016\/04\/curuvija1_CROP.jpg","type":"image\/jpeg"}],"author":"Vojin Mitrovic","twitter_card":"summary_large_image","twitter_creator":"@scfondacija","twitter_site":"@scfondacija","twitter_misc":{"Written by":"Vojin Mitrovic","Est. reading time":"1 minute"},"schema":{"@context":"https:\/\/schema.org","@graph":[{"@type":"Article","@id":"https:\/\/www.slavkocuruvijafondacija.rs\/en\/scf-court-of-appeal-decision-surprising-we-expect-new-verdict-to-confirm-sentences-for-criminals\/#article","isPartOf":{"@id":"https:\/\/www.slavkocuruvijafondacija.rs\/en\/scf-court-of-appeal-decision-surprising-we-expect-new-verdict-to-confirm-sentences-for-criminals\/"},"author":{"name":"Vojin Mitrovic","@id":"https:\/\/www.slavkocuruvijafondacija.rs\/#\/schema\/person\/d235fc303ee4385f0d60f7be176eb741"},"headline":"S\u0106F: Court of Appeal decision surprising, we expect new verdict to confirm sentences for criminals","datePublished":"2020-09-08T16:10:06+00:00","dateModified":"2021-07-21T11:10:24+00:00","mainEntityOfPage":{"@id":"https:\/\/www.slavkocuruvijafondacija.rs\/en\/scf-court-of-appeal-decision-surprising-we-expect-new-verdict-to-confirm-sentences-for-criminals\/"},"wordCount":267,"publisher":{"@id":"https:\/\/www.slavkocuruvijafondacija.rs\/#organization"},"image":{"@id":"https:\/\/www.slavkocuruvijafondacija.rs\/en\/scf-court-of-appeal-decision-surprising-we-expect-new-verdict-to-confirm-sentences-for-criminals\/#primaryimage"},"thumbnailUrl":"https:\/\/www.slavkocuruvijafondacija.rs\/wp-content\/uploads\/2016\/04\/curuvija1_CROP.jpg","keywords":["Trial for the murder of Slavko \u0106uruvija"],"articleSection":["News"],"inLanguage":"en-US"},{"@type":"WebPage","@id":"https:\/\/www.slavkocuruvijafondacija.rs\/en\/scf-court-of-appeal-decision-surprising-we-expect-new-verdict-to-confirm-sentences-for-criminals\/","url":"https:\/\/www.slavkocuruvijafondacija.rs\/en\/scf-court-of-appeal-decision-surprising-we-expect-new-verdict-to-confirm-sentences-for-criminals\/","name":"S\u0106F: Court of Appeal decision surprising, we expect new verdict to confirm sentences for criminals","isPartOf":{"@id":"https:\/\/www.slavkocuruvijafondacija.rs\/#website"},"primaryImageOfPage":{"@id":"https:\/\/www.slavkocuruvijafondacija.rs\/en\/scf-court-of-appeal-decision-surprising-we-expect-new-verdict-to-confirm-sentences-for-criminals\/#primaryimage"},"image":{"@id":"https:\/\/www.slavkocuruvijafondacija.rs\/en\/scf-court-of-appeal-decision-surprising-we-expect-new-verdict-to-confirm-sentences-for-criminals\/#primaryimage"},"thumbnailUrl":"https:\/\/www.slavkocuruvijafondacija.rs\/wp-content\/uploads\/2016\/04\/curuvija1_CROP.jpg","datePublished":"2020-09-08T16:10:06+00:00","dateModified":"2021-07-21T11:10:24+00:00","inLanguage":"en-US","potentialAction":[{"@type":"ReadAction","target":["https:\/\/www.slavkocuruvijafondacija.rs\/en\/scf-court-of-appeal-decision-surprising-we-expect-new-verdict-to-confirm-sentences-for-criminals\/"]}]},{"@type":"ImageObject","inLanguage":"en-US","@id":"https:\/\/www.slavkocuruvijafondacija.rs\/en\/scf-court-of-appeal-decision-surprising-we-expect-new-verdict-to-confirm-sentences-for-criminals\/#primaryimage","url":"https:\/\/www.slavkocuruvijafondacija.rs\/wp-content\/uploads\/2016\/04\/curuvija1_CROP.jpg","contentUrl":"https:\/\/www.slavkocuruvijafondacija.rs\/wp-content\/uploads\/2016\/04\/curuvija1_CROP.jpg","width":900,"height":653,"caption":"Foto: Predrag Miti\u0107"},{"@type":"WebSite","@id":"https:\/\/www.slavkocuruvijafondacija.rs\/#website","url":"https:\/\/www.slavkocuruvijafondacija.rs\/","name":"Slavko \u0106uruvija fondacija","description":"Slavko \u0106uruvija fondacija (S\u0106F) radi na promociji i unapre\u0111enju slobodnih, nezavisnih i odgovornih medija u Srbiji.","publisher":{"@id":"https:\/\/www.slavkocuruvijafondacija.rs\/#organization"},"potentialAction":[{"@type":"SearchAction","target":{"@type":"EntryPoint","urlTemplate":"https:\/\/www.slavkocuruvijafondacija.rs\/?s={search_term_string}"},"query-input":{"@type":"PropertyValueSpecification","valueRequired":true,"valueName":"search_term_string"}}],"inLanguage":"en-US"},{"@type":"Organization","@id":"https:\/\/www.slavkocuruvijafondacija.rs\/#organization","name":"Slavko Curuvija Foundation","url":"https:\/\/www.slavkocuruvijafondacija.rs\/","logo":{"@type":"ImageObject","inLanguage":"en-US","@id":"https:\/\/www.slavkocuruvijafondacija.rs\/#\/schema\/logo\/image\/","url":"https:\/\/www.slavkocuruvijafondacija.rs\/wp-content\/uploads\/2021\/03\/SCF-Logo-900-600.jpg","contentUrl":"https:\/\/www.slavkocuruvijafondacija.rs\/wp-content\/uploads\/2021\/03\/SCF-Logo-900-600.jpg","width":900,"height":600,"caption":"Slavko Curuvija Foundation"},"image":{"@id":"https:\/\/www.slavkocuruvijafondacija.rs\/#\/schema\/logo\/image\/"},"sameAs":["https:\/\/www.facebook.com\/slavkocuruvijafondacija\/","https:\/\/x.com\/scfondacija","https:\/\/www.instagram.com\/slavko_curuvija_fondacija\/","https:\/\/www.linkedin.com\/company\/slavko-curuvija-foundation\/","https:\/\/www.youtube.com\/channel\/UCEDcWS1sfG6qvaiBvVJJVRQ"]},{"@type":"Person","@id":"https:\/\/www.slavkocuruvijafondacija.rs\/#\/schema\/person\/d235fc303ee4385f0d60f7be176eb741","name":"Vojin Mitrovic","image":{"@type":"ImageObject","inLanguage":"en-US","@id":"https:\/\/www.slavkocuruvijafondacija.rs\/#\/schema\/person\/image\/","url":"https:\/\/secure.gravatar.com\/avatar\/ac7796564557f0f54e187b1b171f1796a9afbb07e218a2a28395548648bd49e1?s=96&d=mm&r=g","contentUrl":"https:\/\/secure.gravatar.com\/avatar\/ac7796564557f0f54e187b1b171f1796a9afbb07e218a2a28395548648bd49e1?s=96&d=mm&r=g","caption":"Vojin Mitrovic"},"url":"https:\/\/www.slavkocuruvijafondacija.rs\/en\/author\/vojin\/"}]}},"_links":{"self":[{"href":"https:\/\/www.slavkocuruvijafondacija.rs\/en\/wp-json\/wp\/v2\/posts\/5750","targetHints":{"allow":["GET"]}}],"collection":[{"href":"https:\/\/www.slavkocuruvijafondacija.rs\/en\/wp-json\/wp\/v2\/posts"}],"about":[{"href":"https:\/\/www.slavkocuruvijafondacija.rs\/en\/wp-json\/wp\/v2\/types\/post"}],"author":[{"embeddable":true,"href":"https:\/\/www.slavkocuruvijafondacija.rs\/en\/wp-json\/wp\/v2\/users\/4"}],"replies":[{"embeddable":true,"href":"https:\/\/www.slavkocuruvijafondacija.rs\/en\/wp-json\/wp\/v2\/comments?post=5750"}],"version-history":[{"count":1,"href":"https:\/\/www.slavkocuruvijafondacija.rs\/en\/wp-json\/wp\/v2\/posts\/5750\/revisions"}],"predecessor-version":[{"id":5751,"href":"https:\/\/www.slavkocuruvijafondacija.rs\/en\/wp-json\/wp\/v2\/posts\/5750\/revisions\/5751"}],"wp:featuredmedia":[{"embeddable":true,"href":"https:\/\/www.slavkocuruvijafondacija.rs\/en\/wp-json\/wp\/v2\/media\/3989"}],"wp:attachment":[{"href":"https:\/\/www.slavkocuruvijafondacija.rs\/en\/wp-json\/wp\/v2\/media?parent=5750"}],"wp:term":[{"taxonomy":"category","embeddable":true,"href":"https:\/\/www.slavkocuruvijafondacija.rs\/en\/wp-json\/wp\/v2\/categories?post=5750"},{"taxonomy":"post_tag","embeddable":true,"href":"https:\/\/www.slavkocuruvijafondacija.rs\/en\/wp-json\/wp\/v2\/tags?post=5750"}],"curies":[{"name":"wp","href":"https:\/\/api.w.org\/{rel}","templated":true}]}}