{"id":5610,"date":"2020-07-06T11:12:07","date_gmt":"2020-07-06T09:12:07","guid":{"rendered":"https:\/\/www.slavkocuruvijafondacija.rs\/?p=5610"},"modified":"2020-07-06T11:12:07","modified_gmt":"2020-07-06T09:12:07","slug":"desir-the-exceptionally-important-decision-of-the-higher-court-the-crime-has-to-be-punished","status":"publish","type":"post","link":"https:\/\/www.slavkocuruvijafondacija.rs\/en\/desir-the-exceptionally-important-decision-of-the-higher-court-the-crime-has-to-be-punished\/","title":{"rendered":"Desir: The exceptionally important decision of the Higher Court, the crime has to be punished"},"content":{"rendered":"<p>July 6, 2020.<\/p>\n<hr \/>\n<h2>\u201cIt is of the utmost importance that all those involved in this heinous crime do not go unpunished,\u201d says Harlem Desir, the OSCE Representative on Freedom of the Media in the statement for Cenzolovka, adding that his Office will closely follow the trial that will start on 7 July at the Court of Appeals.<\/h2>\n<p><em>By Marija \u0160ajka\u0161 (New York), source: <a href=\"https:\/\/www.cenzolovka.rs\/english\/desir-the-exceptionally-important-decision-of-the-higher-court-the-crime-has-to-be-punished\/\" target=\"_blank\" rel=\"noopener noreferrer\">Cenzolovka<\/a><\/em><\/p>\n<p>In the statement for Cenzolovka, Harlem Desir, the OSCE Representative on Freedom of the Media, reminds that in the April of last year he has welcomed the decision of the High Court in Belgrade, sentencing former state security officials for organizing and taking part in the murder of journalist Slavko \u0106uruvija on 11 April 1999.<\/p>\n<p>In April of 2019, Desir has welcomed the verdict of the Department for Organized Crime of the High Court in Belgrade, which has convicted four former State Security members to a total of 100 years in prison, calling it historic.<\/p>\n<p>\u201cImpunity must not prevail, even 20 years after, and that is why the decision of the High Court in 2019\u00a0 was important,\u201d said Desir.<\/p>\n<p>\u201cMy Office will be closely following the procedure in the second instance that will start on 7 July at the Court of Appeals in Belgrade. It is of the utmost importance that all those involved in this heinous crime do not go unpunished. All crimes against media professionals need to be fully investigated,\u201d said Harlem Desir for Cenzolovka.<\/p>\n","protected":false},"excerpt":{"rendered":"<p>July 6, 2020. \u201cIt is of the utmost importance that all those involved in this heinous crime do not go unpunished,\u201d says Harlem Desir, the OSCE Representative on Freedom of the Media in the statement for Cenzolovka, adding that his Office will closely follow the trial that will start on 7 July at the Court of Appeals. By Marija \u0160ajka\u0161 (New York), source: Cenzolovka In the statement for Cenzolovka, Harlem Desir, the OSCE Representative on Freedom of the Media, reminds [&hellip;]<\/p>\n","protected":false},"author":4,"featured_media":5600,"comment_status":"closed","ping_status":"open","sticky":false,"template":"","format":"standard","meta":{"footnotes":""},"categories":[8],"tags":[],"class_list":["post-5610","post","type-post","status-publish","format-standard","has-post-thumbnail","hentry","category-content-en"],"yoast_head":"<!-- This site is optimized with the Yoast SEO plugin v25.6 - https:\/\/yoast.com\/wordpress\/plugins\/seo\/ -->\n<title>Desir: The exceptionally important decision of the Higher Court, the crime has to be punished<\/title>\n<meta name=\"robots\" content=\"index, follow, max-snippet:-1, max-image-preview:large, max-video-preview:-1\" \/>\n<link rel=\"canonical\" href=\"https:\/\/www.slavkocuruvijafondacija.rs\/en\/desir-the-exceptionally-important-decision-of-the-higher-court-the-crime-has-to-be-punished\/\" \/>\n<meta property=\"og:locale\" content=\"en_US\" \/>\n<meta property=\"og:type\" content=\"article\" \/>\n<meta property=\"og:title\" content=\"Desir: The exceptionally important decision of the Higher Court, the crime has to be punished\" \/>\n<meta property=\"og:description\" content=\"July 6, 2020. \u201cIt is of the utmost importance that all those involved in this heinous crime do not go unpunished,\u201d says Harlem Desir, the OSCE Representative on Freedom of the Media in the statement for Cenzolovka, adding that his Office will closely follow the trial that will start on 7 July at the Court of Appeals. By Marija \u0160ajka\u0161 (New York), source: Cenzolovka In the statement for Cenzolovka, Harlem Desir, the OSCE Representative on Freedom of the Media, reminds [&hellip;]\" \/>\n<meta property=\"og:url\" content=\"https:\/\/www.slavkocuruvijafondacija.rs\/en\/desir-the-exceptionally-important-decision-of-the-higher-court-the-crime-has-to-be-punished\/\" \/>\n<meta property=\"og:site_name\" content=\"Slavko \u0106uruvija fondacija\" \/>\n<meta property=\"article:publisher\" content=\"https:\/\/www.facebook.com\/slavkocuruvijafondacija\/\" \/>\n<meta property=\"article:published_time\" content=\"2020-07-06T09:12:07+00:00\" \/>\n<meta property=\"og:image\" content=\"https:\/\/www.slavkocuruvijafondacija.rs\/wp-content\/uploads\/2020\/07\/Harlem_Desir_flickr.jpg\" \/>\n\t<meta property=\"og:image:width\" content=\"900\" \/>\n\t<meta property=\"og:image:height\" content=\"600\" \/>\n\t<meta property=\"og:image:type\" content=\"image\/jpeg\" \/>\n<meta name=\"author\" content=\"Vojin Mitrovic\" \/>\n<meta name=\"twitter:card\" content=\"summary_large_image\" \/>\n<meta name=\"twitter:creator\" content=\"@scfondacija\" \/>\n<meta name=\"twitter:site\" content=\"@scfondacija\" \/>\n<meta name=\"twitter:label1\" content=\"Written by\" \/>\n\t<meta name=\"twitter:data1\" content=\"Vojin Mitrovic\" \/>\n\t<meta name=\"twitter:label2\" content=\"Est. reading time\" \/>\n\t<meta name=\"twitter:data2\" content=\"1 minute\" \/>\n<script type=\"application\/ld+json\" class=\"yoast-schema-graph\">{\"@context\":\"https:\/\/schema.org\",\"@graph\":[{\"@type\":\"Article\",\"@id\":\"https:\/\/www.slavkocuruvijafondacija.rs\/en\/desir-the-exceptionally-important-decision-of-the-higher-court-the-crime-has-to-be-punished\/#article\",\"isPartOf\":{\"@id\":\"https:\/\/www.slavkocuruvijafondacija.rs\/en\/desir-the-exceptionally-important-decision-of-the-higher-court-the-crime-has-to-be-punished\/\"},\"author\":{\"name\":\"Vojin Mitrovic\",\"@id\":\"https:\/\/www.slavkocuruvijafondacija.rs\/#\/schema\/person\/d235fc303ee4385f0d60f7be176eb741\"},\"headline\":\"Desir: The exceptionally important decision of the Higher Court, the crime has to be punished\",\"datePublished\":\"2020-07-06T09:12:07+00:00\",\"mainEntityOfPage\":{\"@id\":\"https:\/\/www.slavkocuruvijafondacija.rs\/en\/desir-the-exceptionally-important-decision-of-the-higher-court-the-crime-has-to-be-punished\/\"},\"wordCount\":246,\"publisher\":{\"@id\":\"https:\/\/www.slavkocuruvijafondacija.rs\/#organization\"},\"image\":{\"@id\":\"https:\/\/www.slavkocuruvijafondacija.rs\/en\/desir-the-exceptionally-important-decision-of-the-higher-court-the-crime-has-to-be-punished\/#primaryimage\"},\"thumbnailUrl\":\"https:\/\/www.slavkocuruvijafondacija.rs\/wp-content\/uploads\/2020\/07\/Harlem_Desir_flickr.jpg\",\"articleSection\":[\"News\"],\"inLanguage\":\"en-US\"},{\"@type\":\"WebPage\",\"@id\":\"https:\/\/www.slavkocuruvijafondacija.rs\/en\/desir-the-exceptionally-important-decision-of-the-higher-court-the-crime-has-to-be-punished\/\",\"url\":\"https:\/\/www.slavkocuruvijafondacija.rs\/en\/desir-the-exceptionally-important-decision-of-the-higher-court-the-crime-has-to-be-punished\/\",\"name\":\"Desir: The exceptionally important decision of the Higher Court, the crime has to be punished\",\"isPartOf\":{\"@id\":\"https:\/\/www.slavkocuruvijafondacija.rs\/#website\"},\"primaryImageOfPage\":{\"@id\":\"https:\/\/www.slavkocuruvijafondacija.rs\/en\/desir-the-exceptionally-important-decision-of-the-higher-court-the-crime-has-to-be-punished\/#primaryimage\"},\"image\":{\"@id\":\"https:\/\/www.slavkocuruvijafondacija.rs\/en\/desir-the-exceptionally-important-decision-of-the-higher-court-the-crime-has-to-be-punished\/#primaryimage\"},\"thumbnailUrl\":\"https:\/\/www.slavkocuruvijafondacija.rs\/wp-content\/uploads\/2020\/07\/Harlem_Desir_flickr.jpg\",\"datePublished\":\"2020-07-06T09:12:07+00:00\",\"inLanguage\":\"en-US\",\"potentialAction\":[{\"@type\":\"ReadAction\",\"target\":[\"https:\/\/www.slavkocuruvijafondacija.rs\/en\/desir-the-exceptionally-important-decision-of-the-higher-court-the-crime-has-to-be-punished\/\"]}]},{\"@type\":\"ImageObject\",\"inLanguage\":\"en-US\",\"@id\":\"https:\/\/www.slavkocuruvijafondacija.rs\/en\/desir-the-exceptionally-important-decision-of-the-higher-court-the-crime-has-to-be-punished\/#primaryimage\",\"url\":\"https:\/\/www.slavkocuruvijafondacija.rs\/wp-content\/uploads\/2020\/07\/Harlem_Desir_flickr.jpg\",\"contentUrl\":\"https:\/\/www.slavkocuruvijafondacija.rs\/wp-content\/uploads\/2020\/07\/Harlem_Desir_flickr.jpg\",\"width\":900,\"height\":600},{\"@type\":\"WebSite\",\"@id\":\"https:\/\/www.slavkocuruvijafondacija.rs\/#website\",\"url\":\"https:\/\/www.slavkocuruvijafondacija.rs\/\",\"name\":\"Slavko \u0106uruvija fondacija\",\"description\":\"Slavko \u0106uruvija fondacija (S\u0106F) radi na promociji i unapre\u0111enju slobodnih, nezavisnih i odgovornih medija u Srbiji.\",\"publisher\":{\"@id\":\"https:\/\/www.slavkocuruvijafondacija.rs\/#organization\"},\"potentialAction\":[{\"@type\":\"SearchAction\",\"target\":{\"@type\":\"EntryPoint\",\"urlTemplate\":\"https:\/\/www.slavkocuruvijafondacija.rs\/?s={search_term_string}\"},\"query-input\":{\"@type\":\"PropertyValueSpecification\",\"valueRequired\":true,\"valueName\":\"search_term_string\"}}],\"inLanguage\":\"en-US\"},{\"@type\":\"Organization\",\"@id\":\"https:\/\/www.slavkocuruvijafondacija.rs\/#organization\",\"name\":\"Slavko Curuvija Foundation\",\"url\":\"https:\/\/www.slavkocuruvijafondacija.rs\/\",\"logo\":{\"@type\":\"ImageObject\",\"inLanguage\":\"en-US\",\"@id\":\"https:\/\/www.slavkocuruvijafondacija.rs\/#\/schema\/logo\/image\/\",\"url\":\"https:\/\/www.slavkocuruvijafondacija.rs\/wp-content\/uploads\/2021\/03\/SCF-Logo-900-600.jpg\",\"contentUrl\":\"https:\/\/www.slavkocuruvijafondacija.rs\/wp-content\/uploads\/2021\/03\/SCF-Logo-900-600.jpg\",\"width\":900,\"height\":600,\"caption\":\"Slavko Curuvija Foundation\"},\"image\":{\"@id\":\"https:\/\/www.slavkocuruvijafondacija.rs\/#\/schema\/logo\/image\/\"},\"sameAs\":[\"https:\/\/www.facebook.com\/slavkocuruvijafondacija\/\",\"https:\/\/x.com\/scfondacija\",\"https:\/\/www.instagram.com\/slavko_curuvija_fondacija\/\",\"https:\/\/www.linkedin.com\/company\/slavko-curuvija-foundation\/\",\"https:\/\/www.youtube.com\/channel\/UCEDcWS1sfG6qvaiBvVJJVRQ\"]},{\"@type\":\"Person\",\"@id\":\"https:\/\/www.slavkocuruvijafondacija.rs\/#\/schema\/person\/d235fc303ee4385f0d60f7be176eb741\",\"name\":\"Vojin Mitrovic\",\"image\":{\"@type\":\"ImageObject\",\"inLanguage\":\"en-US\",\"@id\":\"https:\/\/www.slavkocuruvijafondacija.rs\/#\/schema\/person\/image\/\",\"url\":\"https:\/\/secure.gravatar.com\/avatar\/ac7796564557f0f54e187b1b171f1796a9afbb07e218a2a28395548648bd49e1?s=96&d=mm&r=g\",\"contentUrl\":\"https:\/\/secure.gravatar.com\/avatar\/ac7796564557f0f54e187b1b171f1796a9afbb07e218a2a28395548648bd49e1?s=96&d=mm&r=g\",\"caption\":\"Vojin Mitrovic\"},\"url\":\"https:\/\/www.slavkocuruvijafondacija.rs\/en\/author\/vojin\/\"}]}<\/script>\n<!-- \/ Yoast SEO plugin. -->","yoast_head_json":{"title":"Desir: The exceptionally important decision of the Higher Court, the crime has to be punished","robots":{"index":"index","follow":"follow","max-snippet":"max-snippet:-1","max-image-preview":"max-image-preview:large","max-video-preview":"max-video-preview:-1"},"canonical":"https:\/\/www.slavkocuruvijafondacija.rs\/en\/desir-the-exceptionally-important-decision-of-the-higher-court-the-crime-has-to-be-punished\/","og_locale":"en_US","og_type":"article","og_title":"Desir: The exceptionally important decision of the Higher Court, the crime has to be punished","og_description":"July 6, 2020. \u201cIt is of the utmost importance that all those involved in this heinous crime do not go unpunished,\u201d says Harlem Desir, the OSCE Representative on Freedom of the Media in the statement for Cenzolovka, adding that his Office will closely follow the trial that will start on 7 July at the Court of Appeals. By Marija \u0160ajka\u0161 (New York), source: Cenzolovka In the statement for Cenzolovka, Harlem Desir, the OSCE Representative on Freedom of the Media, reminds [&hellip;]","og_url":"https:\/\/www.slavkocuruvijafondacija.rs\/en\/desir-the-exceptionally-important-decision-of-the-higher-court-the-crime-has-to-be-punished\/","og_site_name":"Slavko \u0106uruvija fondacija","article_publisher":"https:\/\/www.facebook.com\/slavkocuruvijafondacija\/","article_published_time":"2020-07-06T09:12:07+00:00","og_image":[{"width":900,"height":600,"url":"https:\/\/www.slavkocuruvijafondacija.rs\/wp-content\/uploads\/2020\/07\/Harlem_Desir_flickr.jpg","type":"image\/jpeg"}],"author":"Vojin Mitrovic","twitter_card":"summary_large_image","twitter_creator":"@scfondacija","twitter_site":"@scfondacija","twitter_misc":{"Written by":"Vojin Mitrovic","Est. reading time":"1 minute"},"schema":{"@context":"https:\/\/schema.org","@graph":[{"@type":"Article","@id":"https:\/\/www.slavkocuruvijafondacija.rs\/en\/desir-the-exceptionally-important-decision-of-the-higher-court-the-crime-has-to-be-punished\/#article","isPartOf":{"@id":"https:\/\/www.slavkocuruvijafondacija.rs\/en\/desir-the-exceptionally-important-decision-of-the-higher-court-the-crime-has-to-be-punished\/"},"author":{"name":"Vojin Mitrovic","@id":"https:\/\/www.slavkocuruvijafondacija.rs\/#\/schema\/person\/d235fc303ee4385f0d60f7be176eb741"},"headline":"Desir: The exceptionally important decision of the Higher Court, the crime has to be punished","datePublished":"2020-07-06T09:12:07+00:00","mainEntityOfPage":{"@id":"https:\/\/www.slavkocuruvijafondacija.rs\/en\/desir-the-exceptionally-important-decision-of-the-higher-court-the-crime-has-to-be-punished\/"},"wordCount":246,"publisher":{"@id":"https:\/\/www.slavkocuruvijafondacija.rs\/#organization"},"image":{"@id":"https:\/\/www.slavkocuruvijafondacija.rs\/en\/desir-the-exceptionally-important-decision-of-the-higher-court-the-crime-has-to-be-punished\/#primaryimage"},"thumbnailUrl":"https:\/\/www.slavkocuruvijafondacija.rs\/wp-content\/uploads\/2020\/07\/Harlem_Desir_flickr.jpg","articleSection":["News"],"inLanguage":"en-US"},{"@type":"WebPage","@id":"https:\/\/www.slavkocuruvijafondacija.rs\/en\/desir-the-exceptionally-important-decision-of-the-higher-court-the-crime-has-to-be-punished\/","url":"https:\/\/www.slavkocuruvijafondacija.rs\/en\/desir-the-exceptionally-important-decision-of-the-higher-court-the-crime-has-to-be-punished\/","name":"Desir: The exceptionally important decision of the Higher Court, the crime has to be punished","isPartOf":{"@id":"https:\/\/www.slavkocuruvijafondacija.rs\/#website"},"primaryImageOfPage":{"@id":"https:\/\/www.slavkocuruvijafondacija.rs\/en\/desir-the-exceptionally-important-decision-of-the-higher-court-the-crime-has-to-be-punished\/#primaryimage"},"image":{"@id":"https:\/\/www.slavkocuruvijafondacija.rs\/en\/desir-the-exceptionally-important-decision-of-the-higher-court-the-crime-has-to-be-punished\/#primaryimage"},"thumbnailUrl":"https:\/\/www.slavkocuruvijafondacija.rs\/wp-content\/uploads\/2020\/07\/Harlem_Desir_flickr.jpg","datePublished":"2020-07-06T09:12:07+00:00","inLanguage":"en-US","potentialAction":[{"@type":"ReadAction","target":["https:\/\/www.slavkocuruvijafondacija.rs\/en\/desir-the-exceptionally-important-decision-of-the-higher-court-the-crime-has-to-be-punished\/"]}]},{"@type":"ImageObject","inLanguage":"en-US","@id":"https:\/\/www.slavkocuruvijafondacija.rs\/en\/desir-the-exceptionally-important-decision-of-the-higher-court-the-crime-has-to-be-punished\/#primaryimage","url":"https:\/\/www.slavkocuruvijafondacija.rs\/wp-content\/uploads\/2020\/07\/Harlem_Desir_flickr.jpg","contentUrl":"https:\/\/www.slavkocuruvijafondacija.rs\/wp-content\/uploads\/2020\/07\/Harlem_Desir_flickr.jpg","width":900,"height":600},{"@type":"WebSite","@id":"https:\/\/www.slavkocuruvijafondacija.rs\/#website","url":"https:\/\/www.slavkocuruvijafondacija.rs\/","name":"Slavko \u0106uruvija fondacija","description":"Slavko \u0106uruvija fondacija (S\u0106F) radi na promociji i unapre\u0111enju slobodnih, nezavisnih i odgovornih medija u Srbiji.","publisher":{"@id":"https:\/\/www.slavkocuruvijafondacija.rs\/#organization"},"potentialAction":[{"@type":"SearchAction","target":{"@type":"EntryPoint","urlTemplate":"https:\/\/www.slavkocuruvijafondacija.rs\/?s={search_term_string}"},"query-input":{"@type":"PropertyValueSpecification","valueRequired":true,"valueName":"search_term_string"}}],"inLanguage":"en-US"},{"@type":"Organization","@id":"https:\/\/www.slavkocuruvijafondacija.rs\/#organization","name":"Slavko Curuvija Foundation","url":"https:\/\/www.slavkocuruvijafondacija.rs\/","logo":{"@type":"ImageObject","inLanguage":"en-US","@id":"https:\/\/www.slavkocuruvijafondacija.rs\/#\/schema\/logo\/image\/","url":"https:\/\/www.slavkocuruvijafondacija.rs\/wp-content\/uploads\/2021\/03\/SCF-Logo-900-600.jpg","contentUrl":"https:\/\/www.slavkocuruvijafondacija.rs\/wp-content\/uploads\/2021\/03\/SCF-Logo-900-600.jpg","width":900,"height":600,"caption":"Slavko Curuvija Foundation"},"image":{"@id":"https:\/\/www.slavkocuruvijafondacija.rs\/#\/schema\/logo\/image\/"},"sameAs":["https:\/\/www.facebook.com\/slavkocuruvijafondacija\/","https:\/\/x.com\/scfondacija","https:\/\/www.instagram.com\/slavko_curuvija_fondacija\/","https:\/\/www.linkedin.com\/company\/slavko-curuvija-foundation\/","https:\/\/www.youtube.com\/channel\/UCEDcWS1sfG6qvaiBvVJJVRQ"]},{"@type":"Person","@id":"https:\/\/www.slavkocuruvijafondacija.rs\/#\/schema\/person\/d235fc303ee4385f0d60f7be176eb741","name":"Vojin Mitrovic","image":{"@type":"ImageObject","inLanguage":"en-US","@id":"https:\/\/www.slavkocuruvijafondacija.rs\/#\/schema\/person\/image\/","url":"https:\/\/secure.gravatar.com\/avatar\/ac7796564557f0f54e187b1b171f1796a9afbb07e218a2a28395548648bd49e1?s=96&d=mm&r=g","contentUrl":"https:\/\/secure.gravatar.com\/avatar\/ac7796564557f0f54e187b1b171f1796a9afbb07e218a2a28395548648bd49e1?s=96&d=mm&r=g","caption":"Vojin Mitrovic"},"url":"https:\/\/www.slavkocuruvijafondacija.rs\/en\/author\/vojin\/"}]}},"_links":{"self":[{"href":"https:\/\/www.slavkocuruvijafondacija.rs\/en\/wp-json\/wp\/v2\/posts\/5610","targetHints":{"allow":["GET"]}}],"collection":[{"href":"https:\/\/www.slavkocuruvijafondacija.rs\/en\/wp-json\/wp\/v2\/posts"}],"about":[{"href":"https:\/\/www.slavkocuruvijafondacija.rs\/en\/wp-json\/wp\/v2\/types\/post"}],"author":[{"embeddable":true,"href":"https:\/\/www.slavkocuruvijafondacija.rs\/en\/wp-json\/wp\/v2\/users\/4"}],"replies":[{"embeddable":true,"href":"https:\/\/www.slavkocuruvijafondacija.rs\/en\/wp-json\/wp\/v2\/comments?post=5610"}],"version-history":[{"count":1,"href":"https:\/\/www.slavkocuruvijafondacija.rs\/en\/wp-json\/wp\/v2\/posts\/5610\/revisions"}],"predecessor-version":[{"id":5611,"href":"https:\/\/www.slavkocuruvijafondacija.rs\/en\/wp-json\/wp\/v2\/posts\/5610\/revisions\/5611"}],"wp:featuredmedia":[{"embeddable":true,"href":"https:\/\/www.slavkocuruvijafondacija.rs\/en\/wp-json\/wp\/v2\/media\/5600"}],"wp:attachment":[{"href":"https:\/\/www.slavkocuruvijafondacija.rs\/en\/wp-json\/wp\/v2\/media?parent=5610"}],"wp:term":[{"taxonomy":"category","embeddable":true,"href":"https:\/\/www.slavkocuruvijafondacija.rs\/en\/wp-json\/wp\/v2\/categories?post=5610"},{"taxonomy":"post_tag","embeddable":true,"href":"https:\/\/www.slavkocuruvijafondacija.rs\/en\/wp-json\/wp\/v2\/tags?post=5610"}],"curies":[{"name":"wp","href":"https:\/\/api.w.org\/{rel}","templated":true}]}}