{"id":5144,"date":"2019-07-15T12:28:18","date_gmt":"2019-07-15T10:28:18","guid":{"rendered":"https:\/\/www.slavkocuruvijafondacija.rs\/?p=5144"},"modified":"2019-12-16T12:29:54","modified_gmt":"2019-12-16T11:29:54","slug":"press-council-publicly-warns-pro-government-portal-over-threats-to-the-safety-of-journalist-nenad-zivkovic","status":"publish","type":"post","link":"https:\/\/www.slavkocuruvijafondacija.rs\/en\/press-council-publicly-warns-pro-government-portal-over-threats-to-the-safety-of-journalist-nenad-zivkovic\/","title":{"rendered":"Press Council publicly warns pro-government portal over threats to the safety of journalist Nenad \u017divkovi\u0107"},"content":{"rendered":"<p>July 15, 2019<\/p>\n<hr \/>\n<h2>The Press Council, a self-regulating body for print and online media, has issued five public warnings to pro-government portal epancevo.rs in response to a series of articles that include numerous accusations and insults directed against pancevo.city portal journalist Nenad \u017divkovi\u0107.<\/h2>\n<p>In a series of articles published on epancevo.rs, \u017divkovi\u0107 is accused of being \u201ca resource for settling Ustasha [WWII Croatian fascist movement] accounts with Serbia,\u201d that he is \u201cengaged to increase his destructive activism when Serbs suffer in Kosovo,\u201d then of being \u201ca fake journalist, professional opposition figure, promoter of violence, obsessive materialist, apprentice spy\u201d&#8230;<\/p>\n<p>The Press Council concluded that it is a \u201c call to lynching\u201d for a person who has different political convictions than those represented by the portal&#8217;s editorial board, and that this is unacceptable for any editorial office from a professional and moral standpoint, but also very dangerous regarding the safety of journalist Nenad \u017divkovi\u0107\u201d.<\/p>\n<p>The epancevo.rs portal isn&#8217;t the only media outlet in Pan\u010devo that&#8217;s leading a dirty campaign against this journalist, who also hails from Pan\u010devo. Local state television and radio company RTV Pan\u010devo received a public warning from the Regulatory Authority for Electronic Media (REM) in response to its negative campaign against him lasting several days. However, despite being sanctioned in this way, this media outlet continued its attacks.<\/p>\n<p>RTV Pan\u010devo and epancevo.rs are known for their blind loyalty to the local and national authorities, as well for receiving impressive sums of public money every year via contests for the co-financing of media projects.<\/p>\n","protected":false},"excerpt":{"rendered":"<p>July 15, 2019 The Press Council, a self-regulating body for print and online media, has issued five public warnings to pro-government portal epancevo.rs in response to a series of articles that include numerous accusations and insults directed against pancevo.city portal journalist Nenad \u017divkovi\u0107. In a series of articles published on epancevo.rs, \u017divkovi\u0107 is accused of being \u201ca resource for settling Ustasha [WWII Croatian fascist movement] accounts with Serbia,\u201d that he is \u201cengaged to increase his destructive activism when Serbs suffer [&hellip;]<\/p>\n","protected":false},"author":4,"featured_media":4527,"comment_status":"closed","ping_status":"open","sticky":false,"template":"","format":"standard","meta":{"footnotes":""},"categories":[8],"tags":[],"class_list":["post-5144","post","type-post","status-publish","format-standard","has-post-thumbnail","hentry","category-content-en"],"yoast_head":"<!-- This site is optimized with the Yoast SEO plugin v25.6 - https:\/\/yoast.com\/wordpress\/plugins\/seo\/ -->\n<title>Press Council publicly warns pro-government portal over threats to the safety of journalist Nenad \u017divkovi\u0107<\/title>\n<meta name=\"robots\" content=\"index, follow, max-snippet:-1, max-image-preview:large, max-video-preview:-1\" \/>\n<link rel=\"canonical\" href=\"https:\/\/www.slavkocuruvijafondacija.rs\/en\/press-council-publicly-warns-pro-government-portal-over-threats-to-the-safety-of-journalist-nenad-zivkovic\/\" \/>\n<meta property=\"og:locale\" content=\"en_US\" \/>\n<meta property=\"og:type\" content=\"article\" \/>\n<meta property=\"og:title\" content=\"Press Council publicly warns pro-government portal over threats to the safety of journalist Nenad \u017divkovi\u0107\" \/>\n<meta property=\"og:description\" content=\"July 15, 2019 The Press Council, a self-regulating body for print and online media, has issued five public warnings to pro-government portal epancevo.rs in response to a series of articles that include numerous accusations and insults directed against pancevo.city portal journalist Nenad \u017divkovi\u0107. In a series of articles published on epancevo.rs, \u017divkovi\u0107 is accused of being \u201ca resource for settling Ustasha [WWII Croatian fascist movement] accounts with Serbia,\u201d that he is \u201cengaged to increase his destructive activism when Serbs suffer [&hellip;]\" \/>\n<meta property=\"og:url\" content=\"https:\/\/www.slavkocuruvijafondacija.rs\/en\/press-council-publicly-warns-pro-government-portal-over-threats-to-the-safety-of-journalist-nenad-zivkovic\/\" \/>\n<meta property=\"og:site_name\" content=\"Slavko \u0106uruvija fondacija\" \/>\n<meta property=\"article:publisher\" content=\"https:\/\/www.facebook.com\/slavkocuruvijafondacija\/\" \/>\n<meta property=\"article:published_time\" content=\"2019-07-15T10:28:18+00:00\" \/>\n<meta property=\"article:modified_time\" content=\"2019-12-16T11:29:54+00:00\" \/>\n<meta property=\"og:image\" content=\"https:\/\/www.slavkocuruvijafondacija.rs\/wp-content\/uploads\/2019\/03\/Nenad-zivkovic-foto-Dragan-Veselic.jpeg\" \/>\n\t<meta property=\"og:image:width\" content=\"1229\" \/>\n\t<meta property=\"og:image:height\" content=\"800\" \/>\n\t<meta property=\"og:image:type\" content=\"image\/jpeg\" \/>\n<meta name=\"author\" content=\"Vojin Mitrovic\" \/>\n<meta name=\"twitter:card\" content=\"summary_large_image\" \/>\n<meta name=\"twitter:creator\" content=\"@scfondacija\" \/>\n<meta name=\"twitter:site\" content=\"@scfondacija\" \/>\n<meta name=\"twitter:label1\" content=\"Written by\" \/>\n\t<meta name=\"twitter:data1\" content=\"Vojin Mitrovic\" \/>\n\t<meta name=\"twitter:label2\" content=\"Est. reading time\" \/>\n\t<meta name=\"twitter:data2\" content=\"1 minute\" \/>\n<script type=\"application\/ld+json\" class=\"yoast-schema-graph\">{\"@context\":\"https:\/\/schema.org\",\"@graph\":[{\"@type\":\"Article\",\"@id\":\"https:\/\/www.slavkocuruvijafondacija.rs\/en\/press-council-publicly-warns-pro-government-portal-over-threats-to-the-safety-of-journalist-nenad-zivkovic\/#article\",\"isPartOf\":{\"@id\":\"https:\/\/www.slavkocuruvijafondacija.rs\/en\/press-council-publicly-warns-pro-government-portal-over-threats-to-the-safety-of-journalist-nenad-zivkovic\/\"},\"author\":{\"name\":\"Vojin Mitrovic\",\"@id\":\"https:\/\/www.slavkocuruvijafondacija.rs\/#\/schema\/person\/d235fc303ee4385f0d60f7be176eb741\"},\"headline\":\"Press Council publicly warns pro-government portal over threats to the safety of journalist Nenad \u017divkovi\u0107\",\"datePublished\":\"2019-07-15T10:28:18+00:00\",\"dateModified\":\"2019-12-16T11:29:54+00:00\",\"mainEntityOfPage\":{\"@id\":\"https:\/\/www.slavkocuruvijafondacija.rs\/en\/press-council-publicly-warns-pro-government-portal-over-threats-to-the-safety-of-journalist-nenad-zivkovic\/\"},\"wordCount\":278,\"publisher\":{\"@id\":\"https:\/\/www.slavkocuruvijafondacija.rs\/#organization\"},\"image\":{\"@id\":\"https:\/\/www.slavkocuruvijafondacija.rs\/en\/press-council-publicly-warns-pro-government-portal-over-threats-to-the-safety-of-journalist-nenad-zivkovic\/#primaryimage\"},\"thumbnailUrl\":\"https:\/\/www.slavkocuruvijafondacija.rs\/wp-content\/uploads\/2019\/03\/Nenad-zivkovic-foto-Dragan-Veselic.jpeg\",\"articleSection\":[\"News\"],\"inLanguage\":\"en-US\"},{\"@type\":\"WebPage\",\"@id\":\"https:\/\/www.slavkocuruvijafondacija.rs\/en\/press-council-publicly-warns-pro-government-portal-over-threats-to-the-safety-of-journalist-nenad-zivkovic\/\",\"url\":\"https:\/\/www.slavkocuruvijafondacija.rs\/en\/press-council-publicly-warns-pro-government-portal-over-threats-to-the-safety-of-journalist-nenad-zivkovic\/\",\"name\":\"Press Council publicly warns pro-government portal over threats to the safety of journalist Nenad \u017divkovi\u0107\",\"isPartOf\":{\"@id\":\"https:\/\/www.slavkocuruvijafondacija.rs\/#website\"},\"primaryImageOfPage\":{\"@id\":\"https:\/\/www.slavkocuruvijafondacija.rs\/en\/press-council-publicly-warns-pro-government-portal-over-threats-to-the-safety-of-journalist-nenad-zivkovic\/#primaryimage\"},\"image\":{\"@id\":\"https:\/\/www.slavkocuruvijafondacija.rs\/en\/press-council-publicly-warns-pro-government-portal-over-threats-to-the-safety-of-journalist-nenad-zivkovic\/#primaryimage\"},\"thumbnailUrl\":\"https:\/\/www.slavkocuruvijafondacija.rs\/wp-content\/uploads\/2019\/03\/Nenad-zivkovic-foto-Dragan-Veselic.jpeg\",\"datePublished\":\"2019-07-15T10:28:18+00:00\",\"dateModified\":\"2019-12-16T11:29:54+00:00\",\"inLanguage\":\"en-US\",\"potentialAction\":[{\"@type\":\"ReadAction\",\"target\":[\"https:\/\/www.slavkocuruvijafondacija.rs\/en\/press-council-publicly-warns-pro-government-portal-over-threats-to-the-safety-of-journalist-nenad-zivkovic\/\"]}]},{\"@type\":\"ImageObject\",\"inLanguage\":\"en-US\",\"@id\":\"https:\/\/www.slavkocuruvijafondacija.rs\/en\/press-council-publicly-warns-pro-government-portal-over-threats-to-the-safety-of-journalist-nenad-zivkovic\/#primaryimage\",\"url\":\"https:\/\/www.slavkocuruvijafondacija.rs\/wp-content\/uploads\/2019\/03\/Nenad-zivkovic-foto-Dragan-Veselic.jpeg\",\"contentUrl\":\"https:\/\/www.slavkocuruvijafondacija.rs\/wp-content\/uploads\/2019\/03\/Nenad-zivkovic-foto-Dragan-Veselic.jpeg\",\"width\":1229,\"height\":800},{\"@type\":\"WebSite\",\"@id\":\"https:\/\/www.slavkocuruvijafondacija.rs\/#website\",\"url\":\"https:\/\/www.slavkocuruvijafondacija.rs\/\",\"name\":\"Slavko \u0106uruvija fondacija\",\"description\":\"Slavko \u0106uruvija fondacija (S\u0106F) radi na promociji i unapre\u0111enju slobodnih, nezavisnih i odgovornih medija u Srbiji.\",\"publisher\":{\"@id\":\"https:\/\/www.slavkocuruvijafondacija.rs\/#organization\"},\"potentialAction\":[{\"@type\":\"SearchAction\",\"target\":{\"@type\":\"EntryPoint\",\"urlTemplate\":\"https:\/\/www.slavkocuruvijafondacija.rs\/?s={search_term_string}\"},\"query-input\":{\"@type\":\"PropertyValueSpecification\",\"valueRequired\":true,\"valueName\":\"search_term_string\"}}],\"inLanguage\":\"en-US\"},{\"@type\":\"Organization\",\"@id\":\"https:\/\/www.slavkocuruvijafondacija.rs\/#organization\",\"name\":\"Slavko Curuvija Foundation\",\"url\":\"https:\/\/www.slavkocuruvijafondacija.rs\/\",\"logo\":{\"@type\":\"ImageObject\",\"inLanguage\":\"en-US\",\"@id\":\"https:\/\/www.slavkocuruvijafondacija.rs\/#\/schema\/logo\/image\/\",\"url\":\"https:\/\/www.slavkocuruvijafondacija.rs\/wp-content\/uploads\/2021\/03\/SCF-Logo-900-600.jpg\",\"contentUrl\":\"https:\/\/www.slavkocuruvijafondacija.rs\/wp-content\/uploads\/2021\/03\/SCF-Logo-900-600.jpg\",\"width\":900,\"height\":600,\"caption\":\"Slavko Curuvija Foundation\"},\"image\":{\"@id\":\"https:\/\/www.slavkocuruvijafondacija.rs\/#\/schema\/logo\/image\/\"},\"sameAs\":[\"https:\/\/www.facebook.com\/slavkocuruvijafondacija\/\",\"https:\/\/x.com\/scfondacija\",\"https:\/\/www.instagram.com\/slavko_curuvija_fondacija\/\",\"https:\/\/www.linkedin.com\/company\/slavko-curuvija-foundation\/\",\"https:\/\/www.youtube.com\/channel\/UCEDcWS1sfG6qvaiBvVJJVRQ\"]},{\"@type\":\"Person\",\"@id\":\"https:\/\/www.slavkocuruvijafondacija.rs\/#\/schema\/person\/d235fc303ee4385f0d60f7be176eb741\",\"name\":\"Vojin Mitrovic\",\"image\":{\"@type\":\"ImageObject\",\"inLanguage\":\"en-US\",\"@id\":\"https:\/\/www.slavkocuruvijafondacija.rs\/#\/schema\/person\/image\/\",\"url\":\"https:\/\/secure.gravatar.com\/avatar\/ac7796564557f0f54e187b1b171f1796a9afbb07e218a2a28395548648bd49e1?s=96&d=mm&r=g\",\"contentUrl\":\"https:\/\/secure.gravatar.com\/avatar\/ac7796564557f0f54e187b1b171f1796a9afbb07e218a2a28395548648bd49e1?s=96&d=mm&r=g\",\"caption\":\"Vojin Mitrovic\"},\"url\":\"https:\/\/www.slavkocuruvijafondacija.rs\/en\/author\/vojin\/\"}]}<\/script>\n<!-- \/ Yoast SEO plugin. -->","yoast_head_json":{"title":"Press Council publicly warns pro-government portal over threats to the safety of journalist Nenad \u017divkovi\u0107","robots":{"index":"index","follow":"follow","max-snippet":"max-snippet:-1","max-image-preview":"max-image-preview:large","max-video-preview":"max-video-preview:-1"},"canonical":"https:\/\/www.slavkocuruvijafondacija.rs\/en\/press-council-publicly-warns-pro-government-portal-over-threats-to-the-safety-of-journalist-nenad-zivkovic\/","og_locale":"en_US","og_type":"article","og_title":"Press Council publicly warns pro-government portal over threats to the safety of journalist Nenad \u017divkovi\u0107","og_description":"July 15, 2019 The Press Council, a self-regulating body for print and online media, has issued five public warnings to pro-government portal epancevo.rs in response to a series of articles that include numerous accusations and insults directed against pancevo.city portal journalist Nenad \u017divkovi\u0107. In a series of articles published on epancevo.rs, \u017divkovi\u0107 is accused of being \u201ca resource for settling Ustasha [WWII Croatian fascist movement] accounts with Serbia,\u201d that he is \u201cengaged to increase his destructive activism when Serbs suffer [&hellip;]","og_url":"https:\/\/www.slavkocuruvijafondacija.rs\/en\/press-council-publicly-warns-pro-government-portal-over-threats-to-the-safety-of-journalist-nenad-zivkovic\/","og_site_name":"Slavko \u0106uruvija fondacija","article_publisher":"https:\/\/www.facebook.com\/slavkocuruvijafondacija\/","article_published_time":"2019-07-15T10:28:18+00:00","article_modified_time":"2019-12-16T11:29:54+00:00","og_image":[{"width":1229,"height":800,"url":"https:\/\/www.slavkocuruvijafondacija.rs\/wp-content\/uploads\/2019\/03\/Nenad-zivkovic-foto-Dragan-Veselic.jpeg","type":"image\/jpeg"}],"author":"Vojin Mitrovic","twitter_card":"summary_large_image","twitter_creator":"@scfondacija","twitter_site":"@scfondacija","twitter_misc":{"Written by":"Vojin Mitrovic","Est. reading time":"1 minute"},"schema":{"@context":"https:\/\/schema.org","@graph":[{"@type":"Article","@id":"https:\/\/www.slavkocuruvijafondacija.rs\/en\/press-council-publicly-warns-pro-government-portal-over-threats-to-the-safety-of-journalist-nenad-zivkovic\/#article","isPartOf":{"@id":"https:\/\/www.slavkocuruvijafondacija.rs\/en\/press-council-publicly-warns-pro-government-portal-over-threats-to-the-safety-of-journalist-nenad-zivkovic\/"},"author":{"name":"Vojin Mitrovic","@id":"https:\/\/www.slavkocuruvijafondacija.rs\/#\/schema\/person\/d235fc303ee4385f0d60f7be176eb741"},"headline":"Press Council publicly warns pro-government portal over threats to the safety of journalist Nenad \u017divkovi\u0107","datePublished":"2019-07-15T10:28:18+00:00","dateModified":"2019-12-16T11:29:54+00:00","mainEntityOfPage":{"@id":"https:\/\/www.slavkocuruvijafondacija.rs\/en\/press-council-publicly-warns-pro-government-portal-over-threats-to-the-safety-of-journalist-nenad-zivkovic\/"},"wordCount":278,"publisher":{"@id":"https:\/\/www.slavkocuruvijafondacija.rs\/#organization"},"image":{"@id":"https:\/\/www.slavkocuruvijafondacija.rs\/en\/press-council-publicly-warns-pro-government-portal-over-threats-to-the-safety-of-journalist-nenad-zivkovic\/#primaryimage"},"thumbnailUrl":"https:\/\/www.slavkocuruvijafondacija.rs\/wp-content\/uploads\/2019\/03\/Nenad-zivkovic-foto-Dragan-Veselic.jpeg","articleSection":["News"],"inLanguage":"en-US"},{"@type":"WebPage","@id":"https:\/\/www.slavkocuruvijafondacija.rs\/en\/press-council-publicly-warns-pro-government-portal-over-threats-to-the-safety-of-journalist-nenad-zivkovic\/","url":"https:\/\/www.slavkocuruvijafondacija.rs\/en\/press-council-publicly-warns-pro-government-portal-over-threats-to-the-safety-of-journalist-nenad-zivkovic\/","name":"Press Council publicly warns pro-government portal over threats to the safety of journalist Nenad \u017divkovi\u0107","isPartOf":{"@id":"https:\/\/www.slavkocuruvijafondacija.rs\/#website"},"primaryImageOfPage":{"@id":"https:\/\/www.slavkocuruvijafondacija.rs\/en\/press-council-publicly-warns-pro-government-portal-over-threats-to-the-safety-of-journalist-nenad-zivkovic\/#primaryimage"},"image":{"@id":"https:\/\/www.slavkocuruvijafondacija.rs\/en\/press-council-publicly-warns-pro-government-portal-over-threats-to-the-safety-of-journalist-nenad-zivkovic\/#primaryimage"},"thumbnailUrl":"https:\/\/www.slavkocuruvijafondacija.rs\/wp-content\/uploads\/2019\/03\/Nenad-zivkovic-foto-Dragan-Veselic.jpeg","datePublished":"2019-07-15T10:28:18+00:00","dateModified":"2019-12-16T11:29:54+00:00","inLanguage":"en-US","potentialAction":[{"@type":"ReadAction","target":["https:\/\/www.slavkocuruvijafondacija.rs\/en\/press-council-publicly-warns-pro-government-portal-over-threats-to-the-safety-of-journalist-nenad-zivkovic\/"]}]},{"@type":"ImageObject","inLanguage":"en-US","@id":"https:\/\/www.slavkocuruvijafondacija.rs\/en\/press-council-publicly-warns-pro-government-portal-over-threats-to-the-safety-of-journalist-nenad-zivkovic\/#primaryimage","url":"https:\/\/www.slavkocuruvijafondacija.rs\/wp-content\/uploads\/2019\/03\/Nenad-zivkovic-foto-Dragan-Veselic.jpeg","contentUrl":"https:\/\/www.slavkocuruvijafondacija.rs\/wp-content\/uploads\/2019\/03\/Nenad-zivkovic-foto-Dragan-Veselic.jpeg","width":1229,"height":800},{"@type":"WebSite","@id":"https:\/\/www.slavkocuruvijafondacija.rs\/#website","url":"https:\/\/www.slavkocuruvijafondacija.rs\/","name":"Slavko \u0106uruvija fondacija","description":"Slavko \u0106uruvija fondacija (S\u0106F) radi na promociji i unapre\u0111enju slobodnih, nezavisnih i odgovornih medija u Srbiji.","publisher":{"@id":"https:\/\/www.slavkocuruvijafondacija.rs\/#organization"},"potentialAction":[{"@type":"SearchAction","target":{"@type":"EntryPoint","urlTemplate":"https:\/\/www.slavkocuruvijafondacija.rs\/?s={search_term_string}"},"query-input":{"@type":"PropertyValueSpecification","valueRequired":true,"valueName":"search_term_string"}}],"inLanguage":"en-US"},{"@type":"Organization","@id":"https:\/\/www.slavkocuruvijafondacija.rs\/#organization","name":"Slavko Curuvija Foundation","url":"https:\/\/www.slavkocuruvijafondacija.rs\/","logo":{"@type":"ImageObject","inLanguage":"en-US","@id":"https:\/\/www.slavkocuruvijafondacija.rs\/#\/schema\/logo\/image\/","url":"https:\/\/www.slavkocuruvijafondacija.rs\/wp-content\/uploads\/2021\/03\/SCF-Logo-900-600.jpg","contentUrl":"https:\/\/www.slavkocuruvijafondacija.rs\/wp-content\/uploads\/2021\/03\/SCF-Logo-900-600.jpg","width":900,"height":600,"caption":"Slavko Curuvija Foundation"},"image":{"@id":"https:\/\/www.slavkocuruvijafondacija.rs\/#\/schema\/logo\/image\/"},"sameAs":["https:\/\/www.facebook.com\/slavkocuruvijafondacija\/","https:\/\/x.com\/scfondacija","https:\/\/www.instagram.com\/slavko_curuvija_fondacija\/","https:\/\/www.linkedin.com\/company\/slavko-curuvija-foundation\/","https:\/\/www.youtube.com\/channel\/UCEDcWS1sfG6qvaiBvVJJVRQ"]},{"@type":"Person","@id":"https:\/\/www.slavkocuruvijafondacija.rs\/#\/schema\/person\/d235fc303ee4385f0d60f7be176eb741","name":"Vojin Mitrovic","image":{"@type":"ImageObject","inLanguage":"en-US","@id":"https:\/\/www.slavkocuruvijafondacija.rs\/#\/schema\/person\/image\/","url":"https:\/\/secure.gravatar.com\/avatar\/ac7796564557f0f54e187b1b171f1796a9afbb07e218a2a28395548648bd49e1?s=96&d=mm&r=g","contentUrl":"https:\/\/secure.gravatar.com\/avatar\/ac7796564557f0f54e187b1b171f1796a9afbb07e218a2a28395548648bd49e1?s=96&d=mm&r=g","caption":"Vojin Mitrovic"},"url":"https:\/\/www.slavkocuruvijafondacija.rs\/en\/author\/vojin\/"}]}},"_links":{"self":[{"href":"https:\/\/www.slavkocuruvijafondacija.rs\/en\/wp-json\/wp\/v2\/posts\/5144","targetHints":{"allow":["GET"]}}],"collection":[{"href":"https:\/\/www.slavkocuruvijafondacija.rs\/en\/wp-json\/wp\/v2\/posts"}],"about":[{"href":"https:\/\/www.slavkocuruvijafondacija.rs\/en\/wp-json\/wp\/v2\/types\/post"}],"author":[{"embeddable":true,"href":"https:\/\/www.slavkocuruvijafondacija.rs\/en\/wp-json\/wp\/v2\/users\/4"}],"replies":[{"embeddable":true,"href":"https:\/\/www.slavkocuruvijafondacija.rs\/en\/wp-json\/wp\/v2\/comments?post=5144"}],"version-history":[{"count":1,"href":"https:\/\/www.slavkocuruvijafondacija.rs\/en\/wp-json\/wp\/v2\/posts\/5144\/revisions"}],"predecessor-version":[{"id":5145,"href":"https:\/\/www.slavkocuruvijafondacija.rs\/en\/wp-json\/wp\/v2\/posts\/5144\/revisions\/5145"}],"wp:featuredmedia":[{"embeddable":true,"href":"https:\/\/www.slavkocuruvijafondacija.rs\/en\/wp-json\/wp\/v2\/media\/4527"}],"wp:attachment":[{"href":"https:\/\/www.slavkocuruvijafondacija.rs\/en\/wp-json\/wp\/v2\/media?parent=5144"}],"wp:term":[{"taxonomy":"category","embeddable":true,"href":"https:\/\/www.slavkocuruvijafondacija.rs\/en\/wp-json\/wp\/v2\/categories?post=5144"},{"taxonomy":"post_tag","embeddable":true,"href":"https:\/\/www.slavkocuruvijafondacija.rs\/en\/wp-json\/wp\/v2\/tags?post=5144"}],"curies":[{"name":"wp","href":"https:\/\/api.w.org\/{rel}","templated":true}]}}