{"id":2877,"date":"2018-02-15T16:24:57","date_gmt":"2018-02-15T15:24:57","guid":{"rendered":"http:\/\/www.slavkocuruvijafondacija.rs\/?p=2877"},"modified":"2018-02-15T16:24:57","modified_gmt":"2018-02-15T15:24:57","slug":"journalists-testimonies-regarding-pressure-the-media-is-controlled-by-politicians-and-editors","status":"publish","type":"post","link":"https:\/\/www.slavkocuruvijafondacija.rs\/en\/journalists-testimonies-regarding-pressure-the-media-is-controlled-by-politicians-and-editors\/","title":{"rendered":"Journalists\u2019 Testimonies regarding pressure: The media is controlled by politicians and editors"},"content":{"rendered":"<p>February 15, 2018<\/p>\n<hr \/>\n<h2>Devastating results of research conducted by the Slavko \u0106uruvija Foundation: journalists on the whole highlight that the government controls the media, but that editors are the central point from which that control is exercised. A significant majority of journalists note that pressure has been worsening increasingly in recent years, that journalists have a tendency to self-censor, work with less professionalism and are ever less capable of resisting pressure, as well as noting that their working conditions and personal safety have worsened<\/h2>\n<p>Almost three quarters of journalists in Serbia, 74 per cent of respondents, believe that serious obstacles to media freedom exist or that conditions for such freedom do not exist at all, as well as that the situation has been increasingly worsening in this respect in recent years, while almost two thirds of them consider that the media is controlled the most by the political establishment, according to the survey \u201cFreedom and Control of the Media: Journalists\u2019 Testimonies\u201d, conducted by the Slavko \u0106uruvija Foundation.<\/p>\n<p>The research surveyed a total of 177 media workers from across the country, who provided detailed answers related to their experiences with pressure, but also the conditions under which they work.<\/p>\n<p>In-depth interviews were conducted with ten journalists, who, under the guarantee of anonymity, provided many specific observations of the applying of political, financial, marketing and other pressures on editors and journalists. These interviewees included journalists of two public service broadcasters, as well as some of the largest commercial, regional, local and minority media outlets.<\/p>\n<p>The research project, authored by media researcher and associate of the Institute of Social Sciences, <strong>Dr Jovanka Mati\u0107<\/strong>, was conducted from October to December 2017.<\/p>\n<h2>External pressures on the media<\/h2>\n<p>Results showed that journalists in Serbia are more often confronted by pressure coming from outside than from within the newsroom itself, and that this most often entails pressure applied by the authorities (experienced at least once by almost 70 per cent of respondents) or representatives of political parties (56 per cent).<\/p>\n<p>Pressure often implies the refusal of institutions or officials to provide information, give statements or grant interview, expressions of dissatisfaction with reporting or discrimination against media outlets or journalists personally. More than a third of those surveyed have had such experiences, while around half said that they\u2019d experienced something like this from representatives of the ruling political parties. As many as 48 per cent of respondents had been insulted by representatives of government bodies.<\/p>\n<p>These pressures are inextricably linked to the extreme closed-door nature of institutions towards the media, which was noted by almost 70 per cent of those surveyed. The consequences are endured by the citizens, given that this situation reflects reporting itself.<\/p>\n<blockquote><p>Almost 40 per cent of surveyed journalists said that their editor had imposed a topic on them without professional justification, while the same percentage stated that editors had changed the value tone of an article or headline, in order to present certain people or events in a positive or negative light<\/p><\/blockquote>\n<p>\u201cThe news programme used to be politics, politics, politics, sport and weather, while now its Vu\u010di\u0107, Vu\u010di\u0107, Vu\u010di\u0107, sport and weather\u201d, said one of the interviewed journalists.<\/p>\n<p>The surveyed journalists also say that the situation has worsened in recent years and that pressure is intensifying increasingly.<\/p>\n<p>\u201cThe Minister calls the editor-in-chief or the editor of the daily news bulletin or the deputy editor. Or somebody from their PR department calls &#8211; you never know who they are, but they call constantly\u2026 Everybody wants to appear in the daily news bulleting and express their views\u201d, says one interviewed public service broadcast journalist, adding that duels are avoided.<\/p>\n<p>It has also happened, according to the testimony of one national television journalist, that they were called from the cabinet of the president and told \u201cthat guy shouldn\u2019t appear as a guest\u201d.<\/p>\n<p>Attempts to control the media also come, to a lesser extent, from advertisers, reflected primarily through the cancellation of advertisements, failure to pay for published media advertising, or via pressure to present advertisement material as a news feature (masked advertising).<\/p>\n<h2>Internal control<\/h2>\n<p>According to the results of this research, journalists in Serbia are also exposed to internal controls, i.e. intervention in their work by editors and management, at the expense of the public and in favour of some special interests.<\/p>\n<p>Almost half of the interviewed journalists had experienced censoring by their editors in the form of refusals to approve their proposed topics. Almost 40 per cent of respondents said that their editor had imposed a topic on them without professional justification, while the same percentage stated that editors had changed the value tone of an article or headline, in order to present certain people or events in a positive or negative light.<\/p>\n<blockquote><p>\u201cMost of the interviewed journalists see editors as the focal point of the media content control process. They feel that editors, and particularly chief editors, find themselves between \u201ca hammer and an anvil\u201d, but they do not see editors as protectors of professional integrity, rather as its violators\u201d<\/p><\/blockquote>\n<p>The research also reveals a distressing situation in this part:<\/p>\n<p>\u201cMost of the interviewed journalists see editors as the focal point of the media content control process. They feel that editors, and particularly chief editors, find themselves between \u201ca hammer and an anvil\u201d, but they do not see editors as protectors of professional integrity, rather as its violators. They don\u2019t perceive editors as colleagues in the same business, rather as opposing enemies, with different motives,\u201d the study found.<\/p>\n<p>Just as external pressures have become increasingly stronger of late, journalists also assess that internal controls over media content have been intensifying in recent years, and that editorial interventions are ever more frequent. Although they say that no topics are officially forbidden, \u201cthe limits of what is acceptable are well known among journalists\u201d.<\/p>\n<p>\u201cA tacit agreement on untouchable topics includes those that would in some way harm the government, the ruling parties, or public companies, as well as topics related to the Church, large corporations and companies to which media outlets owe money for various services,\u201d the study notes.<\/p>\n<p>How that functions in practise is described by one daily newspaper journalist, who states that the editor never says, \u201cyou mustn\u2019t cover that topic,\u201d rather simply, \u201cfind a different topic\u201d.<\/p>\n<p>The outcome of this, as the study notes, is increasing passivity among journalists when it comes to opposing editors, leading to them following the path of least resistance and many (self-)censored journalists in Serbia sticking to coverage of \u201charmless\u201d topics, i.e. those with less pressure.<\/p>\n<p>The influence of management on journalists is somewhat lower, but the figures are still high \u2013 a quarter of respondents had encountered management requests for the special treatment of advertisers in regular reporting, while it is not uncommon for a director or owner to demand that an advertisement be presented in the form of a media feature.<\/p>\n<p>Similar interventions also occur as a result of political, and not only economic, interests, with as many as a third of surveyed journalists stating that the management had demanded certain politicians or events be reported on in a certain way. Almost a third of respondents had experienced management refusing to publish their finished article or feature, or management meddling in the selection of topics to be covered.<\/p>\n<h2>\u201cThis isn\u2019t local TV, this is a very bad SNS PR agency\u201d<\/h2>\n<p>Considering these results, it is to be expected that three-quarters of surveyed journalists assess media freedom in Serbia in 2017 in a negative way, i.e. they either consider that it doesn\u2019t exist or that there are serious obstacles to this freedom.<\/p>\n<p>The survey states that the interviewed journalists described media freedom in Serbia in the following ways:<\/p>\n<p>\u201cThere isn\u2019t any\u201d; \u201cThere\u2019s no media freedom in Serbia. I don\u2019t know what freedom of the media in Serbia is\u201d; \u201cOne big zero\u2026 This isn\u2019t local TV, this is a very bad SNS PR agency\u201d; \u201cFreedom of the media is today at its lowest point since 2000\u201d; \u201cIn the last 10 years, since I started dealing with journalism, I think the situation has never been worse\u201d; \u201cThere isn\u2019t any. But I don\u2019t believe the government is primarily to blame. It\u2019s the fault of journalists\u201d.<\/p>\n<blockquote><p>\u201cThe news programme used to be politics, politics, politics, sport and weather, while now its Vu\u010di\u0107, Vu\u010di\u0107, Vu\u010di\u0107, sport and weather\u201d (public service journalist)<\/p><\/blockquote>\n<p>According to almost half of respondents, wages are less than they were five years ago; a third state that their labour rights have reduced in the meantime, while working conditions and their personal safety have worsened, along with the volume and diversity of production.<\/p>\n<p>In order for the situation in the media to improve, journalists consider, it is essential to prevent the applying of political and economic pressure, and to empower journalists economically. State funds must be allocated to the media impartially, while it is also deemed necessary to amend media legislation in order to establish mechanisms for protecting journalists from pressure.<\/p>\n<p>Apart from the state and regulatory bodies, respondents actually also have expectations of themselves and their colleagues \u2013 around half of those surveyed consider it essential to improving the situation for journalists and editors to themselves be more courageous.<\/p>\n<p><em>Download the summary of the research <strong><a href=\"http:\/\/www.slavkocuruvijafondacija.rs\/wp-content\/uploads\/2018\/02\/Control-and-Freedom-of-Media-Key-Findings-Slavko-Curuvija-Foundation.pdf\" target=\"_blank\">HERE<\/a><\/strong>.<\/em><\/p>\n<p><strong><em>\u00a0<\/em><\/strong><\/p>\n<p><strong>The research project \u2018<em>Freedom and Control of Media: Journalists\u2019 Testimonies\u2019<\/em> was conducted by the Slavko \u0106uruvija as part of the project <em>\u2018Public Money for Public Interest \u2013 Support to the Civil Sector Initiatives for Public Interest\u2019<\/em>, which is being carried out jointly by the Balkan Investigative Reporting Network (BIRN), the Independent Journalists&#8217;\u00a0Association\u00a0of\u00a0Serbia (NUNS) and the S\u0106F, with the support of the European Union.<\/strong><\/p>\n","protected":false},"excerpt":{"rendered":"<p>February 15, 2018 Devastating results of research conducted by the Slavko \u0106uruvija Foundation: journalists on the whole highlight that the government controls the media, but that editors are the central point from which that control is exercised. A significant majority of journalists note that pressure has been worsening increasingly in recent years, that journalists have a tendency to self-censor, work with less professionalism and are ever less capable of resisting pressure, as well as noting that their working conditions and [&hellip;]<\/p>\n","protected":false},"author":4,"featured_media":2868,"comment_status":"closed","ping_status":"open","sticky":false,"template":"","format":"standard","meta":{"footnotes":""},"categories":[8],"tags":[],"class_list":["post-2877","post","type-post","status-publish","format-standard","has-post-thumbnail","hentry","category-content-en"],"yoast_head":"<!-- This site is optimized with the Yoast SEO plugin v25.6 - https:\/\/yoast.com\/wordpress\/plugins\/seo\/ -->\n<title>Journalists\u2019 Testimonies regarding pressure: The media is controlled by politicians and editors<\/title>\n<meta name=\"robots\" content=\"index, follow, max-snippet:-1, max-image-preview:large, max-video-preview:-1\" \/>\n<link rel=\"canonical\" href=\"https:\/\/www.slavkocuruvijafondacija.rs\/en\/journalists-testimonies-regarding-pressure-the-media-is-controlled-by-politicians-and-editors\/\" \/>\n<meta property=\"og:locale\" content=\"en_US\" \/>\n<meta property=\"og:type\" content=\"article\" \/>\n<meta property=\"og:title\" content=\"Journalists\u2019 Testimonies regarding pressure: The media is controlled by politicians and editors\" \/>\n<meta property=\"og:description\" content=\"February 15, 2018 Devastating results of research conducted by the Slavko \u0106uruvija Foundation: journalists on the whole highlight that the government controls the media, but that editors are the central point from which that control is exercised. A significant majority of journalists note that pressure has been worsening increasingly in recent years, that journalists have a tendency to self-censor, work with less professionalism and are ever less capable of resisting pressure, as well as noting that their working conditions and [&hellip;]\" \/>\n<meta property=\"og:url\" content=\"https:\/\/www.slavkocuruvijafondacija.rs\/en\/journalists-testimonies-regarding-pressure-the-media-is-controlled-by-politicians-and-editors\/\" \/>\n<meta property=\"og:site_name\" content=\"Slavko \u0106uruvija fondacija\" \/>\n<meta property=\"article:publisher\" content=\"https:\/\/www.facebook.com\/slavkocuruvijafondacija\/\" \/>\n<meta property=\"article:published_time\" content=\"2018-02-15T15:24:57+00:00\" \/>\n<meta property=\"og:image\" content=\"https:\/\/www.slavkocuruvijafondacija.rs\/wp-content\/uploads\/2018\/02\/samologo_Kontrola-i-sloboda-medija-crop-logo-ENG-750x400.jpg\" \/>\n\t<meta property=\"og:image:width\" content=\"750\" \/>\n\t<meta property=\"og:image:height\" content=\"400\" \/>\n\t<meta property=\"og:image:type\" content=\"image\/jpeg\" \/>\n<meta name=\"author\" content=\"Vojin Mitrovic\" \/>\n<meta name=\"twitter:card\" content=\"summary_large_image\" \/>\n<meta name=\"twitter:creator\" content=\"@scfondacija\" \/>\n<meta name=\"twitter:site\" content=\"@scfondacija\" \/>\n<meta name=\"twitter:label1\" content=\"Written by\" \/>\n\t<meta name=\"twitter:data1\" content=\"Vojin Mitrovic\" \/>\n\t<meta name=\"twitter:label2\" content=\"Est. reading time\" \/>\n\t<meta name=\"twitter:data2\" content=\"8 minutes\" \/>\n<script type=\"application\/ld+json\" class=\"yoast-schema-graph\">{\"@context\":\"https:\/\/schema.org\",\"@graph\":[{\"@type\":\"Article\",\"@id\":\"https:\/\/www.slavkocuruvijafondacija.rs\/en\/journalists-testimonies-regarding-pressure-the-media-is-controlled-by-politicians-and-editors\/#article\",\"isPartOf\":{\"@id\":\"https:\/\/www.slavkocuruvijafondacija.rs\/en\/journalists-testimonies-regarding-pressure-the-media-is-controlled-by-politicians-and-editors\/\"},\"author\":{\"name\":\"Vojin Mitrovic\",\"@id\":\"https:\/\/www.slavkocuruvijafondacija.rs\/#\/schema\/person\/d235fc303ee4385f0d60f7be176eb741\"},\"headline\":\"Journalists\u2019 Testimonies regarding pressure: The media is controlled by politicians and editors\",\"datePublished\":\"2018-02-15T15:24:57+00:00\",\"mainEntityOfPage\":{\"@id\":\"https:\/\/www.slavkocuruvijafondacija.rs\/en\/journalists-testimonies-regarding-pressure-the-media-is-controlled-by-politicians-and-editors\/\"},\"wordCount\":1622,\"publisher\":{\"@id\":\"https:\/\/www.slavkocuruvijafondacija.rs\/#organization\"},\"image\":{\"@id\":\"https:\/\/www.slavkocuruvijafondacija.rs\/en\/journalists-testimonies-regarding-pressure-the-media-is-controlled-by-politicians-and-editors\/#primaryimage\"},\"thumbnailUrl\":\"https:\/\/www.slavkocuruvijafondacija.rs\/wp-content\/uploads\/2018\/02\/samologo_Kontrola-i-sloboda-medija-crop-logo-ENG-750x400.jpg\",\"articleSection\":[\"News\"],\"inLanguage\":\"en-US\"},{\"@type\":\"WebPage\",\"@id\":\"https:\/\/www.slavkocuruvijafondacija.rs\/en\/journalists-testimonies-regarding-pressure-the-media-is-controlled-by-politicians-and-editors\/\",\"url\":\"https:\/\/www.slavkocuruvijafondacija.rs\/en\/journalists-testimonies-regarding-pressure-the-media-is-controlled-by-politicians-and-editors\/\",\"name\":\"Journalists\u2019 Testimonies regarding pressure: The media is controlled by politicians and editors\",\"isPartOf\":{\"@id\":\"https:\/\/www.slavkocuruvijafondacija.rs\/#website\"},\"primaryImageOfPage\":{\"@id\":\"https:\/\/www.slavkocuruvijafondacija.rs\/en\/journalists-testimonies-regarding-pressure-the-media-is-controlled-by-politicians-and-editors\/#primaryimage\"},\"image\":{\"@id\":\"https:\/\/www.slavkocuruvijafondacija.rs\/en\/journalists-testimonies-regarding-pressure-the-media-is-controlled-by-politicians-and-editors\/#primaryimage\"},\"thumbnailUrl\":\"https:\/\/www.slavkocuruvijafondacija.rs\/wp-content\/uploads\/2018\/02\/samologo_Kontrola-i-sloboda-medija-crop-logo-ENG-750x400.jpg\",\"datePublished\":\"2018-02-15T15:24:57+00:00\",\"inLanguage\":\"en-US\",\"potentialAction\":[{\"@type\":\"ReadAction\",\"target\":[\"https:\/\/www.slavkocuruvijafondacija.rs\/en\/journalists-testimonies-regarding-pressure-the-media-is-controlled-by-politicians-and-editors\/\"]}]},{\"@type\":\"ImageObject\",\"inLanguage\":\"en-US\",\"@id\":\"https:\/\/www.slavkocuruvijafondacija.rs\/en\/journalists-testimonies-regarding-pressure-the-media-is-controlled-by-politicians-and-editors\/#primaryimage\",\"url\":\"https:\/\/www.slavkocuruvijafondacija.rs\/wp-content\/uploads\/2018\/02\/samologo_Kontrola-i-sloboda-medija-crop-logo-ENG-750x400.jpg\",\"contentUrl\":\"https:\/\/www.slavkocuruvijafondacija.rs\/wp-content\/uploads\/2018\/02\/samologo_Kontrola-i-sloboda-medija-crop-logo-ENG-750x400.jpg\",\"width\":750,\"height\":400},{\"@type\":\"WebSite\",\"@id\":\"https:\/\/www.slavkocuruvijafondacija.rs\/#website\",\"url\":\"https:\/\/www.slavkocuruvijafondacija.rs\/\",\"name\":\"Slavko \u0106uruvija fondacija\",\"description\":\"Slavko \u0106uruvija fondacija (S\u0106F) radi na promociji i unapre\u0111enju slobodnih, nezavisnih i odgovornih medija u Srbiji.\",\"publisher\":{\"@id\":\"https:\/\/www.slavkocuruvijafondacija.rs\/#organization\"},\"potentialAction\":[{\"@type\":\"SearchAction\",\"target\":{\"@type\":\"EntryPoint\",\"urlTemplate\":\"https:\/\/www.slavkocuruvijafondacija.rs\/?s={search_term_string}\"},\"query-input\":{\"@type\":\"PropertyValueSpecification\",\"valueRequired\":true,\"valueName\":\"search_term_string\"}}],\"inLanguage\":\"en-US\"},{\"@type\":\"Organization\",\"@id\":\"https:\/\/www.slavkocuruvijafondacija.rs\/#organization\",\"name\":\"Slavko Curuvija Foundation\",\"url\":\"https:\/\/www.slavkocuruvijafondacija.rs\/\",\"logo\":{\"@type\":\"ImageObject\",\"inLanguage\":\"en-US\",\"@id\":\"https:\/\/www.slavkocuruvijafondacija.rs\/#\/schema\/logo\/image\/\",\"url\":\"https:\/\/www.slavkocuruvijafondacija.rs\/wp-content\/uploads\/2021\/03\/SCF-Logo-900-600.jpg\",\"contentUrl\":\"https:\/\/www.slavkocuruvijafondacija.rs\/wp-content\/uploads\/2021\/03\/SCF-Logo-900-600.jpg\",\"width\":900,\"height\":600,\"caption\":\"Slavko Curuvija Foundation\"},\"image\":{\"@id\":\"https:\/\/www.slavkocuruvijafondacija.rs\/#\/schema\/logo\/image\/\"},\"sameAs\":[\"https:\/\/www.facebook.com\/slavkocuruvijafondacija\/\",\"https:\/\/x.com\/scfondacija\",\"https:\/\/www.instagram.com\/slavko_curuvija_fondacija\/\",\"https:\/\/www.linkedin.com\/company\/slavko-curuvija-foundation\/\",\"https:\/\/www.youtube.com\/channel\/UCEDcWS1sfG6qvaiBvVJJVRQ\"]},{\"@type\":\"Person\",\"@id\":\"https:\/\/www.slavkocuruvijafondacija.rs\/#\/schema\/person\/d235fc303ee4385f0d60f7be176eb741\",\"name\":\"Vojin Mitrovic\",\"image\":{\"@type\":\"ImageObject\",\"inLanguage\":\"en-US\",\"@id\":\"https:\/\/www.slavkocuruvijafondacija.rs\/#\/schema\/person\/image\/\",\"url\":\"https:\/\/secure.gravatar.com\/avatar\/ac7796564557f0f54e187b1b171f1796a9afbb07e218a2a28395548648bd49e1?s=96&d=mm&r=g\",\"contentUrl\":\"https:\/\/secure.gravatar.com\/avatar\/ac7796564557f0f54e187b1b171f1796a9afbb07e218a2a28395548648bd49e1?s=96&d=mm&r=g\",\"caption\":\"Vojin Mitrovic\"},\"url\":\"https:\/\/www.slavkocuruvijafondacija.rs\/en\/author\/vojin\/\"}]}<\/script>\n<!-- \/ Yoast SEO plugin. -->","yoast_head_json":{"title":"Journalists\u2019 Testimonies regarding pressure: The media is controlled by politicians and editors","robots":{"index":"index","follow":"follow","max-snippet":"max-snippet:-1","max-image-preview":"max-image-preview:large","max-video-preview":"max-video-preview:-1"},"canonical":"https:\/\/www.slavkocuruvijafondacija.rs\/en\/journalists-testimonies-regarding-pressure-the-media-is-controlled-by-politicians-and-editors\/","og_locale":"en_US","og_type":"article","og_title":"Journalists\u2019 Testimonies regarding pressure: The media is controlled by politicians and editors","og_description":"February 15, 2018 Devastating results of research conducted by the Slavko \u0106uruvija Foundation: journalists on the whole highlight that the government controls the media, but that editors are the central point from which that control is exercised. A significant majority of journalists note that pressure has been worsening increasingly in recent years, that journalists have a tendency to self-censor, work with less professionalism and are ever less capable of resisting pressure, as well as noting that their working conditions and [&hellip;]","og_url":"https:\/\/www.slavkocuruvijafondacija.rs\/en\/journalists-testimonies-regarding-pressure-the-media-is-controlled-by-politicians-and-editors\/","og_site_name":"Slavko \u0106uruvija fondacija","article_publisher":"https:\/\/www.facebook.com\/slavkocuruvijafondacija\/","article_published_time":"2018-02-15T15:24:57+00:00","og_image":[{"width":750,"height":400,"url":"https:\/\/www.slavkocuruvijafondacija.rs\/wp-content\/uploads\/2018\/02\/samologo_Kontrola-i-sloboda-medija-crop-logo-ENG-750x400.jpg","type":"image\/jpeg"}],"author":"Vojin Mitrovic","twitter_card":"summary_large_image","twitter_creator":"@scfondacija","twitter_site":"@scfondacija","twitter_misc":{"Written by":"Vojin Mitrovic","Est. reading time":"8 minutes"},"schema":{"@context":"https:\/\/schema.org","@graph":[{"@type":"Article","@id":"https:\/\/www.slavkocuruvijafondacija.rs\/en\/journalists-testimonies-regarding-pressure-the-media-is-controlled-by-politicians-and-editors\/#article","isPartOf":{"@id":"https:\/\/www.slavkocuruvijafondacija.rs\/en\/journalists-testimonies-regarding-pressure-the-media-is-controlled-by-politicians-and-editors\/"},"author":{"name":"Vojin Mitrovic","@id":"https:\/\/www.slavkocuruvijafondacija.rs\/#\/schema\/person\/d235fc303ee4385f0d60f7be176eb741"},"headline":"Journalists\u2019 Testimonies regarding pressure: The media is controlled by politicians and editors","datePublished":"2018-02-15T15:24:57+00:00","mainEntityOfPage":{"@id":"https:\/\/www.slavkocuruvijafondacija.rs\/en\/journalists-testimonies-regarding-pressure-the-media-is-controlled-by-politicians-and-editors\/"},"wordCount":1622,"publisher":{"@id":"https:\/\/www.slavkocuruvijafondacija.rs\/#organization"},"image":{"@id":"https:\/\/www.slavkocuruvijafondacija.rs\/en\/journalists-testimonies-regarding-pressure-the-media-is-controlled-by-politicians-and-editors\/#primaryimage"},"thumbnailUrl":"https:\/\/www.slavkocuruvijafondacija.rs\/wp-content\/uploads\/2018\/02\/samologo_Kontrola-i-sloboda-medija-crop-logo-ENG-750x400.jpg","articleSection":["News"],"inLanguage":"en-US"},{"@type":"WebPage","@id":"https:\/\/www.slavkocuruvijafondacija.rs\/en\/journalists-testimonies-regarding-pressure-the-media-is-controlled-by-politicians-and-editors\/","url":"https:\/\/www.slavkocuruvijafondacija.rs\/en\/journalists-testimonies-regarding-pressure-the-media-is-controlled-by-politicians-and-editors\/","name":"Journalists\u2019 Testimonies regarding pressure: The media is controlled by politicians and editors","isPartOf":{"@id":"https:\/\/www.slavkocuruvijafondacija.rs\/#website"},"primaryImageOfPage":{"@id":"https:\/\/www.slavkocuruvijafondacija.rs\/en\/journalists-testimonies-regarding-pressure-the-media-is-controlled-by-politicians-and-editors\/#primaryimage"},"image":{"@id":"https:\/\/www.slavkocuruvijafondacija.rs\/en\/journalists-testimonies-regarding-pressure-the-media-is-controlled-by-politicians-and-editors\/#primaryimage"},"thumbnailUrl":"https:\/\/www.slavkocuruvijafondacija.rs\/wp-content\/uploads\/2018\/02\/samologo_Kontrola-i-sloboda-medija-crop-logo-ENG-750x400.jpg","datePublished":"2018-02-15T15:24:57+00:00","inLanguage":"en-US","potentialAction":[{"@type":"ReadAction","target":["https:\/\/www.slavkocuruvijafondacija.rs\/en\/journalists-testimonies-regarding-pressure-the-media-is-controlled-by-politicians-and-editors\/"]}]},{"@type":"ImageObject","inLanguage":"en-US","@id":"https:\/\/www.slavkocuruvijafondacija.rs\/en\/journalists-testimonies-regarding-pressure-the-media-is-controlled-by-politicians-and-editors\/#primaryimage","url":"https:\/\/www.slavkocuruvijafondacija.rs\/wp-content\/uploads\/2018\/02\/samologo_Kontrola-i-sloboda-medija-crop-logo-ENG-750x400.jpg","contentUrl":"https:\/\/www.slavkocuruvijafondacija.rs\/wp-content\/uploads\/2018\/02\/samologo_Kontrola-i-sloboda-medija-crop-logo-ENG-750x400.jpg","width":750,"height":400},{"@type":"WebSite","@id":"https:\/\/www.slavkocuruvijafondacija.rs\/#website","url":"https:\/\/www.slavkocuruvijafondacija.rs\/","name":"Slavko \u0106uruvija fondacija","description":"Slavko \u0106uruvija fondacija (S\u0106F) radi na promociji i unapre\u0111enju slobodnih, nezavisnih i odgovornih medija u Srbiji.","publisher":{"@id":"https:\/\/www.slavkocuruvijafondacija.rs\/#organization"},"potentialAction":[{"@type":"SearchAction","target":{"@type":"EntryPoint","urlTemplate":"https:\/\/www.slavkocuruvijafondacija.rs\/?s={search_term_string}"},"query-input":{"@type":"PropertyValueSpecification","valueRequired":true,"valueName":"search_term_string"}}],"inLanguage":"en-US"},{"@type":"Organization","@id":"https:\/\/www.slavkocuruvijafondacija.rs\/#organization","name":"Slavko Curuvija Foundation","url":"https:\/\/www.slavkocuruvijafondacija.rs\/","logo":{"@type":"ImageObject","inLanguage":"en-US","@id":"https:\/\/www.slavkocuruvijafondacija.rs\/#\/schema\/logo\/image\/","url":"https:\/\/www.slavkocuruvijafondacija.rs\/wp-content\/uploads\/2021\/03\/SCF-Logo-900-600.jpg","contentUrl":"https:\/\/www.slavkocuruvijafondacija.rs\/wp-content\/uploads\/2021\/03\/SCF-Logo-900-600.jpg","width":900,"height":600,"caption":"Slavko Curuvija Foundation"},"image":{"@id":"https:\/\/www.slavkocuruvijafondacija.rs\/#\/schema\/logo\/image\/"},"sameAs":["https:\/\/www.facebook.com\/slavkocuruvijafondacija\/","https:\/\/x.com\/scfondacija","https:\/\/www.instagram.com\/slavko_curuvija_fondacija\/","https:\/\/www.linkedin.com\/company\/slavko-curuvija-foundation\/","https:\/\/www.youtube.com\/channel\/UCEDcWS1sfG6qvaiBvVJJVRQ"]},{"@type":"Person","@id":"https:\/\/www.slavkocuruvijafondacija.rs\/#\/schema\/person\/d235fc303ee4385f0d60f7be176eb741","name":"Vojin Mitrovic","image":{"@type":"ImageObject","inLanguage":"en-US","@id":"https:\/\/www.slavkocuruvijafondacija.rs\/#\/schema\/person\/image\/","url":"https:\/\/secure.gravatar.com\/avatar\/ac7796564557f0f54e187b1b171f1796a9afbb07e218a2a28395548648bd49e1?s=96&d=mm&r=g","contentUrl":"https:\/\/secure.gravatar.com\/avatar\/ac7796564557f0f54e187b1b171f1796a9afbb07e218a2a28395548648bd49e1?s=96&d=mm&r=g","caption":"Vojin Mitrovic"},"url":"https:\/\/www.slavkocuruvijafondacija.rs\/en\/author\/vojin\/"}]}},"_links":{"self":[{"href":"https:\/\/www.slavkocuruvijafondacija.rs\/en\/wp-json\/wp\/v2\/posts\/2877","targetHints":{"allow":["GET"]}}],"collection":[{"href":"https:\/\/www.slavkocuruvijafondacija.rs\/en\/wp-json\/wp\/v2\/posts"}],"about":[{"href":"https:\/\/www.slavkocuruvijafondacija.rs\/en\/wp-json\/wp\/v2\/types\/post"}],"author":[{"embeddable":true,"href":"https:\/\/www.slavkocuruvijafondacija.rs\/en\/wp-json\/wp\/v2\/users\/4"}],"replies":[{"embeddable":true,"href":"https:\/\/www.slavkocuruvijafondacija.rs\/en\/wp-json\/wp\/v2\/comments?post=2877"}],"version-history":[{"count":1,"href":"https:\/\/www.slavkocuruvijafondacija.rs\/en\/wp-json\/wp\/v2\/posts\/2877\/revisions"}],"predecessor-version":[{"id":2878,"href":"https:\/\/www.slavkocuruvijafondacija.rs\/en\/wp-json\/wp\/v2\/posts\/2877\/revisions\/2878"}],"wp:featuredmedia":[{"embeddable":true,"href":"https:\/\/www.slavkocuruvijafondacija.rs\/en\/wp-json\/wp\/v2\/media\/2868"}],"wp:attachment":[{"href":"https:\/\/www.slavkocuruvijafondacija.rs\/en\/wp-json\/wp\/v2\/media?parent=2877"}],"wp:term":[{"taxonomy":"category","embeddable":true,"href":"https:\/\/www.slavkocuruvijafondacija.rs\/en\/wp-json\/wp\/v2\/categories?post=2877"},{"taxonomy":"post_tag","embeddable":true,"href":"https:\/\/www.slavkocuruvijafondacija.rs\/en\/wp-json\/wp\/v2\/tags?post=2877"}],"curies":[{"name":"wp","href":"https:\/\/api.w.org\/{rel}","templated":true}]}}