{"id":1597,"date":"2016-04-10T11:01:25","date_gmt":"2016-04-10T11:01:25","guid":{"rendered":"http:\/\/www.slavkocuruvijafondacija.rs\/?p=1597"},"modified":"2016-04-11T10:55:51","modified_gmt":"2016-04-11T10:55:51","slug":"notable-cases-of-journalists-and-media-safety-violations","status":"publish","type":"post","link":"https:\/\/www.slavkocuruvijafondacija.rs\/en\/notable-cases-of-journalists-and-media-safety-violations\/","title":{"rendered":"Notable Cases of Journalists and Media Safety Violations"},"content":{"rendered":"<p>April 11, 2016<\/p>\n<hr \/>\n<h2>First quarter of 2016 regarding safety of journalists and media in Serbia, beside \u201cregular\u201d threats and media campaigns against government critics, was marked by police interrogation of a reporter which alerted the public about unsafe drinking water and allegation about illegal police surveillance of journalists<\/h2>\n<p style=\"text-align: right;\"><em>January-March 2016<\/em><\/p>\n<h2>1. Death threats \u2013 Case of Brankica Stankovi\u0107 and Veran Mati\u0107<\/h2>\n<p><strong>21 March <\/strong>\u2013 The office of Insajder.net website stated that they received several death threats addressed to Brankica Stankovi\u0107, Chief Editor of the website, and Veran Mati\u0107, Chief Editor of TV B92\u2019s News department, during the previous week.<\/p>\n<p>Insajder.net was launched only two weeks earlier. Both Stankovi\u0107 and Mati\u0107 live under 24 hour police protection for years, because of threats they received as a result of their work on TV B92.<\/p>\n<p>Police arrested alleged perpetrator two days after Insajder.net\u2019s statement.<\/p>\n<h2>2. Criminal proceedings against journalist- Case of Uro\u0161 Uro\u0161evi\u0107, Radio Boom 93<\/h2>\n<p><strong>24 March <\/strong>\u2013 Police interrogated Uro\u0161 Uro\u0161evi\u0107, editor of Radio Boom 93 from Po\u017earevac, prompted by criminal charges pressed against him by local waterworks CEO, citing \u201ecriminal disturbance of the public\u201c.<\/p>\n<p>All this because Uro\u0161evi\u0107 had published officially verified information regarding the quality of communal drinking water.<\/p>\n<h2>3. Media campaigns against journalists \u2013 Informer daily and TV Pink vs Stevan Doj\u010dinovi\u0107<\/h2>\n<p><strong>18 March <\/strong>\u2013 Latest victim of pro-government tabloid Informer\u2019s crackdown on independent journalists and government critics was Stevan Doj\u010dinovi\u0107, head of KRIK independent reporting organization.<\/p>\n<p>Long lasting campaign against Doj\u010dinovi\u0107 culminated on 18 March, when Informer published cover page with a title \u201eWe discover who KRIK\u2019s Chief Editor really is: Sado-maso French spy\u201c, illustrated by private photographs of Doj\u010dinovi\u0107 participating in a \u201esuspension\u201c s\u00e9ance.<\/p>\n<p>In previous months, KRIK published several investigative stories on corruption involving high ranking government officials. On 17 March, the Informer \u201ediscovered\u201c KRIK was working on a story about property owned by Prime Minister Aleksandar Vu\u010di\u0107 and his family members.<\/p>\n<p>Independent media and journalist organizations reacted. Independent Journalists\u2019 Association of Serbia (IJAS) even called for a boycott of the Informer. Government officials refused to interfere, explaining that they \u201edon\u2019t want to violate press freedom\u201c.<\/p>\n<p>Informer makes it its business to \u201edefend\u201c Vu\u010di\u0107 and defame government critics on a daily bases, using insults, lies, private and confidential information. Informer\u2019s owner and Chief Editor Dragan J. Vu\u010di\u0107evi\u0107 has his own TV show on popular Pink TV, often hijacking its entire daily program, using it for the same purpose.<\/p>\n<p>Among Informer\u2019s this year\u2019s victim were RTS TV host Olivera Kova\u010devi\u0107, Independent Journalists\u2019 Society of Vojvodina President Dinko Gruhonji\u0107, IJAS President Vuka\u0161in Obradovi\u0107 and many others.<\/p>\n<h2>4. Alleged illegal surveillance of journalists \u2013 Kurir daily vs Police Minister<\/h2>\n<p><strong>9 January<\/strong> \u2013 Police Minister Neboj\u0161a Stefanovi\u0107 stated in National TV\u2019s central news that \u201ein following days a journalist will falsely accuse the police of illegal surveillance\u201c, and that \u201eone journalists\u2019 association will support her claims\u201c.<\/p>\n<p>As it turned out, he was talking about the journalist of Kurir daily. This tabloid newspaper recently turned against the government, following the conflict over ownership rights of majority state owned Politika daily.<\/p>\n<p>The journalists\u2019 association he mentioned was IJAS, which was recently given alleged evidence of illegal surveillance of journalists. IJAS filed the complaint to the Prosecutor\u2019s office, demanding to know how the Minister obtained this information.<\/p>\n<p>Public Prosecutor decided not to press charges against Minister Stefanovi\u0107.<\/p>\n<p>Two months later, Ombudsman Sa\u0161a Jankovi\u0107 published results of his investigation of the case. He found that Minister Stefanovi\u0107 obtained information he presented irregularly and by overstepping his authority, \u201ealthough not by illegal surveillance\u201c.<\/p>\n<h2>5. Police and communal police pressures<\/h2>\n<p><strong>26 January <\/strong>\u2013 Jovan Marinkovi\u0107, CEO of local TV in the town of Trstenik, stated that the police searched their premises and threatened to confiscate their computers. Police denied the claims, stating that they had searched TV Chief Editor\u2019s private home with a warrant, and that they were looking for documentary \u201ehe was trying to double charge local authorities with\u201c.<\/p>\n<p>No further available explanations and information on this case.<\/p>\n<p>4 February \u2013 Ombudsman Sa\u0161a Jankovi\u0107 issued recommendation for dismissal of Nikola Risti\u0107 Belgrade City Communal Police Chief, for forcibly preventing reporting by two independent news organizations, KRIK and Istinomer, by his officers in 2015 and lack of cooperation with Ombudsman\u2019s office.<\/p>\n<p>Three weeks afterwards, Belgrade Mayor Sini\u0161a Mali stated that he will not act on Ombudsman\u2019s recommendation.<\/p>\n<h2>6. Pressures on local media \u2013 Case of Ju\u017ene vesti, Ni\u0161<\/h2>\n<p><strong>January, February <\/strong>\u2013 Local independent news website Ju\u017ene vesti, from southern city of Ni\u0161, often suffers threats and pressures for reporting critical towards local authorities.<\/p>\n<p>On 16 January local judge decided that comment made by an employee of City\u2019s Public transport department, that \u201eJu\u017ene vesti should be set on fire for their lies\u201c, is not a threat.<\/p>\n<p>On 22 February, three employees of Ni\u0161\u2019s Communal Heating Company were sentenced to six months imprisonment suspended sentence, for \u201ecriminal endangering of safety\u201c of Ju\u017ene Vesti Chief Editor Predrag Blagojevi\u0107. They repeatedly threatened Blagojevi\u0107 for reporting on corruption in Communal Heating Company.<\/p>\n<p>Less than two months after the sentencing, Prime Minister Vu\u010di\u0107\u2019s Serbian Progressive Party nominated one of the sentenced for local elections.<\/p>\n<h2>7. Random attacks on public broadcasters<\/h2>\n<p><strong>January, March <\/strong>\u2013 Independent Journalists\u2019 Association\u2019s \u201cSafety of Journalists Database\u201d recorded two random attacks on TV crews in 2016.<\/p>\n<p>On 15 January the unknown assailant threatened RTV (Autonomous Province of Vojvodina Public broadcaster) crew waving the gun, while they were reporting live on air form local green market in Novi Sad. The incident was filmed. Police started searching for perpetrator, without known results so far.<\/p>\n<p>On 18 March a man physically attacked RTS (National Public broadcaster) staff in their \u010ca\u010dak field office. CCTV recording of the attack exists. Police has taken over the case, also without known results whatsoever.<\/p>\n<h2>8. Internet attacks \u2013 Case of Danas daily<\/h2>\n<p><strong>4 February <\/strong>\u2013 Homepage of Danas daily\u2019s website was taken over twice in the same day. An unknown attacker replaced their homepage with \u201einappropriate content\u201c. The case was reported to Special prosecutor for High-Technology Crime whom initiated an investigation.<\/p>\n<h2>9. Unfinished investigations- Milan Panti\u0107 murder<\/h2>\n<p><strong>25 February <\/strong>&#8211; Veran Mati\u0107, President of the Journalists Murders Investigation Committee, stated that a person suspected involved in the murder of journalist Milan Panti\u0107 in 2001 was interrogated in Germany. Panti\u0107\u2019s murder still remains unsolved.<\/p>\n<p>There are no news on police investigations of cases of journalists Ivan Nini\u0107 and Davor Pa\u0161ali\u0107, who were severely beaten in 2015 and 2014, respectively.<\/p>\n<p><i><br \/>\nPhoto above: Veran Mati\u0107, Brankica Stankovi\u0107, Uro\u0161 Uro\u0161evi\u0107, Stevan Doj\u010dinovi\u0107<\/i><\/p>\n<p>&nbsp;<\/p>\n","protected":false},"excerpt":{"rendered":"<p>April 11, 2016 First quarter of 2016 regarding safety of journalists and media in Serbia, beside \u201cregular\u201d threats and media campaigns against government critics, was marked by police interrogation of a reporter which alerted the public about unsafe drinking water and allegation about illegal police surveillance of journalists January-March 2016 1. Death threats \u2013 Case of Brankica Stankovi\u0107 and Veran Mati\u0107 21 March \u2013 The office of Insajder.net website stated that they received several death threats addressed to Brankica Stankovi\u0107, [&hellip;]<\/p>\n","protected":false},"author":4,"featured_media":1649,"comment_status":"closed","ping_status":"open","sticky":false,"template":"","format":"standard","meta":{"footnotes":""},"categories":[8],"tags":[],"class_list":["post-1597","post","type-post","status-publish","format-standard","has-post-thumbnail","hentry","category-content-en"],"yoast_head":"<!-- This site is optimized with the Yoast SEO plugin v25.6 - https:\/\/yoast.com\/wordpress\/plugins\/seo\/ -->\n<title>Notable Cases of Journalists and Media Safety Violations<\/title>\n<meta name=\"robots\" content=\"index, follow, max-snippet:-1, max-image-preview:large, max-video-preview:-1\" \/>\n<link rel=\"canonical\" href=\"https:\/\/www.slavkocuruvijafondacija.rs\/en\/notable-cases-of-journalists-and-media-safety-violations\/\" \/>\n<meta property=\"og:locale\" content=\"en_US\" \/>\n<meta property=\"og:type\" content=\"article\" \/>\n<meta property=\"og:title\" content=\"Notable Cases of Journalists and Media Safety Violations\" \/>\n<meta property=\"og:description\" content=\"April 11, 2016 First quarter of 2016 regarding safety of journalists and media in Serbia, beside \u201cregular\u201d threats and media campaigns against government critics, was marked by police interrogation of a reporter which alerted the public about unsafe drinking water and allegation about illegal police surveillance of journalists January-March 2016 1. Death threats \u2013 Case of Brankica Stankovi\u0107 and Veran Mati\u0107 21 March \u2013 The office of Insajder.net website stated that they received several death threats addressed to Brankica Stankovi\u0107, [&hellip;]\" \/>\n<meta property=\"og:url\" content=\"https:\/\/www.slavkocuruvijafondacija.rs\/en\/notable-cases-of-journalists-and-media-safety-violations\/\" \/>\n<meta property=\"og:site_name\" content=\"Slavko \u0106uruvija fondacija\" \/>\n<meta property=\"article:publisher\" content=\"https:\/\/www.facebook.com\/slavkocuruvijafondacija\/\" \/>\n<meta property=\"article:published_time\" content=\"2016-04-10T11:01:25+00:00\" \/>\n<meta property=\"article:modified_time\" content=\"2016-04-11T10:55:51+00:00\" \/>\n<meta property=\"og:image\" content=\"https:\/\/www.slavkocuruvijafondacija.rs\/wp-content\/uploads\/2016\/04\/cenzolovka_pritisci_na_medije.jpg\" \/>\n\t<meta property=\"og:image:width\" content=\"900\" \/>\n\t<meta property=\"og:image:height\" content=\"530\" \/>\n\t<meta property=\"og:image:type\" content=\"image\/jpeg\" \/>\n<meta name=\"author\" content=\"Vojin Mitrovic\" \/>\n<meta name=\"twitter:card\" content=\"summary_large_image\" \/>\n<meta name=\"twitter:creator\" content=\"@scfondacija\" \/>\n<meta name=\"twitter:site\" content=\"@scfondacija\" \/>\n<meta name=\"twitter:label1\" content=\"Written by\" \/>\n\t<meta name=\"twitter:data1\" content=\"Vojin Mitrovic\" \/>\n\t<meta name=\"twitter:label2\" content=\"Est. reading time\" \/>\n\t<meta name=\"twitter:data2\" content=\"5 minutes\" \/>\n<script type=\"application\/ld+json\" class=\"yoast-schema-graph\">{\"@context\":\"https:\/\/schema.org\",\"@graph\":[{\"@type\":\"Article\",\"@id\":\"https:\/\/www.slavkocuruvijafondacija.rs\/en\/notable-cases-of-journalists-and-media-safety-violations\/#article\",\"isPartOf\":{\"@id\":\"https:\/\/www.slavkocuruvijafondacija.rs\/en\/notable-cases-of-journalists-and-media-safety-violations\/\"},\"author\":{\"name\":\"Vojin Mitrovic\",\"@id\":\"https:\/\/www.slavkocuruvijafondacija.rs\/#\/schema\/person\/d235fc303ee4385f0d60f7be176eb741\"},\"headline\":\"Notable Cases of Journalists and Media Safety Violations\",\"datePublished\":\"2016-04-10T11:01:25+00:00\",\"dateModified\":\"2016-04-11T10:55:51+00:00\",\"mainEntityOfPage\":{\"@id\":\"https:\/\/www.slavkocuruvijafondacija.rs\/en\/notable-cases-of-journalists-and-media-safety-violations\/\"},\"wordCount\":1092,\"publisher\":{\"@id\":\"https:\/\/www.slavkocuruvijafondacija.rs\/#organization\"},\"image\":{\"@id\":\"https:\/\/www.slavkocuruvijafondacija.rs\/en\/notable-cases-of-journalists-and-media-safety-violations\/#primaryimage\"},\"thumbnailUrl\":\"https:\/\/www.slavkocuruvijafondacija.rs\/wp-content\/uploads\/2016\/04\/cenzolovka_pritisci_na_medije.jpg\",\"articleSection\":[\"News\"],\"inLanguage\":\"en-US\"},{\"@type\":\"WebPage\",\"@id\":\"https:\/\/www.slavkocuruvijafondacija.rs\/en\/notable-cases-of-journalists-and-media-safety-violations\/\",\"url\":\"https:\/\/www.slavkocuruvijafondacija.rs\/en\/notable-cases-of-journalists-and-media-safety-violations\/\",\"name\":\"Notable Cases of Journalists and Media Safety Violations\",\"isPartOf\":{\"@id\":\"https:\/\/www.slavkocuruvijafondacija.rs\/#website\"},\"primaryImageOfPage\":{\"@id\":\"https:\/\/www.slavkocuruvijafondacija.rs\/en\/notable-cases-of-journalists-and-media-safety-violations\/#primaryimage\"},\"image\":{\"@id\":\"https:\/\/www.slavkocuruvijafondacija.rs\/en\/notable-cases-of-journalists-and-media-safety-violations\/#primaryimage\"},\"thumbnailUrl\":\"https:\/\/www.slavkocuruvijafondacija.rs\/wp-content\/uploads\/2016\/04\/cenzolovka_pritisci_na_medije.jpg\",\"datePublished\":\"2016-04-10T11:01:25+00:00\",\"dateModified\":\"2016-04-11T10:55:51+00:00\",\"inLanguage\":\"en-US\",\"potentialAction\":[{\"@type\":\"ReadAction\",\"target\":[\"https:\/\/www.slavkocuruvijafondacija.rs\/en\/notable-cases-of-journalists-and-media-safety-violations\/\"]}]},{\"@type\":\"ImageObject\",\"inLanguage\":\"en-US\",\"@id\":\"https:\/\/www.slavkocuruvijafondacija.rs\/en\/notable-cases-of-journalists-and-media-safety-violations\/#primaryimage\",\"url\":\"https:\/\/www.slavkocuruvijafondacija.rs\/wp-content\/uploads\/2016\/04\/cenzolovka_pritisci_na_medije.jpg\",\"contentUrl\":\"https:\/\/www.slavkocuruvijafondacija.rs\/wp-content\/uploads\/2016\/04\/cenzolovka_pritisci_na_medije.jpg\",\"width\":900,\"height\":530},{\"@type\":\"WebSite\",\"@id\":\"https:\/\/www.slavkocuruvijafondacija.rs\/#website\",\"url\":\"https:\/\/www.slavkocuruvijafondacija.rs\/\",\"name\":\"Slavko \u0106uruvija fondacija\",\"description\":\"Slavko \u0106uruvija fondacija (S\u0106F) radi na promociji i unapre\u0111enju slobodnih, nezavisnih i odgovornih medija u Srbiji.\",\"publisher\":{\"@id\":\"https:\/\/www.slavkocuruvijafondacija.rs\/#organization\"},\"potentialAction\":[{\"@type\":\"SearchAction\",\"target\":{\"@type\":\"EntryPoint\",\"urlTemplate\":\"https:\/\/www.slavkocuruvijafondacija.rs\/?s={search_term_string}\"},\"query-input\":{\"@type\":\"PropertyValueSpecification\",\"valueRequired\":true,\"valueName\":\"search_term_string\"}}],\"inLanguage\":\"en-US\"},{\"@type\":\"Organization\",\"@id\":\"https:\/\/www.slavkocuruvijafondacija.rs\/#organization\",\"name\":\"Slavko Curuvija Foundation\",\"url\":\"https:\/\/www.slavkocuruvijafondacija.rs\/\",\"logo\":{\"@type\":\"ImageObject\",\"inLanguage\":\"en-US\",\"@id\":\"https:\/\/www.slavkocuruvijafondacija.rs\/#\/schema\/logo\/image\/\",\"url\":\"https:\/\/www.slavkocuruvijafondacija.rs\/wp-content\/uploads\/2021\/03\/SCF-Logo-900-600.jpg\",\"contentUrl\":\"https:\/\/www.slavkocuruvijafondacija.rs\/wp-content\/uploads\/2021\/03\/SCF-Logo-900-600.jpg\",\"width\":900,\"height\":600,\"caption\":\"Slavko Curuvija Foundation\"},\"image\":{\"@id\":\"https:\/\/www.slavkocuruvijafondacija.rs\/#\/schema\/logo\/image\/\"},\"sameAs\":[\"https:\/\/www.facebook.com\/slavkocuruvijafondacija\/\",\"https:\/\/x.com\/scfondacija\",\"https:\/\/www.instagram.com\/slavko_curuvija_fondacija\/\",\"https:\/\/www.linkedin.com\/company\/slavko-curuvija-foundation\/\",\"https:\/\/www.youtube.com\/channel\/UCEDcWS1sfG6qvaiBvVJJVRQ\"]},{\"@type\":\"Person\",\"@id\":\"https:\/\/www.slavkocuruvijafondacija.rs\/#\/schema\/person\/d235fc303ee4385f0d60f7be176eb741\",\"name\":\"Vojin Mitrovic\",\"image\":{\"@type\":\"ImageObject\",\"inLanguage\":\"en-US\",\"@id\":\"https:\/\/www.slavkocuruvijafondacija.rs\/#\/schema\/person\/image\/\",\"url\":\"https:\/\/secure.gravatar.com\/avatar\/ac7796564557f0f54e187b1b171f1796a9afbb07e218a2a28395548648bd49e1?s=96&d=mm&r=g\",\"contentUrl\":\"https:\/\/secure.gravatar.com\/avatar\/ac7796564557f0f54e187b1b171f1796a9afbb07e218a2a28395548648bd49e1?s=96&d=mm&r=g\",\"caption\":\"Vojin Mitrovic\"},\"url\":\"https:\/\/www.slavkocuruvijafondacija.rs\/en\/author\/vojin\/\"}]}<\/script>\n<!-- \/ Yoast SEO plugin. -->","yoast_head_json":{"title":"Notable Cases of Journalists and Media Safety Violations","robots":{"index":"index","follow":"follow","max-snippet":"max-snippet:-1","max-image-preview":"max-image-preview:large","max-video-preview":"max-video-preview:-1"},"canonical":"https:\/\/www.slavkocuruvijafondacija.rs\/en\/notable-cases-of-journalists-and-media-safety-violations\/","og_locale":"en_US","og_type":"article","og_title":"Notable Cases of Journalists and Media Safety Violations","og_description":"April 11, 2016 First quarter of 2016 regarding safety of journalists and media in Serbia, beside \u201cregular\u201d threats and media campaigns against government critics, was marked by police interrogation of a reporter which alerted the public about unsafe drinking water and allegation about illegal police surveillance of journalists January-March 2016 1. Death threats \u2013 Case of Brankica Stankovi\u0107 and Veran Mati\u0107 21 March \u2013 The office of Insajder.net website stated that they received several death threats addressed to Brankica Stankovi\u0107, [&hellip;]","og_url":"https:\/\/www.slavkocuruvijafondacija.rs\/en\/notable-cases-of-journalists-and-media-safety-violations\/","og_site_name":"Slavko \u0106uruvija fondacija","article_publisher":"https:\/\/www.facebook.com\/slavkocuruvijafondacija\/","article_published_time":"2016-04-10T11:01:25+00:00","article_modified_time":"2016-04-11T10:55:51+00:00","og_image":[{"width":900,"height":530,"url":"https:\/\/www.slavkocuruvijafondacija.rs\/wp-content\/uploads\/2016\/04\/cenzolovka_pritisci_na_medije.jpg","type":"image\/jpeg"}],"author":"Vojin Mitrovic","twitter_card":"summary_large_image","twitter_creator":"@scfondacija","twitter_site":"@scfondacija","twitter_misc":{"Written by":"Vojin Mitrovic","Est. reading time":"5 minutes"},"schema":{"@context":"https:\/\/schema.org","@graph":[{"@type":"Article","@id":"https:\/\/www.slavkocuruvijafondacija.rs\/en\/notable-cases-of-journalists-and-media-safety-violations\/#article","isPartOf":{"@id":"https:\/\/www.slavkocuruvijafondacija.rs\/en\/notable-cases-of-journalists-and-media-safety-violations\/"},"author":{"name":"Vojin Mitrovic","@id":"https:\/\/www.slavkocuruvijafondacija.rs\/#\/schema\/person\/d235fc303ee4385f0d60f7be176eb741"},"headline":"Notable Cases of Journalists and Media Safety Violations","datePublished":"2016-04-10T11:01:25+00:00","dateModified":"2016-04-11T10:55:51+00:00","mainEntityOfPage":{"@id":"https:\/\/www.slavkocuruvijafondacija.rs\/en\/notable-cases-of-journalists-and-media-safety-violations\/"},"wordCount":1092,"publisher":{"@id":"https:\/\/www.slavkocuruvijafondacija.rs\/#organization"},"image":{"@id":"https:\/\/www.slavkocuruvijafondacija.rs\/en\/notable-cases-of-journalists-and-media-safety-violations\/#primaryimage"},"thumbnailUrl":"https:\/\/www.slavkocuruvijafondacija.rs\/wp-content\/uploads\/2016\/04\/cenzolovka_pritisci_na_medije.jpg","articleSection":["News"],"inLanguage":"en-US"},{"@type":"WebPage","@id":"https:\/\/www.slavkocuruvijafondacija.rs\/en\/notable-cases-of-journalists-and-media-safety-violations\/","url":"https:\/\/www.slavkocuruvijafondacija.rs\/en\/notable-cases-of-journalists-and-media-safety-violations\/","name":"Notable Cases of Journalists and Media Safety Violations","isPartOf":{"@id":"https:\/\/www.slavkocuruvijafondacija.rs\/#website"},"primaryImageOfPage":{"@id":"https:\/\/www.slavkocuruvijafondacija.rs\/en\/notable-cases-of-journalists-and-media-safety-violations\/#primaryimage"},"image":{"@id":"https:\/\/www.slavkocuruvijafondacija.rs\/en\/notable-cases-of-journalists-and-media-safety-violations\/#primaryimage"},"thumbnailUrl":"https:\/\/www.slavkocuruvijafondacija.rs\/wp-content\/uploads\/2016\/04\/cenzolovka_pritisci_na_medije.jpg","datePublished":"2016-04-10T11:01:25+00:00","dateModified":"2016-04-11T10:55:51+00:00","inLanguage":"en-US","potentialAction":[{"@type":"ReadAction","target":["https:\/\/www.slavkocuruvijafondacija.rs\/en\/notable-cases-of-journalists-and-media-safety-violations\/"]}]},{"@type":"ImageObject","inLanguage":"en-US","@id":"https:\/\/www.slavkocuruvijafondacija.rs\/en\/notable-cases-of-journalists-and-media-safety-violations\/#primaryimage","url":"https:\/\/www.slavkocuruvijafondacija.rs\/wp-content\/uploads\/2016\/04\/cenzolovka_pritisci_na_medije.jpg","contentUrl":"https:\/\/www.slavkocuruvijafondacija.rs\/wp-content\/uploads\/2016\/04\/cenzolovka_pritisci_na_medije.jpg","width":900,"height":530},{"@type":"WebSite","@id":"https:\/\/www.slavkocuruvijafondacija.rs\/#website","url":"https:\/\/www.slavkocuruvijafondacija.rs\/","name":"Slavko \u0106uruvija fondacija","description":"Slavko \u0106uruvija fondacija (S\u0106F) radi na promociji i unapre\u0111enju slobodnih, nezavisnih i odgovornih medija u Srbiji.","publisher":{"@id":"https:\/\/www.slavkocuruvijafondacija.rs\/#organization"},"potentialAction":[{"@type":"SearchAction","target":{"@type":"EntryPoint","urlTemplate":"https:\/\/www.slavkocuruvijafondacija.rs\/?s={search_term_string}"},"query-input":{"@type":"PropertyValueSpecification","valueRequired":true,"valueName":"search_term_string"}}],"inLanguage":"en-US"},{"@type":"Organization","@id":"https:\/\/www.slavkocuruvijafondacija.rs\/#organization","name":"Slavko Curuvija Foundation","url":"https:\/\/www.slavkocuruvijafondacija.rs\/","logo":{"@type":"ImageObject","inLanguage":"en-US","@id":"https:\/\/www.slavkocuruvijafondacija.rs\/#\/schema\/logo\/image\/","url":"https:\/\/www.slavkocuruvijafondacija.rs\/wp-content\/uploads\/2021\/03\/SCF-Logo-900-600.jpg","contentUrl":"https:\/\/www.slavkocuruvijafondacija.rs\/wp-content\/uploads\/2021\/03\/SCF-Logo-900-600.jpg","width":900,"height":600,"caption":"Slavko Curuvija Foundation"},"image":{"@id":"https:\/\/www.slavkocuruvijafondacija.rs\/#\/schema\/logo\/image\/"},"sameAs":["https:\/\/www.facebook.com\/slavkocuruvijafondacija\/","https:\/\/x.com\/scfondacija","https:\/\/www.instagram.com\/slavko_curuvija_fondacija\/","https:\/\/www.linkedin.com\/company\/slavko-curuvija-foundation\/","https:\/\/www.youtube.com\/channel\/UCEDcWS1sfG6qvaiBvVJJVRQ"]},{"@type":"Person","@id":"https:\/\/www.slavkocuruvijafondacija.rs\/#\/schema\/person\/d235fc303ee4385f0d60f7be176eb741","name":"Vojin Mitrovic","image":{"@type":"ImageObject","inLanguage":"en-US","@id":"https:\/\/www.slavkocuruvijafondacija.rs\/#\/schema\/person\/image\/","url":"https:\/\/secure.gravatar.com\/avatar\/ac7796564557f0f54e187b1b171f1796a9afbb07e218a2a28395548648bd49e1?s=96&d=mm&r=g","contentUrl":"https:\/\/secure.gravatar.com\/avatar\/ac7796564557f0f54e187b1b171f1796a9afbb07e218a2a28395548648bd49e1?s=96&d=mm&r=g","caption":"Vojin Mitrovic"},"url":"https:\/\/www.slavkocuruvijafondacija.rs\/en\/author\/vojin\/"}]}},"_links":{"self":[{"href":"https:\/\/www.slavkocuruvijafondacija.rs\/en\/wp-json\/wp\/v2\/posts\/1597","targetHints":{"allow":["GET"]}}],"collection":[{"href":"https:\/\/www.slavkocuruvijafondacija.rs\/en\/wp-json\/wp\/v2\/posts"}],"about":[{"href":"https:\/\/www.slavkocuruvijafondacija.rs\/en\/wp-json\/wp\/v2\/types\/post"}],"author":[{"embeddable":true,"href":"https:\/\/www.slavkocuruvijafondacija.rs\/en\/wp-json\/wp\/v2\/users\/4"}],"replies":[{"embeddable":true,"href":"https:\/\/www.slavkocuruvijafondacija.rs\/en\/wp-json\/wp\/v2\/comments?post=1597"}],"version-history":[{"count":3,"href":"https:\/\/www.slavkocuruvijafondacija.rs\/en\/wp-json\/wp\/v2\/posts\/1597\/revisions"}],"predecessor-version":[{"id":1673,"href":"https:\/\/www.slavkocuruvijafondacija.rs\/en\/wp-json\/wp\/v2\/posts\/1597\/revisions\/1673"}],"wp:featuredmedia":[{"embeddable":true,"href":"https:\/\/www.slavkocuruvijafondacija.rs\/en\/wp-json\/wp\/v2\/media\/1649"}],"wp:attachment":[{"href":"https:\/\/www.slavkocuruvijafondacija.rs\/en\/wp-json\/wp\/v2\/media?parent=1597"}],"wp:term":[{"taxonomy":"category","embeddable":true,"href":"https:\/\/www.slavkocuruvijafondacija.rs\/en\/wp-json\/wp\/v2\/categories?post=1597"},{"taxonomy":"post_tag","embeddable":true,"href":"https:\/\/www.slavkocuruvijafondacija.rs\/en\/wp-json\/wp\/v2\/tags?post=1597"}],"curies":[{"name":"wp","href":"https:\/\/api.w.org\/{rel}","templated":true}]}}