{"id":1031,"date":"2015-06-05T11:59:59","date_gmt":"2015-06-05T11:59:59","guid":{"rendered":"http:\/\/www.slavkocuruvijafondacija.rs\/?p=1031"},"modified":"2015-06-05T12:01:29","modified_gmt":"2015-06-05T12:01:29","slug":"the-first-internet-digital-journalism-training-course","status":"publish","type":"post","link":"https:\/\/www.slavkocuruvijafondacija.rs\/en\/the-first-internet-digital-journalism-training-course\/","title":{"rendered":"The first Internet digital journalism training course"},"content":{"rendered":"<p>June 4, 2015<\/p>\n<hr \/>\n<p>&nbsp;<\/p>\n<h2><strong>The Slavko \u0106uruvija Foundation organizes a free training course for young journalists<\/strong><\/h2>\n<p>This summer, the Slavko \u0106uruvija Foundation is to organize a first internet digital journalism training course in Serbia. Registration starts on June 17, and the programme shall last from July 3 until September 13.<\/p>\n<p>The digital journalism training course is intended for both employed and unemployed journalists, from 22 to 28 years of age, whereas those working for local media shall have an advantage. Candidates should have at least two years of experience in an editorial office, proficiency level of both written and spoken English and a high level of computer literacy.<\/p>\n<p>Apart from the skills necessary for operation within digital surroundings, the students shall be given insight into the methods and experience of research and analytical journalists, and a special part of the programme shall be dedicated to ethical standards.<\/p>\n<p>The largest part of the\u00a0 activities shall be organized on the Internet, and three \u201clive\u201d weekend workshops shall be organized in Belgrade.<\/p>\n<p>Given that the Slavko \u0106uruvija foundation is organizing this course with the support of the American National Endowment for Democracy, the best students will have an opportunity for free training at one of the editorial offices of a renowned online media, for an entire month.<\/p>\n<p>More on course, terms and registration procedure on\u00a0 <a href=\"http:\/\/www.skoladigitalnognovinarstva.rs\/\">www.skoladigitalnognovinarstva.rs<\/a>.<\/p>\n<p><a href=\"http:\/\/www.slavkocuruvijafondacija.rs\/wp-content\/uploads\/2015\/06\/Ne-Budi-Nula-6.jpg\"><img decoding=\"async\" class=\"aligncenter  wp-image-1026\" src=\"http:\/\/www.slavkocuruvijafondacija.rs\/wp-content\/uploads\/2015\/06\/Ne-Budi-Nula-6.jpg\" alt=\"Ne-Budi-Nula-6\" width=\"899\" height=\"1284\" srcset=\"https:\/\/www.slavkocuruvijafondacija.rs\/wp-content\/uploads\/2015\/06\/Ne-Budi-Nula-6.jpg 1400w, https:\/\/www.slavkocuruvijafondacija.rs\/wp-content\/uploads\/2015\/06\/Ne-Budi-Nula-6-210x300.jpg 210w, https:\/\/www.slavkocuruvijafondacija.rs\/wp-content\/uploads\/2015\/06\/Ne-Budi-Nula-6-717x1024.jpg 717w\" sizes=\"(max-width: 899px) 100vw, 899px\" \/><\/a><\/p>\n","protected":false},"excerpt":{"rendered":"<p>June 4, 2015 &nbsp; The Slavko \u0106uruvija Foundation organizes a free training course for young journalists This summer, the Slavko \u0106uruvija Foundation is to organize a first internet digital journalism training course in Serbia. Registration starts on June 17, and the programme shall last from July 3 until September 13. The digital journalism training course is intended for both employed and unemployed journalists, from 22 to 28 years of age, whereas those working for local media shall have an advantage. [&hellip;]<\/p>\n","protected":false},"author":4,"featured_media":1028,"comment_status":"closed","ping_status":"open","sticky":false,"template":"","format":"standard","meta":{"footnotes":""},"categories":[8],"tags":[],"class_list":["post-1031","post","type-post","status-publish","format-standard","has-post-thumbnail","hentry","category-content-en"],"yoast_head":"<!-- This site is optimized with the Yoast SEO plugin v25.6 - https:\/\/yoast.com\/wordpress\/plugins\/seo\/ -->\n<title>The first Internet digital journalism training course<\/title>\n<meta name=\"robots\" content=\"index, follow, max-snippet:-1, max-image-preview:large, max-video-preview:-1\" \/>\n<link rel=\"canonical\" href=\"https:\/\/www.slavkocuruvijafondacija.rs\/en\/the-first-internet-digital-journalism-training-course\/\" \/>\n<meta property=\"og:locale\" content=\"en_US\" \/>\n<meta property=\"og:type\" content=\"article\" \/>\n<meta property=\"og:title\" content=\"The first Internet digital journalism training course\" \/>\n<meta property=\"og:description\" content=\"June 4, 2015 &nbsp; The Slavko \u0106uruvija Foundation organizes a free training course for young journalists This summer, the Slavko \u0106uruvija Foundation is to organize a first internet digital journalism training course in Serbia. Registration starts on June 17, and the programme shall last from July 3 until September 13. The digital journalism training course is intended for both employed and unemployed journalists, from 22 to 28 years of age, whereas those working for local media shall have an advantage. [&hellip;]\" \/>\n<meta property=\"og:url\" content=\"https:\/\/www.slavkocuruvijafondacija.rs\/en\/the-first-internet-digital-journalism-training-course\/\" \/>\n<meta property=\"og:site_name\" content=\"Slavko \u0106uruvija fondacija\" \/>\n<meta property=\"article:publisher\" content=\"https:\/\/www.facebook.com\/slavkocuruvijafondacija\/\" \/>\n<meta property=\"article:published_time\" content=\"2015-06-05T11:59:59+00:00\" \/>\n<meta property=\"article:modified_time\" content=\"2015-06-05T12:01:29+00:00\" \/>\n<meta property=\"og:image\" content=\"https:\/\/www.slavkocuruvijafondacija.rs\/wp-content\/uploads\/2015\/06\/Ne-Budi-Nula-6crop.jpg\" \/>\n\t<meta property=\"og:image:width\" content=\"1398\" \/>\n\t<meta property=\"og:image:height\" content=\"645\" \/>\n\t<meta property=\"og:image:type\" content=\"image\/jpeg\" \/>\n<meta name=\"author\" content=\"Vojin Mitrovic\" \/>\n<meta name=\"twitter:card\" content=\"summary_large_image\" \/>\n<meta name=\"twitter:creator\" content=\"@scfondacija\" \/>\n<meta name=\"twitter:site\" content=\"@scfondacija\" \/>\n<meta name=\"twitter:label1\" content=\"Written by\" \/>\n\t<meta name=\"twitter:data1\" content=\"Vojin Mitrovic\" \/>\n\t<meta name=\"twitter:label2\" content=\"Est. reading time\" \/>\n\t<meta name=\"twitter:data2\" content=\"1 minute\" \/>\n<script type=\"application\/ld+json\" class=\"yoast-schema-graph\">{\"@context\":\"https:\/\/schema.org\",\"@graph\":[{\"@type\":\"Article\",\"@id\":\"https:\/\/www.slavkocuruvijafondacija.rs\/en\/the-first-internet-digital-journalism-training-course\/#article\",\"isPartOf\":{\"@id\":\"https:\/\/www.slavkocuruvijafondacija.rs\/en\/the-first-internet-digital-journalism-training-course\/\"},\"author\":{\"name\":\"Vojin Mitrovic\",\"@id\":\"https:\/\/www.slavkocuruvijafondacija.rs\/#\/schema\/person\/d235fc303ee4385f0d60f7be176eb741\"},\"headline\":\"The first Internet digital journalism training course\",\"datePublished\":\"2015-06-05T11:59:59+00:00\",\"dateModified\":\"2015-06-05T12:01:29+00:00\",\"mainEntityOfPage\":{\"@id\":\"https:\/\/www.slavkocuruvijafondacija.rs\/en\/the-first-internet-digital-journalism-training-course\/\"},\"wordCount\":225,\"publisher\":{\"@id\":\"https:\/\/www.slavkocuruvijafondacija.rs\/#organization\"},\"image\":{\"@id\":\"https:\/\/www.slavkocuruvijafondacija.rs\/en\/the-first-internet-digital-journalism-training-course\/#primaryimage\"},\"thumbnailUrl\":\"https:\/\/www.slavkocuruvijafondacija.rs\/wp-content\/uploads\/2015\/06\/Ne-Budi-Nula-6crop.jpg\",\"articleSection\":[\"News\"],\"inLanguage\":\"en-US\"},{\"@type\":\"WebPage\",\"@id\":\"https:\/\/www.slavkocuruvijafondacija.rs\/en\/the-first-internet-digital-journalism-training-course\/\",\"url\":\"https:\/\/www.slavkocuruvijafondacija.rs\/en\/the-first-internet-digital-journalism-training-course\/\",\"name\":\"The first Internet digital journalism training course\",\"isPartOf\":{\"@id\":\"https:\/\/www.slavkocuruvijafondacija.rs\/#website\"},\"primaryImageOfPage\":{\"@id\":\"https:\/\/www.slavkocuruvijafondacija.rs\/en\/the-first-internet-digital-journalism-training-course\/#primaryimage\"},\"image\":{\"@id\":\"https:\/\/www.slavkocuruvijafondacija.rs\/en\/the-first-internet-digital-journalism-training-course\/#primaryimage\"},\"thumbnailUrl\":\"https:\/\/www.slavkocuruvijafondacija.rs\/wp-content\/uploads\/2015\/06\/Ne-Budi-Nula-6crop.jpg\",\"datePublished\":\"2015-06-05T11:59:59+00:00\",\"dateModified\":\"2015-06-05T12:01:29+00:00\",\"inLanguage\":\"en-US\",\"potentialAction\":[{\"@type\":\"ReadAction\",\"target\":[\"https:\/\/www.slavkocuruvijafondacija.rs\/en\/the-first-internet-digital-journalism-training-course\/\"]}]},{\"@type\":\"ImageObject\",\"inLanguage\":\"en-US\",\"@id\":\"https:\/\/www.slavkocuruvijafondacija.rs\/en\/the-first-internet-digital-journalism-training-course\/#primaryimage\",\"url\":\"https:\/\/www.slavkocuruvijafondacija.rs\/wp-content\/uploads\/2015\/06\/Ne-Budi-Nula-6crop.jpg\",\"contentUrl\":\"https:\/\/www.slavkocuruvijafondacija.rs\/wp-content\/uploads\/2015\/06\/Ne-Budi-Nula-6crop.jpg\",\"width\":1398,\"height\":645},{\"@type\":\"WebSite\",\"@id\":\"https:\/\/www.slavkocuruvijafondacija.rs\/#website\",\"url\":\"https:\/\/www.slavkocuruvijafondacija.rs\/\",\"name\":\"Slavko \u0106uruvija fondacija\",\"description\":\"Slavko \u0106uruvija fondacija (S\u0106F) radi na promociji i unapre\u0111enju slobodnih, nezavisnih i odgovornih medija u Srbiji.\",\"publisher\":{\"@id\":\"https:\/\/www.slavkocuruvijafondacija.rs\/#organization\"},\"potentialAction\":[{\"@type\":\"SearchAction\",\"target\":{\"@type\":\"EntryPoint\",\"urlTemplate\":\"https:\/\/www.slavkocuruvijafondacija.rs\/?s={search_term_string}\"},\"query-input\":{\"@type\":\"PropertyValueSpecification\",\"valueRequired\":true,\"valueName\":\"search_term_string\"}}],\"inLanguage\":\"en-US\"},{\"@type\":\"Organization\",\"@id\":\"https:\/\/www.slavkocuruvijafondacija.rs\/#organization\",\"name\":\"Slavko Curuvija Foundation\",\"url\":\"https:\/\/www.slavkocuruvijafondacija.rs\/\",\"logo\":{\"@type\":\"ImageObject\",\"inLanguage\":\"en-US\",\"@id\":\"https:\/\/www.slavkocuruvijafondacija.rs\/#\/schema\/logo\/image\/\",\"url\":\"https:\/\/www.slavkocuruvijafondacija.rs\/wp-content\/uploads\/2021\/03\/SCF-Logo-900-600.jpg\",\"contentUrl\":\"https:\/\/www.slavkocuruvijafondacija.rs\/wp-content\/uploads\/2021\/03\/SCF-Logo-900-600.jpg\",\"width\":900,\"height\":600,\"caption\":\"Slavko Curuvija Foundation\"},\"image\":{\"@id\":\"https:\/\/www.slavkocuruvijafondacija.rs\/#\/schema\/logo\/image\/\"},\"sameAs\":[\"https:\/\/www.facebook.com\/slavkocuruvijafondacija\/\",\"https:\/\/x.com\/scfondacija\",\"https:\/\/www.instagram.com\/slavko_curuvija_fondacija\/\",\"https:\/\/www.linkedin.com\/company\/slavko-curuvija-foundation\/\",\"https:\/\/www.youtube.com\/channel\/UCEDcWS1sfG6qvaiBvVJJVRQ\"]},{\"@type\":\"Person\",\"@id\":\"https:\/\/www.slavkocuruvijafondacija.rs\/#\/schema\/person\/d235fc303ee4385f0d60f7be176eb741\",\"name\":\"Vojin Mitrovic\",\"image\":{\"@type\":\"ImageObject\",\"inLanguage\":\"en-US\",\"@id\":\"https:\/\/www.slavkocuruvijafondacija.rs\/#\/schema\/person\/image\/\",\"url\":\"https:\/\/secure.gravatar.com\/avatar\/ac7796564557f0f54e187b1b171f1796a9afbb07e218a2a28395548648bd49e1?s=96&d=mm&r=g\",\"contentUrl\":\"https:\/\/secure.gravatar.com\/avatar\/ac7796564557f0f54e187b1b171f1796a9afbb07e218a2a28395548648bd49e1?s=96&d=mm&r=g\",\"caption\":\"Vojin Mitrovic\"},\"url\":\"https:\/\/www.slavkocuruvijafondacija.rs\/en\/author\/vojin\/\"}]}<\/script>\n<!-- \/ Yoast SEO plugin. -->","yoast_head_json":{"title":"The first Internet digital journalism training course","robots":{"index":"index","follow":"follow","max-snippet":"max-snippet:-1","max-image-preview":"max-image-preview:large","max-video-preview":"max-video-preview:-1"},"canonical":"https:\/\/www.slavkocuruvijafondacija.rs\/en\/the-first-internet-digital-journalism-training-course\/","og_locale":"en_US","og_type":"article","og_title":"The first Internet digital journalism training course","og_description":"June 4, 2015 &nbsp; The Slavko \u0106uruvija Foundation organizes a free training course for young journalists This summer, the Slavko \u0106uruvija Foundation is to organize a first internet digital journalism training course in Serbia. Registration starts on June 17, and the programme shall last from July 3 until September 13. The digital journalism training course is intended for both employed and unemployed journalists, from 22 to 28 years of age, whereas those working for local media shall have an advantage. [&hellip;]","og_url":"https:\/\/www.slavkocuruvijafondacija.rs\/en\/the-first-internet-digital-journalism-training-course\/","og_site_name":"Slavko \u0106uruvija fondacija","article_publisher":"https:\/\/www.facebook.com\/slavkocuruvijafondacija\/","article_published_time":"2015-06-05T11:59:59+00:00","article_modified_time":"2015-06-05T12:01:29+00:00","og_image":[{"width":1398,"height":645,"url":"https:\/\/www.slavkocuruvijafondacija.rs\/wp-content\/uploads\/2015\/06\/Ne-Budi-Nula-6crop.jpg","type":"image\/jpeg"}],"author":"Vojin Mitrovic","twitter_card":"summary_large_image","twitter_creator":"@scfondacija","twitter_site":"@scfondacija","twitter_misc":{"Written by":"Vojin Mitrovic","Est. reading time":"1 minute"},"schema":{"@context":"https:\/\/schema.org","@graph":[{"@type":"Article","@id":"https:\/\/www.slavkocuruvijafondacija.rs\/en\/the-first-internet-digital-journalism-training-course\/#article","isPartOf":{"@id":"https:\/\/www.slavkocuruvijafondacija.rs\/en\/the-first-internet-digital-journalism-training-course\/"},"author":{"name":"Vojin Mitrovic","@id":"https:\/\/www.slavkocuruvijafondacija.rs\/#\/schema\/person\/d235fc303ee4385f0d60f7be176eb741"},"headline":"The first Internet digital journalism training course","datePublished":"2015-06-05T11:59:59+00:00","dateModified":"2015-06-05T12:01:29+00:00","mainEntityOfPage":{"@id":"https:\/\/www.slavkocuruvijafondacija.rs\/en\/the-first-internet-digital-journalism-training-course\/"},"wordCount":225,"publisher":{"@id":"https:\/\/www.slavkocuruvijafondacija.rs\/#organization"},"image":{"@id":"https:\/\/www.slavkocuruvijafondacija.rs\/en\/the-first-internet-digital-journalism-training-course\/#primaryimage"},"thumbnailUrl":"https:\/\/www.slavkocuruvijafondacija.rs\/wp-content\/uploads\/2015\/06\/Ne-Budi-Nula-6crop.jpg","articleSection":["News"],"inLanguage":"en-US"},{"@type":"WebPage","@id":"https:\/\/www.slavkocuruvijafondacija.rs\/en\/the-first-internet-digital-journalism-training-course\/","url":"https:\/\/www.slavkocuruvijafondacija.rs\/en\/the-first-internet-digital-journalism-training-course\/","name":"The first Internet digital journalism training course","isPartOf":{"@id":"https:\/\/www.slavkocuruvijafondacija.rs\/#website"},"primaryImageOfPage":{"@id":"https:\/\/www.slavkocuruvijafondacija.rs\/en\/the-first-internet-digital-journalism-training-course\/#primaryimage"},"image":{"@id":"https:\/\/www.slavkocuruvijafondacija.rs\/en\/the-first-internet-digital-journalism-training-course\/#primaryimage"},"thumbnailUrl":"https:\/\/www.slavkocuruvijafondacija.rs\/wp-content\/uploads\/2015\/06\/Ne-Budi-Nula-6crop.jpg","datePublished":"2015-06-05T11:59:59+00:00","dateModified":"2015-06-05T12:01:29+00:00","inLanguage":"en-US","potentialAction":[{"@type":"ReadAction","target":["https:\/\/www.slavkocuruvijafondacija.rs\/en\/the-first-internet-digital-journalism-training-course\/"]}]},{"@type":"ImageObject","inLanguage":"en-US","@id":"https:\/\/www.slavkocuruvijafondacija.rs\/en\/the-first-internet-digital-journalism-training-course\/#primaryimage","url":"https:\/\/www.slavkocuruvijafondacija.rs\/wp-content\/uploads\/2015\/06\/Ne-Budi-Nula-6crop.jpg","contentUrl":"https:\/\/www.slavkocuruvijafondacija.rs\/wp-content\/uploads\/2015\/06\/Ne-Budi-Nula-6crop.jpg","width":1398,"height":645},{"@type":"WebSite","@id":"https:\/\/www.slavkocuruvijafondacija.rs\/#website","url":"https:\/\/www.slavkocuruvijafondacija.rs\/","name":"Slavko \u0106uruvija fondacija","description":"Slavko \u0106uruvija fondacija (S\u0106F) radi na promociji i unapre\u0111enju slobodnih, nezavisnih i odgovornih medija u Srbiji.","publisher":{"@id":"https:\/\/www.slavkocuruvijafondacija.rs\/#organization"},"potentialAction":[{"@type":"SearchAction","target":{"@type":"EntryPoint","urlTemplate":"https:\/\/www.slavkocuruvijafondacija.rs\/?s={search_term_string}"},"query-input":{"@type":"PropertyValueSpecification","valueRequired":true,"valueName":"search_term_string"}}],"inLanguage":"en-US"},{"@type":"Organization","@id":"https:\/\/www.slavkocuruvijafondacija.rs\/#organization","name":"Slavko Curuvija Foundation","url":"https:\/\/www.slavkocuruvijafondacija.rs\/","logo":{"@type":"ImageObject","inLanguage":"en-US","@id":"https:\/\/www.slavkocuruvijafondacija.rs\/#\/schema\/logo\/image\/","url":"https:\/\/www.slavkocuruvijafondacija.rs\/wp-content\/uploads\/2021\/03\/SCF-Logo-900-600.jpg","contentUrl":"https:\/\/www.slavkocuruvijafondacija.rs\/wp-content\/uploads\/2021\/03\/SCF-Logo-900-600.jpg","width":900,"height":600,"caption":"Slavko Curuvija Foundation"},"image":{"@id":"https:\/\/www.slavkocuruvijafondacija.rs\/#\/schema\/logo\/image\/"},"sameAs":["https:\/\/www.facebook.com\/slavkocuruvijafondacija\/","https:\/\/x.com\/scfondacija","https:\/\/www.instagram.com\/slavko_curuvija_fondacija\/","https:\/\/www.linkedin.com\/company\/slavko-curuvija-foundation\/","https:\/\/www.youtube.com\/channel\/UCEDcWS1sfG6qvaiBvVJJVRQ"]},{"@type":"Person","@id":"https:\/\/www.slavkocuruvijafondacija.rs\/#\/schema\/person\/d235fc303ee4385f0d60f7be176eb741","name":"Vojin Mitrovic","image":{"@type":"ImageObject","inLanguage":"en-US","@id":"https:\/\/www.slavkocuruvijafondacija.rs\/#\/schema\/person\/image\/","url":"https:\/\/secure.gravatar.com\/avatar\/ac7796564557f0f54e187b1b171f1796a9afbb07e218a2a28395548648bd49e1?s=96&d=mm&r=g","contentUrl":"https:\/\/secure.gravatar.com\/avatar\/ac7796564557f0f54e187b1b171f1796a9afbb07e218a2a28395548648bd49e1?s=96&d=mm&r=g","caption":"Vojin Mitrovic"},"url":"https:\/\/www.slavkocuruvijafondacija.rs\/en\/author\/vojin\/"}]}},"_links":{"self":[{"href":"https:\/\/www.slavkocuruvijafondacija.rs\/en\/wp-json\/wp\/v2\/posts\/1031","targetHints":{"allow":["GET"]}}],"collection":[{"href":"https:\/\/www.slavkocuruvijafondacija.rs\/en\/wp-json\/wp\/v2\/posts"}],"about":[{"href":"https:\/\/www.slavkocuruvijafondacija.rs\/en\/wp-json\/wp\/v2\/types\/post"}],"author":[{"embeddable":true,"href":"https:\/\/www.slavkocuruvijafondacija.rs\/en\/wp-json\/wp\/v2\/users\/4"}],"replies":[{"embeddable":true,"href":"https:\/\/www.slavkocuruvijafondacija.rs\/en\/wp-json\/wp\/v2\/comments?post=1031"}],"version-history":[{"count":2,"href":"https:\/\/www.slavkocuruvijafondacija.rs\/en\/wp-json\/wp\/v2\/posts\/1031\/revisions"}],"predecessor-version":[{"id":1033,"href":"https:\/\/www.slavkocuruvijafondacija.rs\/en\/wp-json\/wp\/v2\/posts\/1031\/revisions\/1033"}],"wp:featuredmedia":[{"embeddable":true,"href":"https:\/\/www.slavkocuruvijafondacija.rs\/en\/wp-json\/wp\/v2\/media\/1028"}],"wp:attachment":[{"href":"https:\/\/www.slavkocuruvijafondacija.rs\/en\/wp-json\/wp\/v2\/media?parent=1031"}],"wp:term":[{"taxonomy":"category","embeddable":true,"href":"https:\/\/www.slavkocuruvijafondacija.rs\/en\/wp-json\/wp\/v2\/categories?post=1031"},{"taxonomy":"post_tag","embeddable":true,"href":"https:\/\/www.slavkocuruvijafondacija.rs\/en\/wp-json\/wp\/v2\/tags?post=1031"}],"curies":[{"name":"wp","href":"https:\/\/api.w.org\/{rel}","templated":true}]}}