{"id":10221,"date":"2025-05-19T11:38:03","date_gmt":"2025-05-19T09:38:03","guid":{"rendered":"https:\/\/www.slavkocuruvijafondacija.rs\/?p=10221"},"modified":"2025-05-19T11:38:03","modified_gmt":"2025-05-19T09:38:03","slug":"serbia-receives-worst-ever-reporters-without-borders-media-freedom-index-rating","status":"publish","type":"post","link":"https:\/\/www.slavkocuruvijafondacija.rs\/en\/serbia-receives-worst-ever-reporters-without-borders-media-freedom-index-rating\/","title":{"rendered":"Serbia receives worst ever Reporters Without Borders Media Freedom Index rating"},"content":{"rendered":"<p>May 19, 2025<\/p>\n<hr \/>\n<h2>Serbia has never had a worse rating worse since Reporters Without Borders (RSF) began gauging levels of media freedom around the world. It now ranks 96th among 180 countries and territories. It has the lowest ranking in the region with the exception of Kosovo, which has fallen to 99th place.<\/h2>\n<p>Serbia received fewer points but nonetheless advanced two places compared to last year, when it ranked 98th.<\/p>\n<p>Pavol Szalai, head of the Reporters Without Borders\u2019 EU-Balkans desk, says that this advance is an \u201cillusion\u201d. He notes that the ranking change occurred due to other countries having fallen even lower, but that \u201cSerbia reached its lowest level in the 23-year history of the Index\u201d.<\/p>\n<p>\u201cThe deterioration of media freedom in Serbia is a result of political and legal factors. This can be attributed to the efforts of the ruling party to stifle independent journalism, through malicious prosecutions (SLAPP) and the fact that the state monitors journalists,&#8221; said Szalai.<\/p>\n<p>The best ranked countries of the region are Slovenia (33rd) and Montenegro (37th), while Croatia and Bosnia &amp; Herzegovina have respectively fallen to 60th and 86th place.<\/p>\n<p>The worst rating in the region is that of Kosovo, which deteriorated dramatically last year and this, and which now occupies 99th place.<\/p>\n","protected":false},"excerpt":{"rendered":"<p>May 19, 2025 Serbia has never had a worse rating worse since Reporters Without Borders (RSF) began gauging levels of media freedom around the world. It now ranks 96th among 180 countries and territories. It has the lowest ranking in the region with the exception of Kosovo, which has fallen to 99th place. Serbia received fewer points but nonetheless advanced two places compared to last year, when it ranked 98th. Pavol Szalai, head of the Reporters Without Borders\u2019 EU-Balkans desk, [&hellip;]<\/p>\n","protected":false},"author":4,"featured_media":9335,"comment_status":"closed","ping_status":"open","sticky":false,"template":"","format":"standard","meta":{"footnotes":""},"categories":[8],"tags":[],"class_list":["post-10221","post","type-post","status-publish","format-standard","has-post-thumbnail","hentry","category-content-en"],"yoast_head":"<!-- This site is optimized with the Yoast SEO plugin v25.6 - https:\/\/yoast.com\/wordpress\/plugins\/seo\/ -->\n<title>Serbia receives worst ever Reporters Without Borders Media Freedom Index rating<\/title>\n<meta name=\"robots\" content=\"index, follow, max-snippet:-1, max-image-preview:large, max-video-preview:-1\" \/>\n<link rel=\"canonical\" href=\"https:\/\/www.slavkocuruvijafondacija.rs\/en\/serbia-receives-worst-ever-reporters-without-borders-media-freedom-index-rating\/\" \/>\n<meta property=\"og:locale\" content=\"en_US\" \/>\n<meta property=\"og:type\" content=\"article\" \/>\n<meta property=\"og:title\" content=\"Serbia receives worst ever Reporters Without Borders Media Freedom Index rating\" \/>\n<meta property=\"og:description\" content=\"May 19, 2025 Serbia has never had a worse rating worse since Reporters Without Borders (RSF) began gauging levels of media freedom around the world. It now ranks 96th among 180 countries and territories. It has the lowest ranking in the region with the exception of Kosovo, which has fallen to 99th place. Serbia received fewer points but nonetheless advanced two places compared to last year, when it ranked 98th. Pavol Szalai, head of the Reporters Without Borders\u2019 EU-Balkans desk, [&hellip;]\" \/>\n<meta property=\"og:url\" content=\"https:\/\/www.slavkocuruvijafondacija.rs\/en\/serbia-receives-worst-ever-reporters-without-borders-media-freedom-index-rating\/\" \/>\n<meta property=\"og:site_name\" content=\"Slavko \u0106uruvija fondacija\" \/>\n<meta property=\"article:publisher\" content=\"https:\/\/www.facebook.com\/slavkocuruvijafondacija\/\" \/>\n<meta property=\"article:published_time\" content=\"2025-05-19T09:38:03+00:00\" \/>\n<meta property=\"og:image\" content=\"https:\/\/www.slavkocuruvijafondacija.rs\/wp-content\/uploads\/2024\/01\/rsf-logo.png\" \/>\n\t<meta property=\"og:image:width\" content=\"1000\" \/>\n\t<meta property=\"og:image:height\" content=\"626\" \/>\n\t<meta property=\"og:image:type\" content=\"image\/png\" \/>\n<meta name=\"author\" content=\"Vojin Mitrovic\" \/>\n<meta name=\"twitter:card\" content=\"summary_large_image\" \/>\n<meta name=\"twitter:creator\" content=\"@scfondacija\" \/>\n<meta name=\"twitter:site\" content=\"@scfondacija\" \/>\n<meta name=\"twitter:label1\" content=\"Written by\" \/>\n\t<meta name=\"twitter:data1\" content=\"Vojin Mitrovic\" \/>\n\t<meta name=\"twitter:label2\" content=\"Est. reading time\" \/>\n\t<meta name=\"twitter:data2\" content=\"1 minute\" \/>\n<script type=\"application\/ld+json\" class=\"yoast-schema-graph\">{\"@context\":\"https:\/\/schema.org\",\"@graph\":[{\"@type\":\"Article\",\"@id\":\"https:\/\/www.slavkocuruvijafondacija.rs\/en\/serbia-receives-worst-ever-reporters-without-borders-media-freedom-index-rating\/#article\",\"isPartOf\":{\"@id\":\"https:\/\/www.slavkocuruvijafondacija.rs\/en\/serbia-receives-worst-ever-reporters-without-borders-media-freedom-index-rating\/\"},\"author\":{\"name\":\"Vojin Mitrovic\",\"@id\":\"https:\/\/www.slavkocuruvijafondacija.rs\/#\/schema\/person\/d235fc303ee4385f0d60f7be176eb741\"},\"headline\":\"Serbia receives worst ever Reporters Without Borders Media Freedom Index rating\",\"datePublished\":\"2025-05-19T09:38:03+00:00\",\"mainEntityOfPage\":{\"@id\":\"https:\/\/www.slavkocuruvijafondacija.rs\/en\/serbia-receives-worst-ever-reporters-without-borders-media-freedom-index-rating\/\"},\"wordCount\":218,\"publisher\":{\"@id\":\"https:\/\/www.slavkocuruvijafondacija.rs\/#organization\"},\"image\":{\"@id\":\"https:\/\/www.slavkocuruvijafondacija.rs\/en\/serbia-receives-worst-ever-reporters-without-borders-media-freedom-index-rating\/#primaryimage\"},\"thumbnailUrl\":\"https:\/\/www.slavkocuruvijafondacija.rs\/wp-content\/uploads\/2024\/01\/rsf-logo.png\",\"articleSection\":[\"News\"],\"inLanguage\":\"en-US\"},{\"@type\":\"WebPage\",\"@id\":\"https:\/\/www.slavkocuruvijafondacija.rs\/en\/serbia-receives-worst-ever-reporters-without-borders-media-freedom-index-rating\/\",\"url\":\"https:\/\/www.slavkocuruvijafondacija.rs\/en\/serbia-receives-worst-ever-reporters-without-borders-media-freedom-index-rating\/\",\"name\":\"Serbia receives worst ever Reporters Without Borders Media Freedom Index rating\",\"isPartOf\":{\"@id\":\"https:\/\/www.slavkocuruvijafondacija.rs\/#website\"},\"primaryImageOfPage\":{\"@id\":\"https:\/\/www.slavkocuruvijafondacija.rs\/en\/serbia-receives-worst-ever-reporters-without-borders-media-freedom-index-rating\/#primaryimage\"},\"image\":{\"@id\":\"https:\/\/www.slavkocuruvijafondacija.rs\/en\/serbia-receives-worst-ever-reporters-without-borders-media-freedom-index-rating\/#primaryimage\"},\"thumbnailUrl\":\"https:\/\/www.slavkocuruvijafondacija.rs\/wp-content\/uploads\/2024\/01\/rsf-logo.png\",\"datePublished\":\"2025-05-19T09:38:03+00:00\",\"inLanguage\":\"en-US\",\"potentialAction\":[{\"@type\":\"ReadAction\",\"target\":[\"https:\/\/www.slavkocuruvijafondacija.rs\/en\/serbia-receives-worst-ever-reporters-without-borders-media-freedom-index-rating\/\"]}]},{\"@type\":\"ImageObject\",\"inLanguage\":\"en-US\",\"@id\":\"https:\/\/www.slavkocuruvijafondacija.rs\/en\/serbia-receives-worst-ever-reporters-without-borders-media-freedom-index-rating\/#primaryimage\",\"url\":\"https:\/\/www.slavkocuruvijafondacija.rs\/wp-content\/uploads\/2024\/01\/rsf-logo.png\",\"contentUrl\":\"https:\/\/www.slavkocuruvijafondacija.rs\/wp-content\/uploads\/2024\/01\/rsf-logo.png\",\"width\":1000,\"height\":626},{\"@type\":\"WebSite\",\"@id\":\"https:\/\/www.slavkocuruvijafondacija.rs\/#website\",\"url\":\"https:\/\/www.slavkocuruvijafondacija.rs\/\",\"name\":\"Slavko \u0106uruvija fondacija\",\"description\":\"Slavko \u0106uruvija fondacija (S\u0106F) radi na promociji i unapre\u0111enju slobodnih, nezavisnih i odgovornih medija u Srbiji.\",\"publisher\":{\"@id\":\"https:\/\/www.slavkocuruvijafondacija.rs\/#organization\"},\"potentialAction\":[{\"@type\":\"SearchAction\",\"target\":{\"@type\":\"EntryPoint\",\"urlTemplate\":\"https:\/\/www.slavkocuruvijafondacija.rs\/?s={search_term_string}\"},\"query-input\":{\"@type\":\"PropertyValueSpecification\",\"valueRequired\":true,\"valueName\":\"search_term_string\"}}],\"inLanguage\":\"en-US\"},{\"@type\":\"Organization\",\"@id\":\"https:\/\/www.slavkocuruvijafondacija.rs\/#organization\",\"name\":\"Slavko Curuvija Foundation\",\"url\":\"https:\/\/www.slavkocuruvijafondacija.rs\/\",\"logo\":{\"@type\":\"ImageObject\",\"inLanguage\":\"en-US\",\"@id\":\"https:\/\/www.slavkocuruvijafondacija.rs\/#\/schema\/logo\/image\/\",\"url\":\"https:\/\/www.slavkocuruvijafondacija.rs\/wp-content\/uploads\/2021\/03\/SCF-Logo-900-600.jpg\",\"contentUrl\":\"https:\/\/www.slavkocuruvijafondacija.rs\/wp-content\/uploads\/2021\/03\/SCF-Logo-900-600.jpg\",\"width\":900,\"height\":600,\"caption\":\"Slavko Curuvija Foundation\"},\"image\":{\"@id\":\"https:\/\/www.slavkocuruvijafondacija.rs\/#\/schema\/logo\/image\/\"},\"sameAs\":[\"https:\/\/www.facebook.com\/slavkocuruvijafondacija\/\",\"https:\/\/x.com\/scfondacija\",\"https:\/\/www.instagram.com\/slavko_curuvija_fondacija\/\",\"https:\/\/www.linkedin.com\/company\/slavko-curuvija-foundation\/\",\"https:\/\/www.youtube.com\/channel\/UCEDcWS1sfG6qvaiBvVJJVRQ\"]},{\"@type\":\"Person\",\"@id\":\"https:\/\/www.slavkocuruvijafondacija.rs\/#\/schema\/person\/d235fc303ee4385f0d60f7be176eb741\",\"name\":\"Vojin Mitrovic\",\"image\":{\"@type\":\"ImageObject\",\"inLanguage\":\"en-US\",\"@id\":\"https:\/\/www.slavkocuruvijafondacija.rs\/#\/schema\/person\/image\/\",\"url\":\"https:\/\/secure.gravatar.com\/avatar\/ac7796564557f0f54e187b1b171f1796a9afbb07e218a2a28395548648bd49e1?s=96&d=mm&r=g\",\"contentUrl\":\"https:\/\/secure.gravatar.com\/avatar\/ac7796564557f0f54e187b1b171f1796a9afbb07e218a2a28395548648bd49e1?s=96&d=mm&r=g\",\"caption\":\"Vojin Mitrovic\"},\"url\":\"https:\/\/www.slavkocuruvijafondacija.rs\/en\/author\/vojin\/\"}]}<\/script>\n<!-- \/ Yoast SEO plugin. -->","yoast_head_json":{"title":"Serbia receives worst ever Reporters Without Borders Media Freedom Index rating","robots":{"index":"index","follow":"follow","max-snippet":"max-snippet:-1","max-image-preview":"max-image-preview:large","max-video-preview":"max-video-preview:-1"},"canonical":"https:\/\/www.slavkocuruvijafondacija.rs\/en\/serbia-receives-worst-ever-reporters-without-borders-media-freedom-index-rating\/","og_locale":"en_US","og_type":"article","og_title":"Serbia receives worst ever Reporters Without Borders Media Freedom Index rating","og_description":"May 19, 2025 Serbia has never had a worse rating worse since Reporters Without Borders (RSF) began gauging levels of media freedom around the world. It now ranks 96th among 180 countries and territories. It has the lowest ranking in the region with the exception of Kosovo, which has fallen to 99th place. Serbia received fewer points but nonetheless advanced two places compared to last year, when it ranked 98th. Pavol Szalai, head of the Reporters Without Borders\u2019 EU-Balkans desk, [&hellip;]","og_url":"https:\/\/www.slavkocuruvijafondacija.rs\/en\/serbia-receives-worst-ever-reporters-without-borders-media-freedom-index-rating\/","og_site_name":"Slavko \u0106uruvija fondacija","article_publisher":"https:\/\/www.facebook.com\/slavkocuruvijafondacija\/","article_published_time":"2025-05-19T09:38:03+00:00","og_image":[{"width":1000,"height":626,"url":"https:\/\/www.slavkocuruvijafondacija.rs\/wp-content\/uploads\/2024\/01\/rsf-logo.png","type":"image\/png"}],"author":"Vojin Mitrovic","twitter_card":"summary_large_image","twitter_creator":"@scfondacija","twitter_site":"@scfondacija","twitter_misc":{"Written by":"Vojin Mitrovic","Est. reading time":"1 minute"},"schema":{"@context":"https:\/\/schema.org","@graph":[{"@type":"Article","@id":"https:\/\/www.slavkocuruvijafondacija.rs\/en\/serbia-receives-worst-ever-reporters-without-borders-media-freedom-index-rating\/#article","isPartOf":{"@id":"https:\/\/www.slavkocuruvijafondacija.rs\/en\/serbia-receives-worst-ever-reporters-without-borders-media-freedom-index-rating\/"},"author":{"name":"Vojin Mitrovic","@id":"https:\/\/www.slavkocuruvijafondacija.rs\/#\/schema\/person\/d235fc303ee4385f0d60f7be176eb741"},"headline":"Serbia receives worst ever Reporters Without Borders Media Freedom Index rating","datePublished":"2025-05-19T09:38:03+00:00","mainEntityOfPage":{"@id":"https:\/\/www.slavkocuruvijafondacija.rs\/en\/serbia-receives-worst-ever-reporters-without-borders-media-freedom-index-rating\/"},"wordCount":218,"publisher":{"@id":"https:\/\/www.slavkocuruvijafondacija.rs\/#organization"},"image":{"@id":"https:\/\/www.slavkocuruvijafondacija.rs\/en\/serbia-receives-worst-ever-reporters-without-borders-media-freedom-index-rating\/#primaryimage"},"thumbnailUrl":"https:\/\/www.slavkocuruvijafondacija.rs\/wp-content\/uploads\/2024\/01\/rsf-logo.png","articleSection":["News"],"inLanguage":"en-US"},{"@type":"WebPage","@id":"https:\/\/www.slavkocuruvijafondacija.rs\/en\/serbia-receives-worst-ever-reporters-without-borders-media-freedom-index-rating\/","url":"https:\/\/www.slavkocuruvijafondacija.rs\/en\/serbia-receives-worst-ever-reporters-without-borders-media-freedom-index-rating\/","name":"Serbia receives worst ever Reporters Without Borders Media Freedom Index rating","isPartOf":{"@id":"https:\/\/www.slavkocuruvijafondacija.rs\/#website"},"primaryImageOfPage":{"@id":"https:\/\/www.slavkocuruvijafondacija.rs\/en\/serbia-receives-worst-ever-reporters-without-borders-media-freedom-index-rating\/#primaryimage"},"image":{"@id":"https:\/\/www.slavkocuruvijafondacija.rs\/en\/serbia-receives-worst-ever-reporters-without-borders-media-freedom-index-rating\/#primaryimage"},"thumbnailUrl":"https:\/\/www.slavkocuruvijafondacija.rs\/wp-content\/uploads\/2024\/01\/rsf-logo.png","datePublished":"2025-05-19T09:38:03+00:00","inLanguage":"en-US","potentialAction":[{"@type":"ReadAction","target":["https:\/\/www.slavkocuruvijafondacija.rs\/en\/serbia-receives-worst-ever-reporters-without-borders-media-freedom-index-rating\/"]}]},{"@type":"ImageObject","inLanguage":"en-US","@id":"https:\/\/www.slavkocuruvijafondacija.rs\/en\/serbia-receives-worst-ever-reporters-without-borders-media-freedom-index-rating\/#primaryimage","url":"https:\/\/www.slavkocuruvijafondacija.rs\/wp-content\/uploads\/2024\/01\/rsf-logo.png","contentUrl":"https:\/\/www.slavkocuruvijafondacija.rs\/wp-content\/uploads\/2024\/01\/rsf-logo.png","width":1000,"height":626},{"@type":"WebSite","@id":"https:\/\/www.slavkocuruvijafondacija.rs\/#website","url":"https:\/\/www.slavkocuruvijafondacija.rs\/","name":"Slavko \u0106uruvija fondacija","description":"Slavko \u0106uruvija fondacija (S\u0106F) radi na promociji i unapre\u0111enju slobodnih, nezavisnih i odgovornih medija u Srbiji.","publisher":{"@id":"https:\/\/www.slavkocuruvijafondacija.rs\/#organization"},"potentialAction":[{"@type":"SearchAction","target":{"@type":"EntryPoint","urlTemplate":"https:\/\/www.slavkocuruvijafondacija.rs\/?s={search_term_string}"},"query-input":{"@type":"PropertyValueSpecification","valueRequired":true,"valueName":"search_term_string"}}],"inLanguage":"en-US"},{"@type":"Organization","@id":"https:\/\/www.slavkocuruvijafondacija.rs\/#organization","name":"Slavko Curuvija Foundation","url":"https:\/\/www.slavkocuruvijafondacija.rs\/","logo":{"@type":"ImageObject","inLanguage":"en-US","@id":"https:\/\/www.slavkocuruvijafondacija.rs\/#\/schema\/logo\/image\/","url":"https:\/\/www.slavkocuruvijafondacija.rs\/wp-content\/uploads\/2021\/03\/SCF-Logo-900-600.jpg","contentUrl":"https:\/\/www.slavkocuruvijafondacija.rs\/wp-content\/uploads\/2021\/03\/SCF-Logo-900-600.jpg","width":900,"height":600,"caption":"Slavko Curuvija Foundation"},"image":{"@id":"https:\/\/www.slavkocuruvijafondacija.rs\/#\/schema\/logo\/image\/"},"sameAs":["https:\/\/www.facebook.com\/slavkocuruvijafondacija\/","https:\/\/x.com\/scfondacija","https:\/\/www.instagram.com\/slavko_curuvija_fondacija\/","https:\/\/www.linkedin.com\/company\/slavko-curuvija-foundation\/","https:\/\/www.youtube.com\/channel\/UCEDcWS1sfG6qvaiBvVJJVRQ"]},{"@type":"Person","@id":"https:\/\/www.slavkocuruvijafondacija.rs\/#\/schema\/person\/d235fc303ee4385f0d60f7be176eb741","name":"Vojin Mitrovic","image":{"@type":"ImageObject","inLanguage":"en-US","@id":"https:\/\/www.slavkocuruvijafondacija.rs\/#\/schema\/person\/image\/","url":"https:\/\/secure.gravatar.com\/avatar\/ac7796564557f0f54e187b1b171f1796a9afbb07e218a2a28395548648bd49e1?s=96&d=mm&r=g","contentUrl":"https:\/\/secure.gravatar.com\/avatar\/ac7796564557f0f54e187b1b171f1796a9afbb07e218a2a28395548648bd49e1?s=96&d=mm&r=g","caption":"Vojin Mitrovic"},"url":"https:\/\/www.slavkocuruvijafondacija.rs\/en\/author\/vojin\/"}]}},"_links":{"self":[{"href":"https:\/\/www.slavkocuruvijafondacija.rs\/en\/wp-json\/wp\/v2\/posts\/10221","targetHints":{"allow":["GET"]}}],"collection":[{"href":"https:\/\/www.slavkocuruvijafondacija.rs\/en\/wp-json\/wp\/v2\/posts"}],"about":[{"href":"https:\/\/www.slavkocuruvijafondacija.rs\/en\/wp-json\/wp\/v2\/types\/post"}],"author":[{"embeddable":true,"href":"https:\/\/www.slavkocuruvijafondacija.rs\/en\/wp-json\/wp\/v2\/users\/4"}],"replies":[{"embeddable":true,"href":"https:\/\/www.slavkocuruvijafondacija.rs\/en\/wp-json\/wp\/v2\/comments?post=10221"}],"version-history":[{"count":1,"href":"https:\/\/www.slavkocuruvijafondacija.rs\/en\/wp-json\/wp\/v2\/posts\/10221\/revisions"}],"predecessor-version":[{"id":10222,"href":"https:\/\/www.slavkocuruvijafondacija.rs\/en\/wp-json\/wp\/v2\/posts\/10221\/revisions\/10222"}],"wp:featuredmedia":[{"embeddable":true,"href":"https:\/\/www.slavkocuruvijafondacija.rs\/en\/wp-json\/wp\/v2\/media\/9335"}],"wp:attachment":[{"href":"https:\/\/www.slavkocuruvijafondacija.rs\/en\/wp-json\/wp\/v2\/media?parent=10221"}],"wp:term":[{"taxonomy":"category","embeddable":true,"href":"https:\/\/www.slavkocuruvijafondacija.rs\/en\/wp-json\/wp\/v2\/categories?post=10221"},{"taxonomy":"post_tag","embeddable":true,"href":"https:\/\/www.slavkocuruvijafondacija.rs\/en\/wp-json\/wp\/v2\/tags?post=10221"}],"curies":[{"name":"wp","href":"https:\/\/api.w.org\/{rel}","templated":true}]}}