{"id":10179,"date":"2025-03-31T11:45:21","date_gmt":"2025-03-31T09:45:21","guid":{"rendered":"https:\/\/www.slavkocuruvijafondacija.rs\/?p=10179"},"modified":"2025-04-17T11:46:03","modified_gmt":"2025-04-17T09:46:03","slug":"prosecution-restricts-freedom-of-expression-and-media-freedom","status":"publish","type":"post","link":"https:\/\/www.slavkocuruvijafondacija.rs\/en\/prosecution-restricts-freedom-of-expression-and-media-freedom\/","title":{"rendered":"Prosecution restricts freedom of expression and media freedom"},"content":{"rendered":"<p>March 31, 2025<\/p>\n<hr \/>\n<h2>In parallel with the threats directed towards their fellow prosecutors by the president, the Higher Public Prosecutor\u2019s Office is leading an investigation aimed at uncovering who spread \u201cfalse information\u201d to the public about the use of sonic weapons at the large student and citizen protest of 15<sup>th<\/sup> March, accusing them of the criminal offence of \u201ccausing panic and disorder\u201d.<\/h2>\n<p>Individual media outlets and NGOs have announced that a large number of citizens reported to health institutions following the 15<sup>th<\/sup> March protest with injuries that could be consistent with the use of sonic weapons.<\/p>\n<p>Government representatives insist that sonic weapons were not used, but rather the stampede that erupted at the protest was a result of panic.<\/p>\n<p>It is particularly peculiar that the prosecution service launched its investigation into the alleged incitement of panic <a href=\"https:\/\/cenzolovka.us15.list-manage.com\/track\/click?u=d1201177412f3a08492b7ba0a&amp;id=bc0d0163d7&amp;e=7a87526103\">prior to even attempting to determine<\/a> if weapons were used against protesters during the protests and, if so, what kind.<\/p>\n<p>The Coalition for Media Freedom, ANEM, Civic Initiatives and the Youth Initiative for Human Rights have all assessed that such action on the part of public prosecutors could have far-reaching consequences for media freedom and freedom of expression.<\/p>\n<p>\u201cThe establishing of a case over the spreading of panic prior to the presenting of official information about the event itself could have a negative impact on the informing of the public and represents direct pressure on, and a threat to, freedom of expression and opinion,\u201d state these organisations in a statement.<\/p>\n","protected":false},"excerpt":{"rendered":"<p>March 31, 2025 In parallel with the threats directed towards their fellow prosecutors by the president, the Higher Public Prosecutor\u2019s Office is leading an investigation aimed at uncovering who spread \u201cfalse information\u201d to the public about the use of sonic weapons at the large student and citizen protest of 15th March, accusing them of the criminal offence of \u201ccausing panic and disorder\u201d. Individual media outlets and NGOs have announced that a large number of citizens reported to health institutions following [&hellip;]<\/p>\n","protected":false},"author":4,"featured_media":4170,"comment_status":"closed","ping_status":"open","sticky":false,"template":"","format":"standard","meta":{"footnotes":""},"categories":[8],"tags":[],"class_list":["post-10179","post","type-post","status-publish","format-standard","has-post-thumbnail","hentry","category-content-en"],"yoast_head":"<!-- This site is optimized with the Yoast SEO plugin v25.6 - https:\/\/yoast.com\/wordpress\/plugins\/seo\/ -->\n<title>Prosecution restricts freedom of expression and media freedom<\/title>\n<meta name=\"robots\" content=\"index, follow, max-snippet:-1, max-image-preview:large, max-video-preview:-1\" \/>\n<link rel=\"canonical\" href=\"https:\/\/www.slavkocuruvijafondacija.rs\/en\/prosecution-restricts-freedom-of-expression-and-media-freedom\/\" \/>\n<meta property=\"og:locale\" content=\"en_US\" \/>\n<meta property=\"og:type\" content=\"article\" \/>\n<meta property=\"og:title\" content=\"Prosecution restricts freedom of expression and media freedom\" \/>\n<meta property=\"og:description\" content=\"March 31, 2025 In parallel with the threats directed towards their fellow prosecutors by the president, the Higher Public Prosecutor\u2019s Office is leading an investigation aimed at uncovering who spread \u201cfalse information\u201d to the public about the use of sonic weapons at the large student and citizen protest of 15th March, accusing them of the criminal offence of \u201ccausing panic and disorder\u201d. Individual media outlets and NGOs have announced that a large number of citizens reported to health institutions following [&hellip;]\" \/>\n<meta property=\"og:url\" content=\"https:\/\/www.slavkocuruvijafondacija.rs\/en\/prosecution-restricts-freedom-of-expression-and-media-freedom\/\" \/>\n<meta property=\"og:site_name\" content=\"Slavko \u0106uruvija fondacija\" \/>\n<meta property=\"article:publisher\" content=\"https:\/\/www.facebook.com\/slavkocuruvijafondacija\/\" \/>\n<meta property=\"article:published_time\" content=\"2025-03-31T09:45:21+00:00\" \/>\n<meta property=\"article:modified_time\" content=\"2025-04-17T09:46:03+00:00\" \/>\n<meta property=\"og:image\" content=\"https:\/\/www.slavkocuruvijafondacija.rs\/wp-content\/uploads\/2017\/12\/files_flickr.jpg\" \/>\n\t<meta property=\"og:image:width\" content=\"1024\" \/>\n\t<meta property=\"og:image:height\" content=\"683\" \/>\n\t<meta property=\"og:image:type\" content=\"image\/jpeg\" \/>\n<meta name=\"author\" content=\"Vojin Mitrovic\" \/>\n<meta name=\"twitter:card\" content=\"summary_large_image\" \/>\n<meta name=\"twitter:creator\" content=\"@scfondacija\" \/>\n<meta name=\"twitter:site\" content=\"@scfondacija\" \/>\n<meta name=\"twitter:label1\" content=\"Written by\" \/>\n\t<meta name=\"twitter:data1\" content=\"Vojin Mitrovic\" \/>\n\t<meta name=\"twitter:label2\" content=\"Est. reading time\" \/>\n\t<meta name=\"twitter:data2\" content=\"2 minutes\" \/>\n<script type=\"application\/ld+json\" class=\"yoast-schema-graph\">{\"@context\":\"https:\/\/schema.org\",\"@graph\":[{\"@type\":\"Article\",\"@id\":\"https:\/\/www.slavkocuruvijafondacija.rs\/en\/prosecution-restricts-freedom-of-expression-and-media-freedom\/#article\",\"isPartOf\":{\"@id\":\"https:\/\/www.slavkocuruvijafondacija.rs\/en\/prosecution-restricts-freedom-of-expression-and-media-freedom\/\"},\"author\":{\"name\":\"Vojin Mitrovic\",\"@id\":\"https:\/\/www.slavkocuruvijafondacija.rs\/#\/schema\/person\/d235fc303ee4385f0d60f7be176eb741\"},\"headline\":\"Prosecution restricts freedom of expression and media freedom\",\"datePublished\":\"2025-03-31T09:45:21+00:00\",\"dateModified\":\"2025-04-17T09:46:03+00:00\",\"mainEntityOfPage\":{\"@id\":\"https:\/\/www.slavkocuruvijafondacija.rs\/en\/prosecution-restricts-freedom-of-expression-and-media-freedom\/\"},\"wordCount\":253,\"publisher\":{\"@id\":\"https:\/\/www.slavkocuruvijafondacija.rs\/#organization\"},\"image\":{\"@id\":\"https:\/\/www.slavkocuruvijafondacija.rs\/en\/prosecution-restricts-freedom-of-expression-and-media-freedom\/#primaryimage\"},\"thumbnailUrl\":\"https:\/\/www.slavkocuruvijafondacija.rs\/wp-content\/uploads\/2017\/12\/files_flickr.jpg\",\"articleSection\":[\"News\"],\"inLanguage\":\"en-US\"},{\"@type\":\"WebPage\",\"@id\":\"https:\/\/www.slavkocuruvijafondacija.rs\/en\/prosecution-restricts-freedom-of-expression-and-media-freedom\/\",\"url\":\"https:\/\/www.slavkocuruvijafondacija.rs\/en\/prosecution-restricts-freedom-of-expression-and-media-freedom\/\",\"name\":\"Prosecution restricts freedom of expression and media freedom\",\"isPartOf\":{\"@id\":\"https:\/\/www.slavkocuruvijafondacija.rs\/#website\"},\"primaryImageOfPage\":{\"@id\":\"https:\/\/www.slavkocuruvijafondacija.rs\/en\/prosecution-restricts-freedom-of-expression-and-media-freedom\/#primaryimage\"},\"image\":{\"@id\":\"https:\/\/www.slavkocuruvijafondacija.rs\/en\/prosecution-restricts-freedom-of-expression-and-media-freedom\/#primaryimage\"},\"thumbnailUrl\":\"https:\/\/www.slavkocuruvijafondacija.rs\/wp-content\/uploads\/2017\/12\/files_flickr.jpg\",\"datePublished\":\"2025-03-31T09:45:21+00:00\",\"dateModified\":\"2025-04-17T09:46:03+00:00\",\"inLanguage\":\"en-US\",\"potentialAction\":[{\"@type\":\"ReadAction\",\"target\":[\"https:\/\/www.slavkocuruvijafondacija.rs\/en\/prosecution-restricts-freedom-of-expression-and-media-freedom\/\"]}]},{\"@type\":\"ImageObject\",\"inLanguage\":\"en-US\",\"@id\":\"https:\/\/www.slavkocuruvijafondacija.rs\/en\/prosecution-restricts-freedom-of-expression-and-media-freedom\/#primaryimage\",\"url\":\"https:\/\/www.slavkocuruvijafondacija.rs\/wp-content\/uploads\/2017\/12\/files_flickr.jpg\",\"contentUrl\":\"https:\/\/www.slavkocuruvijafondacija.rs\/wp-content\/uploads\/2017\/12\/files_flickr.jpg\",\"width\":1024,\"height\":683},{\"@type\":\"WebSite\",\"@id\":\"https:\/\/www.slavkocuruvijafondacija.rs\/#website\",\"url\":\"https:\/\/www.slavkocuruvijafondacija.rs\/\",\"name\":\"Slavko \u0106uruvija fondacija\",\"description\":\"Slavko \u0106uruvija fondacija (S\u0106F) radi na promociji i unapre\u0111enju slobodnih, nezavisnih i odgovornih medija u Srbiji.\",\"publisher\":{\"@id\":\"https:\/\/www.slavkocuruvijafondacija.rs\/#organization\"},\"potentialAction\":[{\"@type\":\"SearchAction\",\"target\":{\"@type\":\"EntryPoint\",\"urlTemplate\":\"https:\/\/www.slavkocuruvijafondacija.rs\/?s={search_term_string}\"},\"query-input\":{\"@type\":\"PropertyValueSpecification\",\"valueRequired\":true,\"valueName\":\"search_term_string\"}}],\"inLanguage\":\"en-US\"},{\"@type\":\"Organization\",\"@id\":\"https:\/\/www.slavkocuruvijafondacija.rs\/#organization\",\"name\":\"Slavko Curuvija Foundation\",\"url\":\"https:\/\/www.slavkocuruvijafondacija.rs\/\",\"logo\":{\"@type\":\"ImageObject\",\"inLanguage\":\"en-US\",\"@id\":\"https:\/\/www.slavkocuruvijafondacija.rs\/#\/schema\/logo\/image\/\",\"url\":\"https:\/\/www.slavkocuruvijafondacija.rs\/wp-content\/uploads\/2021\/03\/SCF-Logo-900-600.jpg\",\"contentUrl\":\"https:\/\/www.slavkocuruvijafondacija.rs\/wp-content\/uploads\/2021\/03\/SCF-Logo-900-600.jpg\",\"width\":900,\"height\":600,\"caption\":\"Slavko Curuvija Foundation\"},\"image\":{\"@id\":\"https:\/\/www.slavkocuruvijafondacija.rs\/#\/schema\/logo\/image\/\"},\"sameAs\":[\"https:\/\/www.facebook.com\/slavkocuruvijafondacija\/\",\"https:\/\/x.com\/scfondacija\",\"https:\/\/www.instagram.com\/slavko_curuvija_fondacija\/\",\"https:\/\/www.linkedin.com\/company\/slavko-curuvija-foundation\/\",\"https:\/\/www.youtube.com\/channel\/UCEDcWS1sfG6qvaiBvVJJVRQ\"]},{\"@type\":\"Person\",\"@id\":\"https:\/\/www.slavkocuruvijafondacija.rs\/#\/schema\/person\/d235fc303ee4385f0d60f7be176eb741\",\"name\":\"Vojin Mitrovic\",\"image\":{\"@type\":\"ImageObject\",\"inLanguage\":\"en-US\",\"@id\":\"https:\/\/www.slavkocuruvijafondacija.rs\/#\/schema\/person\/image\/\",\"url\":\"https:\/\/secure.gravatar.com\/avatar\/ac7796564557f0f54e187b1b171f1796a9afbb07e218a2a28395548648bd49e1?s=96&d=mm&r=g\",\"contentUrl\":\"https:\/\/secure.gravatar.com\/avatar\/ac7796564557f0f54e187b1b171f1796a9afbb07e218a2a28395548648bd49e1?s=96&d=mm&r=g\",\"caption\":\"Vojin Mitrovic\"},\"url\":\"https:\/\/www.slavkocuruvijafondacija.rs\/en\/author\/vojin\/\"}]}<\/script>\n<!-- \/ Yoast SEO plugin. -->","yoast_head_json":{"title":"Prosecution restricts freedom of expression and media freedom","robots":{"index":"index","follow":"follow","max-snippet":"max-snippet:-1","max-image-preview":"max-image-preview:large","max-video-preview":"max-video-preview:-1"},"canonical":"https:\/\/www.slavkocuruvijafondacija.rs\/en\/prosecution-restricts-freedom-of-expression-and-media-freedom\/","og_locale":"en_US","og_type":"article","og_title":"Prosecution restricts freedom of expression and media freedom","og_description":"March 31, 2025 In parallel with the threats directed towards their fellow prosecutors by the president, the Higher Public Prosecutor\u2019s Office is leading an investigation aimed at uncovering who spread \u201cfalse information\u201d to the public about the use of sonic weapons at the large student and citizen protest of 15th March, accusing them of the criminal offence of \u201ccausing panic and disorder\u201d. Individual media outlets and NGOs have announced that a large number of citizens reported to health institutions following [&hellip;]","og_url":"https:\/\/www.slavkocuruvijafondacija.rs\/en\/prosecution-restricts-freedom-of-expression-and-media-freedom\/","og_site_name":"Slavko \u0106uruvija fondacija","article_publisher":"https:\/\/www.facebook.com\/slavkocuruvijafondacija\/","article_published_time":"2025-03-31T09:45:21+00:00","article_modified_time":"2025-04-17T09:46:03+00:00","og_image":[{"width":1024,"height":683,"url":"https:\/\/www.slavkocuruvijafondacija.rs\/wp-content\/uploads\/2017\/12\/files_flickr.jpg","type":"image\/jpeg"}],"author":"Vojin Mitrovic","twitter_card":"summary_large_image","twitter_creator":"@scfondacija","twitter_site":"@scfondacija","twitter_misc":{"Written by":"Vojin Mitrovic","Est. reading time":"2 minutes"},"schema":{"@context":"https:\/\/schema.org","@graph":[{"@type":"Article","@id":"https:\/\/www.slavkocuruvijafondacija.rs\/en\/prosecution-restricts-freedom-of-expression-and-media-freedom\/#article","isPartOf":{"@id":"https:\/\/www.slavkocuruvijafondacija.rs\/en\/prosecution-restricts-freedom-of-expression-and-media-freedom\/"},"author":{"name":"Vojin Mitrovic","@id":"https:\/\/www.slavkocuruvijafondacija.rs\/#\/schema\/person\/d235fc303ee4385f0d60f7be176eb741"},"headline":"Prosecution restricts freedom of expression and media freedom","datePublished":"2025-03-31T09:45:21+00:00","dateModified":"2025-04-17T09:46:03+00:00","mainEntityOfPage":{"@id":"https:\/\/www.slavkocuruvijafondacija.rs\/en\/prosecution-restricts-freedom-of-expression-and-media-freedom\/"},"wordCount":253,"publisher":{"@id":"https:\/\/www.slavkocuruvijafondacija.rs\/#organization"},"image":{"@id":"https:\/\/www.slavkocuruvijafondacija.rs\/en\/prosecution-restricts-freedom-of-expression-and-media-freedom\/#primaryimage"},"thumbnailUrl":"https:\/\/www.slavkocuruvijafondacija.rs\/wp-content\/uploads\/2017\/12\/files_flickr.jpg","articleSection":["News"],"inLanguage":"en-US"},{"@type":"WebPage","@id":"https:\/\/www.slavkocuruvijafondacija.rs\/en\/prosecution-restricts-freedom-of-expression-and-media-freedom\/","url":"https:\/\/www.slavkocuruvijafondacija.rs\/en\/prosecution-restricts-freedom-of-expression-and-media-freedom\/","name":"Prosecution restricts freedom of expression and media freedom","isPartOf":{"@id":"https:\/\/www.slavkocuruvijafondacija.rs\/#website"},"primaryImageOfPage":{"@id":"https:\/\/www.slavkocuruvijafondacija.rs\/en\/prosecution-restricts-freedom-of-expression-and-media-freedom\/#primaryimage"},"image":{"@id":"https:\/\/www.slavkocuruvijafondacija.rs\/en\/prosecution-restricts-freedom-of-expression-and-media-freedom\/#primaryimage"},"thumbnailUrl":"https:\/\/www.slavkocuruvijafondacija.rs\/wp-content\/uploads\/2017\/12\/files_flickr.jpg","datePublished":"2025-03-31T09:45:21+00:00","dateModified":"2025-04-17T09:46:03+00:00","inLanguage":"en-US","potentialAction":[{"@type":"ReadAction","target":["https:\/\/www.slavkocuruvijafondacija.rs\/en\/prosecution-restricts-freedom-of-expression-and-media-freedom\/"]}]},{"@type":"ImageObject","inLanguage":"en-US","@id":"https:\/\/www.slavkocuruvijafondacija.rs\/en\/prosecution-restricts-freedom-of-expression-and-media-freedom\/#primaryimage","url":"https:\/\/www.slavkocuruvijafondacija.rs\/wp-content\/uploads\/2017\/12\/files_flickr.jpg","contentUrl":"https:\/\/www.slavkocuruvijafondacija.rs\/wp-content\/uploads\/2017\/12\/files_flickr.jpg","width":1024,"height":683},{"@type":"WebSite","@id":"https:\/\/www.slavkocuruvijafondacija.rs\/#website","url":"https:\/\/www.slavkocuruvijafondacija.rs\/","name":"Slavko \u0106uruvija fondacija","description":"Slavko \u0106uruvija fondacija (S\u0106F) radi na promociji i unapre\u0111enju slobodnih, nezavisnih i odgovornih medija u Srbiji.","publisher":{"@id":"https:\/\/www.slavkocuruvijafondacija.rs\/#organization"},"potentialAction":[{"@type":"SearchAction","target":{"@type":"EntryPoint","urlTemplate":"https:\/\/www.slavkocuruvijafondacija.rs\/?s={search_term_string}"},"query-input":{"@type":"PropertyValueSpecification","valueRequired":true,"valueName":"search_term_string"}}],"inLanguage":"en-US"},{"@type":"Organization","@id":"https:\/\/www.slavkocuruvijafondacija.rs\/#organization","name":"Slavko Curuvija Foundation","url":"https:\/\/www.slavkocuruvijafondacija.rs\/","logo":{"@type":"ImageObject","inLanguage":"en-US","@id":"https:\/\/www.slavkocuruvijafondacija.rs\/#\/schema\/logo\/image\/","url":"https:\/\/www.slavkocuruvijafondacija.rs\/wp-content\/uploads\/2021\/03\/SCF-Logo-900-600.jpg","contentUrl":"https:\/\/www.slavkocuruvijafondacija.rs\/wp-content\/uploads\/2021\/03\/SCF-Logo-900-600.jpg","width":900,"height":600,"caption":"Slavko Curuvija Foundation"},"image":{"@id":"https:\/\/www.slavkocuruvijafondacija.rs\/#\/schema\/logo\/image\/"},"sameAs":["https:\/\/www.facebook.com\/slavkocuruvijafondacija\/","https:\/\/x.com\/scfondacija","https:\/\/www.instagram.com\/slavko_curuvija_fondacija\/","https:\/\/www.linkedin.com\/company\/slavko-curuvija-foundation\/","https:\/\/www.youtube.com\/channel\/UCEDcWS1sfG6qvaiBvVJJVRQ"]},{"@type":"Person","@id":"https:\/\/www.slavkocuruvijafondacija.rs\/#\/schema\/person\/d235fc303ee4385f0d60f7be176eb741","name":"Vojin Mitrovic","image":{"@type":"ImageObject","inLanguage":"en-US","@id":"https:\/\/www.slavkocuruvijafondacija.rs\/#\/schema\/person\/image\/","url":"https:\/\/secure.gravatar.com\/avatar\/ac7796564557f0f54e187b1b171f1796a9afbb07e218a2a28395548648bd49e1?s=96&d=mm&r=g","contentUrl":"https:\/\/secure.gravatar.com\/avatar\/ac7796564557f0f54e187b1b171f1796a9afbb07e218a2a28395548648bd49e1?s=96&d=mm&r=g","caption":"Vojin Mitrovic"},"url":"https:\/\/www.slavkocuruvijafondacija.rs\/en\/author\/vojin\/"}]}},"_links":{"self":[{"href":"https:\/\/www.slavkocuruvijafondacija.rs\/en\/wp-json\/wp\/v2\/posts\/10179","targetHints":{"allow":["GET"]}}],"collection":[{"href":"https:\/\/www.slavkocuruvijafondacija.rs\/en\/wp-json\/wp\/v2\/posts"}],"about":[{"href":"https:\/\/www.slavkocuruvijafondacija.rs\/en\/wp-json\/wp\/v2\/types\/post"}],"author":[{"embeddable":true,"href":"https:\/\/www.slavkocuruvijafondacija.rs\/en\/wp-json\/wp\/v2\/users\/4"}],"replies":[{"embeddable":true,"href":"https:\/\/www.slavkocuruvijafondacija.rs\/en\/wp-json\/wp\/v2\/comments?post=10179"}],"version-history":[{"count":1,"href":"https:\/\/www.slavkocuruvijafondacija.rs\/en\/wp-json\/wp\/v2\/posts\/10179\/revisions"}],"predecessor-version":[{"id":10180,"href":"https:\/\/www.slavkocuruvijafondacija.rs\/en\/wp-json\/wp\/v2\/posts\/10179\/revisions\/10180"}],"wp:featuredmedia":[{"embeddable":true,"href":"https:\/\/www.slavkocuruvijafondacija.rs\/en\/wp-json\/wp\/v2\/media\/4170"}],"wp:attachment":[{"href":"https:\/\/www.slavkocuruvijafondacija.rs\/en\/wp-json\/wp\/v2\/media?parent=10179"}],"wp:term":[{"taxonomy":"category","embeddable":true,"href":"https:\/\/www.slavkocuruvijafondacija.rs\/en\/wp-json\/wp\/v2\/categories?post=10179"},{"taxonomy":"post_tag","embeddable":true,"href":"https:\/\/www.slavkocuruvijafondacija.rs\/en\/wp-json\/wp\/v2\/tags?post=10179"}],"curies":[{"name":"wp","href":"https:\/\/api.w.org\/{rel}","templated":true}]}}